{"id":97766,"date":"2019-08-06T21:05:35","date_gmt":"2019-08-07T00:05:35","guid":{"rendered":"http:\/\/www.hoymercedes.com.ar\/principal\/?p=97766"},"modified":"2019-08-06T21:05:35","modified_gmt":"2019-08-07T00:05:35","slug":"goles-de-juan-culio-por-la-champions-league-y-de-mauro-bustos-en-el-debut-en-cadu-video","status":"publish","type":"post","link":"https:\/\/www.hoymercedes.com.ar\/principal\/2019\/08\/06\/goles-de-juan-culio-por-la-champions-league-y-de-mauro-bustos-en-el-debut-en-cadu-video\/","title":{"rendered":"Goles de Juan Culio por la Champions League y de Mauro Bustos en el debut en CADU (video)"},"content":{"rendered":"\n<p>Buen inicio de temporada tuvieron los futbolistas de La Legi\u00f3n Mercedina, ya que en los primeros partidos han marcado goles. Primero lo hicieron Diego Ludue\u00f1a en Chivilcoy y Gonzalo P\u00e9rez en Luj\u00e1n y ahora marcaron Juan Culio y Mauro Bustos.<\/p>\n\n\n\n<figure class=\"wp-block-image\"><img loading=\"lazy\" decoding=\"async\" width=\"960\" height=\"638\" data-attachment-id=\"97768\" data-permalink=\"https:\/\/www.hoymercedes.com.ar\/principal\/2019\/08\/06\/goles-de-juan-culio-por-la-champions-league-y-de-mauro-bustos-en-el-debut-en-cadu-video\/juan-culio-gol\/#main\" data-orig-file=\"https:\/\/www.hoymercedes.com.ar\/principal\/wp-content\/uploads\/2019\/08\/Juan-Culio-Gol.jpg\" data-orig-size=\"960,638\" data-comments-opened=\"0\" data-image-meta=\"{&quot;aperture&quot;:&quot;0&quot;,&quot;credit&quot;:&quot;&quot;,&quot;camera&quot;:&quot;&quot;,&quot;caption&quot;:&quot;&quot;,&quot;created_timestamp&quot;:&quot;0&quot;,&quot;copyright&quot;:&quot;&quot;,&quot;focal_length&quot;:&quot;0&quot;,&quot;iso&quot;:&quot;0&quot;,&quot;shutter_speed&quot;:&quot;0&quot;,&quot;title&quot;:&quot;&quot;,&quot;orientation&quot;:&quot;0&quot;}\" data-image-title=\"Juan-Culio-Gol\" data-image-description=\"\" data-image-caption=\"\" data-large-file=\"https:\/\/www.hoymercedes.com.ar\/principal\/wp-content\/uploads\/2019\/08\/Juan-Culio-Gol.jpg\" src=\"https:\/\/www.hoymercedes.com.ar\/principal\/wp-content\/uploads\/2019\/08\/Juan-Culio-Gol.jpg\" alt=\"\" class=\"wp-image-97768\" srcset=\"https:\/\/www.hoymercedes.com.ar\/principal\/wp-content\/uploads\/2019\/08\/Juan-Culio-Gol.jpg 960w, https:\/\/www.hoymercedes.com.ar\/principal\/wp-content\/uploads\/2019\/08\/Juan-Culio-Gol-150x100.jpg 150w, https:\/\/www.hoymercedes.com.ar\/principal\/wp-content\/uploads\/2019\/08\/Juan-Culio-Gol-630x419.jpg 630w, https:\/\/www.hoymercedes.com.ar\/principal\/wp-content\/uploads\/2019\/08\/Juan-Culio-Gol-720x480.jpg 720w, https:\/\/www.hoymercedes.com.ar\/principal\/wp-content\/uploads\/2019\/08\/Juan-Culio-Gol-360x240.jpg 360w\" sizes=\"auto, (max-width: 960px) 100vw, 960px\" \/><\/figure>\n\n\n\n<p>En el caso de Culio, fue en el empate 2 a 2 del Cluj FC ante Maccabi Tel Aviv de Israel por el partido de vuelta de la Segunda Ronda de Clasificaci\u00f3n de la UEFA Champions League. En la ida, el Granate gan\u00f3 1 a 0 y en la vuelta, jugada en Israel, fue 2 a 2. Culio marc\u00f3 el empate transitorio de penal cuando iban 18 minutos del primer tiempo. El pr\u00f3ximo rival ser\u00e1\u00a0 el Celtic escoc\u00e9s \u00a0que viene de eliminar a\u00a0 N\u00f5mme Kalju de Estonia con marcadores de 5-0 y 2-0 para los escoceses. <\/p>\n\n\n\n<figure class=\"wp-block-image\"><img loading=\"lazy\" decoding=\"async\" width=\"630\" height=\"357\" data-attachment-id=\"97767\" data-permalink=\"https:\/\/www.hoymercedes.com.ar\/principal\/2019\/08\/06\/goles-de-juan-culio-por-la-champions-league-y-de-mauro-bustos-en-el-debut-en-cadu-video\/mauro-bustos-cadu-gol\/#main\" data-orig-file=\"https:\/\/www.hoymercedes.com.ar\/principal\/wp-content\/uploads\/2019\/08\/Mauro-Bustos-CADU-Gol.jpg\" data-orig-size=\"630,357\" data-comments-opened=\"0\" data-image-meta=\"{&quot;aperture&quot;:&quot;0&quot;,&quot;credit&quot;:&quot;&quot;,&quot;camera&quot;:&quot;&quot;,&quot;caption&quot;:&quot;&quot;,&quot;created_timestamp&quot;:&quot;0&quot;,&quot;copyright&quot;:&quot;&quot;,&quot;focal_length&quot;:&quot;0&quot;,&quot;iso&quot;:&quot;0&quot;,&quot;shutter_speed&quot;:&quot;0&quot;,&quot;title&quot;:&quot;&quot;,&quot;orientation&quot;:&quot;1&quot;}\" data-image-title=\"Mauro-Bustos-CADU-Gol\" data-image-description=\"\" data-image-caption=\"\" data-large-file=\"https:\/\/www.hoymercedes.com.ar\/principal\/wp-content\/uploads\/2019\/08\/Mauro-Bustos-CADU-Gol.jpg\" src=\"https:\/\/www.hoymercedes.com.ar\/principal\/wp-content\/uploads\/2019\/08\/Mauro-Bustos-CADU-Gol.jpg\" alt=\"\" class=\"wp-image-97767\" srcset=\"https:\/\/www.hoymercedes.com.ar\/principal\/wp-content\/uploads\/2019\/08\/Mauro-Bustos-CADU-Gol.jpg 630w, https:\/\/www.hoymercedes.com.ar\/principal\/wp-content\/uploads\/2019\/08\/Mauro-Bustos-CADU-Gol-150x85.jpg 150w\" sizes=\"auto, (max-width: 630px) 100vw, 630px\" \/><\/figure>\n\n\n\n<p>En el caso de Bustos, fue en el debut de Defensores Unidos de Z\u00e1rate en esta temporada 19 &#8211; 20 de la B Metropolitana en condici\u00f3n de visitante ante Deportivo Armenio. Tambi\u00e9n de penal, el volante mercedino marc\u00f3 el \u00fanico gol del partido y ahora esperan por ser locales de San Telmo.<\/p>\n\n\n\n<figure class=\"wp-block-embed-youtube wp-block-embed is-type-video is-provider-youtube wp-embed-aspect-16-9 wp-has-aspect-ratio\"><div class=\"wp-block-embed__wrapper\">\n<span class=\"embed-youtube\" style=\"text-align:center; display: block;\"><iframe loading=\"lazy\" class=\"youtube-player\" width=\"1200\" height=\"675\" src=\"https:\/\/www.youtube.com\/embed\/7saoWAJm_kw?version=3&#038;rel=1&#038;showsearch=0&#038;showinfo=1&#038;iv_load_policy=1&#038;fs=1&#038;hl=es-ES&#038;autohide=2&#038;wmode=transparent\" allowfullscreen=\"true\" style=\"border:0;\" sandbox=\"allow-scripts allow-same-origin allow-popups allow-presentation allow-popups-to-escape-sandbox\"><\/iframe><\/span>\n<\/div><\/figure>\n\n\n\n<figure class=\"wp-block-embed-youtube wp-block-embed is-type-video is-provider-youtube wp-embed-aspect-16-9 wp-has-aspect-ratio\"><div class=\"wp-block-embed__wrapper\">\n<span class=\"embed-youtube\" style=\"text-align:center; display: block;\"><iframe loading=\"lazy\" class=\"youtube-player\" width=\"1200\" height=\"675\" src=\"https:\/\/www.youtube.com\/embed\/M4tiSsSPE9Q?version=3&#038;rel=1&#038;showsearch=0&#038;showinfo=1&#038;iv_load_policy=1&#038;fs=1&#038;hl=es-ES&#038;autohide=2&#038;wmode=transparent\" allowfullscreen=\"true\" style=\"border:0;\" sandbox=\"allow-scripts allow-same-origin allow-popups allow-presentation allow-popups-to-escape-sandbox\"><\/iframe><\/span>\n<\/div><\/figure>\n","protected":false},"excerpt":{"rendered":"<p>Buen inicio de temporada tuvieron los futbolistas de La Legi\u00f3n Mercedina, ya que en los primeros partidos han marcado goles. &#8230; <a title=\"Goles de Juan Culio por la Champions League y de Mauro Bustos en el debut en CADU (video)\" class=\"read-more\" href=\"https:\/\/www.hoymercedes.com.ar\/principal\/2019\/08\/06\/goles-de-juan-culio-por-la-champions-league-y-de-mauro-bustos-en-el-debut-en-cadu-video\/\" aria-label=\"Leer m\u00e1s sobre Goles de Juan Culio por la Champions League y de Mauro Bustos en el debut en CADU (video)\">Leer m\u00e1s<\/a><\/p>\n","protected":false},"author":1,"featured_media":97768,"comment_status":"closed","ping_status":"open","sticky":false,"template":"","format":"standard","meta":{"_monsterinsights_skip_tracking":false,"_monsterinsights_sitenote_active":false,"_monsterinsights_sitenote_note":"","_monsterinsights_sitenote_category":0,"jetpack_post_was_ever_published":false,"_jetpack_newsletter_access":"","_jetpack_dont_email_post_to_subs":false,"_jetpack_newsletter_tier_id":0,"_jetpack_memberships_contains_paywalled_content":false,"_jetpack_memberships_contains_paid_content":false,"footnotes":"","jetpack_publicize_message":"","jetpack_publicize_feature_enabled":true,"jetpack_social_post_already_shared":true,"jetpack_social_options":{"image_generator_settings":{"template":"highway","default_image_id":0,"font":"","enabled":false},"version":2},"_wpas_customize_per_network":false},"categories":[21],"tags":[9677,15594,9656,14446],"class_list":["post-97766","post","type-post","status-publish","format-standard","has-post-thumbnail","hentry","category-deportes","tag-champions-league","tag-defensores-unidos-zarate","tag-juan-culio","tag-primera-b-metropolitana","generate-columns","tablet-grid-50","mobile-grid-100","grid-parent","grid-50"],"jetpack_publicize_connections":[],"jetpack_featured_media_url":"https:\/\/www.hoymercedes.com.ar\/principal\/wp-content\/uploads\/2019\/08\/Juan-Culio-Gol.jpg","wps_subtitle":"","jetpack_sharing_enabled":true,"_links":{"self":[{"href":"https:\/\/www.hoymercedes.com.ar\/principal\/wp-json\/wp\/v2\/posts\/97766","targetHints":{"allow":["GET"]}}],"collection":[{"href":"https:\/\/www.hoymercedes.com.ar\/principal\/wp-json\/wp\/v2\/posts"}],"about":[{"href":"https:\/\/www.hoymercedes.com.ar\/principal\/wp-json\/wp\/v2\/types\/post"}],"author":[{"embeddable":true,"href":"https:\/\/www.hoymercedes.com.ar\/principal\/wp-json\/wp\/v2\/users\/1"}],"replies":[{"embeddable":true,"href":"https:\/\/www.hoymercedes.com.ar\/principal\/wp-json\/wp\/v2\/comments?post=97766"}],"version-history":[{"count":0,"href":"https:\/\/www.hoymercedes.com.ar\/principal\/wp-json\/wp\/v2\/posts\/97766\/revisions"}],"wp:featuredmedia":[{"embeddable":true,"href":"https:\/\/www.hoymercedes.com.ar\/principal\/wp-json\/wp\/v2\/media\/97768"}],"wp:attachment":[{"href":"https:\/\/www.hoymercedes.com.ar\/principal\/wp-json\/wp\/v2\/media?parent=97766"}],"wp:term":[{"taxonomy":"category","embeddable":true,"href":"https:\/\/www.hoymercedes.com.ar\/principal\/wp-json\/wp\/v2\/categories?post=97766"},{"taxonomy":"post_tag","embeddable":true,"href":"https:\/\/www.hoymercedes.com.ar\/principal\/wp-json\/wp\/v2\/tags?post=97766"}],"curies":[{"name":"wp","href":"https:\/\/api.w.org\/{rel}","templated":true}]}}