{"id":97837,"date":"2019-08-07T19:39:06","date_gmt":"2019-08-07T22:39:06","guid":{"rendered":"http:\/\/www.hoymercedes.com.ar\/principal\/?p=97837"},"modified":"2019-08-07T21:34:52","modified_gmt":"2019-08-08T00:34:52","slug":"extiende-municipio-inscripcion-de-programa-mi-casa-y-mi-casa-refaccion","status":"publish","type":"post","link":"https:\/\/www.hoymercedes.com.ar\/principal\/2019\/08\/07\/extiende-municipio-inscripcion-de-programa-mi-casa-y-mi-casa-refaccion\/","title":{"rendered":"Extiende municipio inscripci\u00f3n de programa \u00abMi Casa\u00bb y \u00abMi casa refacci\u00f3n\u00bb"},"content":{"rendered":"\n<figure class=\"wp-block-image\"><img loading=\"lazy\" decoding=\"async\" width=\"750\" height=\"563\" data-attachment-id=\"97005\" data-permalink=\"https:\/\/www.hoymercedes.com.ar\/principal\/2019\/07\/23\/anuncian-ampliacion-del-programa-mi-casa\/23-mi-casa-refaccion1\/#main\" data-orig-file=\"https:\/\/www.hoymercedes.com.ar\/principal\/wp-content\/uploads\/2019\/07\/23-mi-casa-refaccion1.jpg\" data-orig-size=\"750,563\" data-comments-opened=\"0\" data-image-meta=\"{&quot;aperture&quot;:&quot;2&quot;,&quot;credit&quot;:&quot;&quot;,&quot;camera&quot;:&quot;Moto G (5S) Plus&quot;,&quot;caption&quot;:&quot;&quot;,&quot;created_timestamp&quot;:&quot;1563883076&quot;,&quot;copyright&quot;:&quot;&quot;,&quot;focal_length&quot;:&quot;3.59&quot;,&quot;iso&quot;:&quot;1559&quot;,&quot;shutter_speed&quot;:&quot;0.00013333333333333&quot;,&quot;title&quot;:&quot;&quot;,&quot;orientation&quot;:&quot;1&quot;}\" data-image-title=\"23 mi casa refaccion1\" data-image-description=\"\" data-image-caption=\"&lt;p&gt;El modelo de las casas planteadas por el programa municipal&lt;\/p&gt;\n\" data-large-file=\"https:\/\/www.hoymercedes.com.ar\/principal\/wp-content\/uploads\/2019\/07\/23-mi-casa-refaccion1.jpg\" src=\"https:\/\/www.hoymercedes.com.ar\/principal\/wp-content\/uploads\/2019\/07\/23-mi-casa-refaccion1.jpg\" alt=\"\" class=\"wp-image-97005\" srcset=\"https:\/\/www.hoymercedes.com.ar\/principal\/wp-content\/uploads\/2019\/07\/23-mi-casa-refaccion1.jpg 750w, https:\/\/www.hoymercedes.com.ar\/principal\/wp-content\/uploads\/2019\/07\/23-mi-casa-refaccion1-150x113.jpg 150w, https:\/\/www.hoymercedes.com.ar\/principal\/wp-content\/uploads\/2019\/07\/23-mi-casa-refaccion1-630x473.jpg 630w, https:\/\/www.hoymercedes.com.ar\/principal\/wp-content\/uploads\/2019\/07\/23-mi-casa-refaccion1-320x240.jpg 320w, https:\/\/www.hoymercedes.com.ar\/principal\/wp-content\/uploads\/2019\/07\/23-mi-casa-refaccion1-100x75.jpg 100w\" sizes=\"auto, (max-width: 750px) 100vw, 750px\" \/><figcaption>El modelo de las casas planteadas por el programa municipal<\/figcaption><\/figure>\n\n\n\n<p>El Municipio de Mercedes informa\nque la inscripci\u00f3n al programa \u201cMi casa\u201d se prolongar\u00e1 hasta el mi\u00e9rcoles 21 de\nagosto. Es importante recordar que el mismo se hizo extensible a todos aquellos\nempleados registrados de nuestra ciudad, como as\u00ed tambi\u00e9n \u201cMi Casa Refacci\u00f3n\u201d\nque consiste en otorgar cr\u00e9ditos para materiales, de hasta $50.000 para la\nreparaci\u00f3n de vivienda, inform\u00f3 Nicol\u00e1s Zeballos, desde la secretar\u00eda de\ndesarrollo social. <\/p>\n\n\n\n<p>La inscripci\u00f3n es presencial, y\nse hace en la Secretaria de Desarrollo Social \u2013 (Ex. Instituto Unzu\u00e9) \u2013 oficina\nN\u00ba 20. Los interesados deber\u00e1n llenar un formulario y presentar la\ndocumentaci\u00f3n requerida para cada programa. Se pueden presentar de lunes a\nviernes en el horario de 14:00 hs a 17:00 hs. Participaran del sorteo aquellas\npersonas que cuenten con los requisitos necesarios. Este sorteo se har\u00e1 ante\nescribano p\u00fablico.<\/p>\n\n\n\n<p>El programa Mi Casa (vivienda)\nconsiste en entregar los materiales necesarios para la construcci\u00f3n de un\nprototipo de vivienda de 46m2 a las personas que cuenten con terreno propio o\ncedido y mano de obra propia. Con el anuncio de hoy del intendente, esta\niniciativa ser\u00e1 extensiva a cualquier trabajador registrado que sea residente\nde la ciudad de Mercedes.<\/p>\n\n\n\n<p>El Municipio de Mercedes otorgar\u00e1\nen etapas el total de los materiales necesarios para poder construir la\nvivienda. El beneficiario deber\u00e1 contar con Mano de Obra propia. Y se aclara\nque el adjudicatario de tener terreno -propio o cedido- del cual se requerir\u00e1\nla documentaci\u00f3n pertinente a aquellas personas que hayan sido sorteadas. Se\nevaluar\u00e1n las caracter\u00edsticas del mismo verificando que la construcci\u00f3n no\naltere la Ordenanza de Zonificaci\u00f3n N\u00b0 5671\/3 vigente.<\/p>\n\n\n\n<p>Cualquier consulta se puede hacer\nde manera personal en las oficinas dispuestas en el ex Instituto Unzu\u00e9 o mediante\nmail a la casilla de correo electr\u00f3nico <a href=\"mailto:micasa.mercedes@gmail.com\">micasa.mercedes@gmail.com<\/a> <\/p>\n","protected":false},"excerpt":{"rendered":"<p>El Municipio de Mercedes informa que la inscripci\u00f3n al programa \u201cMi casa\u201d se prolongar\u00e1 hasta el mi\u00e9rcoles 21 de agosto. &#8230; <a title=\"Extiende municipio inscripci\u00f3n de programa \u00abMi Casa\u00bb y \u00abMi casa refacci\u00f3n\u00bb\" class=\"read-more\" href=\"https:\/\/www.hoymercedes.com.ar\/principal\/2019\/08\/07\/extiende-municipio-inscripcion-de-programa-mi-casa-y-mi-casa-refaccion\/\" aria-label=\"Leer m\u00e1s sobre Extiende municipio inscripci\u00f3n de programa \u00abMi Casa\u00bb y \u00abMi casa refacci\u00f3n\u00bb\">Leer m\u00e1s<\/a><\/p>\n","protected":false},"author":1,"featured_media":97005,"comment_status":"closed","ping_status":"open","sticky":false,"template":"","format":"standard","meta":{"_monsterinsights_skip_tracking":false,"_monsterinsights_sitenote_active":false,"_monsterinsights_sitenote_note":"","_monsterinsights_sitenote_category":0,"jetpack_post_was_ever_published":false,"_jetpack_newsletter_access":"","_jetpack_dont_email_post_to_subs":false,"_jetpack_newsletter_tier_id":0,"_jetpack_memberships_contains_paywalled_content":false,"_jetpack_memberships_contains_paid_content":false,"footnotes":"","jetpack_publicize_message":"","jetpack_publicize_feature_enabled":true,"jetpack_social_post_already_shared":true,"jetpack_social_options":{"image_generator_settings":{"template":"highway","default_image_id":0,"font":"","enabled":false},"version":2},"_wpas_customize_per_network":false},"categories":[30],"tags":[15598,14241,244],"class_list":["post-97837","post","type-post","status-publish","format-standard","has-post-thumbnail","hentry","category-municipio","tag-mi-casa-refaccion","tag-mi-terreno","tag-municipio-2","generate-columns","tablet-grid-50","mobile-grid-100","grid-parent","grid-50"],"jetpack_publicize_connections":[],"jetpack_featured_media_url":"https:\/\/www.hoymercedes.com.ar\/principal\/wp-content\/uploads\/2019\/07\/23-mi-casa-refaccion1.jpg","wps_subtitle":"Beneficios sociales","jetpack_sharing_enabled":true,"_links":{"self":[{"href":"https:\/\/www.hoymercedes.com.ar\/principal\/wp-json\/wp\/v2\/posts\/97837","targetHints":{"allow":["GET"]}}],"collection":[{"href":"https:\/\/www.hoymercedes.com.ar\/principal\/wp-json\/wp\/v2\/posts"}],"about":[{"href":"https:\/\/www.hoymercedes.com.ar\/principal\/wp-json\/wp\/v2\/types\/post"}],"author":[{"embeddable":true,"href":"https:\/\/www.hoymercedes.com.ar\/principal\/wp-json\/wp\/v2\/users\/1"}],"replies":[{"embeddable":true,"href":"https:\/\/www.hoymercedes.com.ar\/principal\/wp-json\/wp\/v2\/comments?post=97837"}],"version-history":[{"count":0,"href":"https:\/\/www.hoymercedes.com.ar\/principal\/wp-json\/wp\/v2\/posts\/97837\/revisions"}],"wp:featuredmedia":[{"embeddable":true,"href":"https:\/\/www.hoymercedes.com.ar\/principal\/wp-json\/wp\/v2\/media\/97005"}],"wp:attachment":[{"href":"https:\/\/www.hoymercedes.com.ar\/principal\/wp-json\/wp\/v2\/media?parent=97837"}],"wp:term":[{"taxonomy":"category","embeddable":true,"href":"https:\/\/www.hoymercedes.com.ar\/principal\/wp-json\/wp\/v2\/categories?post=97837"},{"taxonomy":"post_tag","embeddable":true,"href":"https:\/\/www.hoymercedes.com.ar\/principal\/wp-json\/wp\/v2\/tags?post=97837"}],"curies":[{"name":"wp","href":"https:\/\/api.w.org\/{rel}","templated":true}]}}