{"id":97842,"date":"2019-08-07T17:50:08","date_gmt":"2019-08-07T20:50:08","guid":{"rendered":"http:\/\/www.hoymercedes.com.ar\/principal\/?p=97842"},"modified":"2019-08-07T20:22:05","modified_gmt":"2019-08-07T23:22:05","slug":"festival-por-el-dia-del-nino-a-beneficio-del-lowe","status":"publish","type":"post","link":"https:\/\/www.hoymercedes.com.ar\/principal\/2019\/08\/07\/festival-por-el-dia-del-nino-a-beneficio-del-lowe\/","title":{"rendered":"Festival por el D\u00eda del Ni\u00f1o a beneficio del Lowe"},"content":{"rendered":"\n<p>Taller de los Sentidos y Bistr\u00f3 est\u00e1n organizando un Festival Solidario a beneficio del Hogar Lowe. Este s\u00e1bado 10 de agosto, entre las 13:30 y las 17:30 horas, en el restaurante de calles 26 y 41, habr\u00e1 clases especiales, talleres, juegos, m\u00fasica, shows, sorteos. <\/p>\n\n\n\n<p>Todo, con entrada libre y gratuita o con la colaboraci\u00f3n de juguetes o alimentos no perecederos para entregar al Hogar Lowe. <\/p>\n\n\n\n<p>A modo de adelante, la organizaci\u00f3n cont\u00f3 que tendr\u00e1n talleres de cocina, arte-terapia, cer\u00e1mica, maquillaje art\u00edstico, origami, zumba, ritmos urbanos, m\u00fasica, entre las propuestas, aunque algunos de ellos requiere inscripci\u00f3n previa, que se puede hacer en las redes sociales de los dos emprendimientos que organizan. <\/p>\n\n\n\n<p><\/p>\n","protected":false},"excerpt":{"rendered":"<p>Taller de los Sentidos y Bistr\u00f3 est\u00e1n organizando un Festival Solidario a beneficio del Hogar Lowe. Este s\u00e1bado 10 de &#8230; <a title=\"Festival por el D\u00eda del Ni\u00f1o a beneficio del Lowe\" class=\"read-more\" href=\"https:\/\/www.hoymercedes.com.ar\/principal\/2019\/08\/07\/festival-por-el-dia-del-nino-a-beneficio-del-lowe\/\" aria-label=\"Leer m\u00e1s sobre Festival por el D\u00eda del Ni\u00f1o a beneficio del Lowe\">Leer m\u00e1s<\/a><\/p>\n","protected":false},"author":1,"featured_media":97843,"comment_status":"closed","ping_status":"open","sticky":false,"template":"","format":"standard","meta":{"_monsterinsights_skip_tracking":false,"_monsterinsights_sitenote_active":false,"_monsterinsights_sitenote_note":"","_monsterinsights_sitenote_category":0,"jetpack_post_was_ever_published":false,"_jetpack_newsletter_access":"","_jetpack_dont_email_post_to_subs":false,"_jetpack_newsletter_tier_id":0,"_jetpack_memberships_contains_paywalled_content":false,"_jetpack_memberships_contains_paid_content":false,"footnotes":"","jetpack_publicize_message":"","jetpack_publicize_feature_enabled":true,"jetpack_social_post_already_shared":true,"jetpack_social_options":{"image_generator_settings":{"template":"highway","default_image_id":0,"font":"","enabled":false},"version":2},"_wpas_customize_per_network":false},"categories":[104],"tags":[15601,15600],"class_list":["post-97842","post","type-post","status-publish","format-standard","has-post-thumbnail","hentry","category-cultura","tag-beneficio-lowe","tag-festival-dia-del-nino","generate-columns","tablet-grid-50","mobile-grid-100","grid-parent","grid-50"],"jetpack_publicize_connections":[],"jetpack_featured_media_url":"https:\/\/www.hoymercedes.com.ar\/principal\/wp-content\/uploads\/2019\/08\/07-dia-del-ni\u00f1o.jpg","wps_subtitle":"","jetpack_sharing_enabled":true,"_links":{"self":[{"href":"https:\/\/www.hoymercedes.com.ar\/principal\/wp-json\/wp\/v2\/posts\/97842","targetHints":{"allow":["GET"]}}],"collection":[{"href":"https:\/\/www.hoymercedes.com.ar\/principal\/wp-json\/wp\/v2\/posts"}],"about":[{"href":"https:\/\/www.hoymercedes.com.ar\/principal\/wp-json\/wp\/v2\/types\/post"}],"author":[{"embeddable":true,"href":"https:\/\/www.hoymercedes.com.ar\/principal\/wp-json\/wp\/v2\/users\/1"}],"replies":[{"embeddable":true,"href":"https:\/\/www.hoymercedes.com.ar\/principal\/wp-json\/wp\/v2\/comments?post=97842"}],"version-history":[{"count":0,"href":"https:\/\/www.hoymercedes.com.ar\/principal\/wp-json\/wp\/v2\/posts\/97842\/revisions"}],"wp:featuredmedia":[{"embeddable":true,"href":"https:\/\/www.hoymercedes.com.ar\/principal\/wp-json\/wp\/v2\/media\/97843"}],"wp:attachment":[{"href":"https:\/\/www.hoymercedes.com.ar\/principal\/wp-json\/wp\/v2\/media?parent=97842"}],"wp:term":[{"taxonomy":"category","embeddable":true,"href":"https:\/\/www.hoymercedes.com.ar\/principal\/wp-json\/wp\/v2\/categories?post=97842"},{"taxonomy":"post_tag","embeddable":true,"href":"https:\/\/www.hoymercedes.com.ar\/principal\/wp-json\/wp\/v2\/tags?post=97842"}],"curies":[{"name":"wp","href":"https:\/\/api.w.org\/{rel}","templated":true}]}}