{"id":97855,"date":"2019-08-07T21:35:43","date_gmt":"2019-08-08T00:35:43","guid":{"rendered":"http:\/\/www.hoymercedes.com.ar\/principal\/?p=97855"},"modified":"2019-08-07T21:32:41","modified_gmt":"2019-08-08T00:32:41","slug":"ministro-elustondo-presente-en-capacitacion-para-emprendedores","status":"publish","type":"post","link":"https:\/\/www.hoymercedes.com.ar\/principal\/2019\/08\/07\/ministro-elustondo-presente-en-capacitacion-para-emprendedores\/","title":{"rendered":"Ministro Elustondo presente en capacitaci\u00f3n para emprendedores"},"content":{"rendered":"\n<p>En el marco de la primera jornada de la capacitaci\u00f3n Sumando Innovaci\u00f3n 2.0 que se est\u00e1 llevando a cabo en la C\u00e1mara Econ\u00f3mica Mercedina los d\u00edas 7 y 8 agosto, se hizo presente el Ministro de Ciencia, Tecnolog\u00eda e Innovaci\u00f3n de la provincia de Buenos Aires, Jorge Elustondo. El titular del organismo que realiza el programa provincial destinado a emprendedores, PyMES ya consolidadas y emprendimientos en etapa de iniciaci\u00f3n, habl\u00f3 con los presentes y luego mantuvo un encuentro con las autoridades de la CEM. <\/p>\n\n\n\n<figure class=\"wp-block-image\"><img loading=\"lazy\" decoding=\"async\" width=\"750\" height=\"500\" data-attachment-id=\"97874\" data-permalink=\"https:\/\/www.hoymercedes.com.ar\/principal\/2019\/08\/07\/ministro-elustondo-presente-en-capacitacion-para-emprendedores\/07-min-ciencia-cem-1\/#main\" data-orig-file=\"https:\/\/www.hoymercedes.com.ar\/principal\/wp-content\/uploads\/2019\/08\/07-Min-Ciencia-CEM-1.jpg\" data-orig-size=\"750,500\" data-comments-opened=\"0\" data-image-meta=\"{&quot;aperture&quot;:&quot;2&quot;,&quot;credit&quot;:&quot;&quot;,&quot;camera&quot;:&quot;Moto G (5S) Plus&quot;,&quot;caption&quot;:&quot;&quot;,&quot;created_timestamp&quot;:&quot;1565191706&quot;,&quot;copyright&quot;:&quot;&quot;,&quot;focal_length&quot;:&quot;3.59&quot;,&quot;iso&quot;:&quot;113&quot;,&quot;shutter_speed&quot;:&quot;0.03030303030303&quot;,&quot;title&quot;:&quot;&quot;,&quot;orientation&quot;:&quot;1&quot;}\" data-image-title=\"07 Min Ciencia CEM 1\" data-image-description=\"\" data-image-caption=\"\" data-large-file=\"https:\/\/www.hoymercedes.com.ar\/principal\/wp-content\/uploads\/2019\/08\/07-Min-Ciencia-CEM-1.jpg\" src=\"https:\/\/www.hoymercedes.com.ar\/principal\/wp-content\/uploads\/2019\/08\/07-Min-Ciencia-CEM-1.jpg\" alt=\"\" class=\"wp-image-97874\" srcset=\"https:\/\/www.hoymercedes.com.ar\/principal\/wp-content\/uploads\/2019\/08\/07-Min-Ciencia-CEM-1.jpg 750w, https:\/\/www.hoymercedes.com.ar\/principal\/wp-content\/uploads\/2019\/08\/07-Min-Ciencia-CEM-1-150x100.jpg 150w, https:\/\/www.hoymercedes.com.ar\/principal\/wp-content\/uploads\/2019\/08\/07-Min-Ciencia-CEM-1-630x420.jpg 630w, https:\/\/www.hoymercedes.com.ar\/principal\/wp-content\/uploads\/2019\/08\/07-Min-Ciencia-CEM-1-720x480.jpg 720w, https:\/\/www.hoymercedes.com.ar\/principal\/wp-content\/uploads\/2019\/08\/07-Min-Ciencia-CEM-1-360x240.jpg 360w\" sizes=\"auto, (max-width: 750px) 100vw, 750px\" \/><\/figure>\n\n\n\n<p>El ministro Elustondo, junto al Subsecretario de Tecnolog\u00eda e Innovaci\u00f3n, Fernando Lapolla, el Gerente de la CEM Ariel Pietrucha y autoridades de la Fundaci\u00f3n Tecnol\u00f3gica Del Plata, fueron quienes encabezaron la primera jornada de la capacitaci\u00f3n para emprendedores.<\/p>\n\n\n\n<p>Al respecto el titular de la cartera provincial dijo que \u201cagradezco al municipio de Mercedes por permitirnos trabajar nuevamente aqu\u00ed y aportar ideas innovadoras para que peque\u00f1os y medianos productores mejoren sus experiencias a la hora de idear un proyecto\u201d. Y agreg\u00f3 que \u201ccuando comenzamos la gesti\u00f3n junto a la gobernadora Mar\u00eda Eugenia Vidal nos propusimos plasmar en el territorio todo lo planificado para que los bonaerenses est\u00e9n cada d\u00eda mejor y a medida que pasa el tiempo vemos que el objetivo est\u00e1 siendo cumplido\u201d.<\/p>\n\n\n\n<p>En tanto, Lapolla manifest\u00f3 que \u201cno es la primera vez que traemos a Mercedes un programa del Ministerio y eso demuestra que es una ciudad abierta a ideas nuevas y con ganas de crecer\u201d. \u201cEste proyecto tiene por objetivo que los emprendedores tengan acceso a herramientas y conocimientos b\u00e1sicos sobre empresas, sociedades, monotributos y marcas para entender las cuestiones jur\u00eddicas que deben considerarse en actividades comerciales\u201d, concluy\u00f3 el Subsecretario.<\/p>\n\n\n\n<p>Ambos funcionarios provinciales, dejaron que la capacitaci\u00f3n a cargo de la Fundaci\u00f3n Tecnol\u00f3gica Del Plata contin\u00fae con su disertaci\u00f3n y mantuvieron una reuni\u00f3n con el Gerente de la CEM, Ariel Pietrucha, para hablar de distintos programas y proyectos en vistas de trabajos conjuntos. M\u00e1s tarde, se le sumar\u00edan representantes de la Comisi\u00f3n Directiva de la CEM que preside Mario Dimaro. <\/p>\n\n\n\n<figure class=\"wp-block-image\"><img loading=\"lazy\" decoding=\"async\" width=\"750\" height=\"500\" data-attachment-id=\"97875\" data-permalink=\"https:\/\/www.hoymercedes.com.ar\/principal\/2019\/08\/07\/ministro-elustondo-presente-en-capacitacion-para-emprendedores\/07-min-ciencia-cem-4\/#main\" data-orig-file=\"https:\/\/www.hoymercedes.com.ar\/principal\/wp-content\/uploads\/2019\/08\/07-Min-Ciencia-CEM-4.jpg\" data-orig-size=\"750,500\" data-comments-opened=\"0\" data-image-meta=\"{&quot;aperture&quot;:&quot;2&quot;,&quot;credit&quot;:&quot;&quot;,&quot;camera&quot;:&quot;Moto G (5S) Plus&quot;,&quot;caption&quot;:&quot;&quot;,&quot;created_timestamp&quot;:&quot;1565192187&quot;,&quot;copyright&quot;:&quot;&quot;,&quot;focal_length&quot;:&quot;3.59&quot;,&quot;iso&quot;:&quot;126&quot;,&quot;shutter_speed&quot;:&quot;0.02&quot;,&quot;title&quot;:&quot;&quot;,&quot;orientation&quot;:&quot;1&quot;}\" data-image-title=\"07 Min Ciencia CEM 4\" data-image-description=\"\" data-image-caption=\"\" data-large-file=\"https:\/\/www.hoymercedes.com.ar\/principal\/wp-content\/uploads\/2019\/08\/07-Min-Ciencia-CEM-4.jpg\" src=\"https:\/\/www.hoymercedes.com.ar\/principal\/wp-content\/uploads\/2019\/08\/07-Min-Ciencia-CEM-4.jpg\" alt=\"\" class=\"wp-image-97875\" srcset=\"https:\/\/www.hoymercedes.com.ar\/principal\/wp-content\/uploads\/2019\/08\/07-Min-Ciencia-CEM-4.jpg 750w, https:\/\/www.hoymercedes.com.ar\/principal\/wp-content\/uploads\/2019\/08\/07-Min-Ciencia-CEM-4-150x100.jpg 150w, https:\/\/www.hoymercedes.com.ar\/principal\/wp-content\/uploads\/2019\/08\/07-Min-Ciencia-CEM-4-630x420.jpg 630w, https:\/\/www.hoymercedes.com.ar\/principal\/wp-content\/uploads\/2019\/08\/07-Min-Ciencia-CEM-4-720x480.jpg 720w, https:\/\/www.hoymercedes.com.ar\/principal\/wp-content\/uploads\/2019\/08\/07-Min-Ciencia-CEM-4-360x240.jpg 360w\" sizes=\"auto, (max-width: 750px) 100vw, 750px\" \/><\/figure>\n\n\n\n<p><strong>Capacitaci\u00f3n<\/strong><\/p>\n\n\n\n<p>El encuentro, titulado \u201cCreatividad, Innovaci\u00f3n y Desarrollo Emprendedor\u201d, introduce y sensibiliza a emprendedores y empresarios acerca de sus potencialidades creativas. All\u00ed se busca identificar los puntos fuertes, los posibles bloqueos y su forma de abordarlos, brindando a los participantes las herramientas y conocimientos b\u00e1sicos sobre empresas, sociedades, monotributo y marcas, para comprender las cuestiones jur\u00eddicas y administrativas que deben considerarse en actividades comerciales.<\/p>\n\n\n\n<p>Cabe destacar que Sumando Innovaci\u00f3n 2.0 est\u00e1 destinado a emprendedores y productores de la peque\u00f1a y mediana empresa interesados en implementar ideas e iniciativas que puedan incorporar la creatividad e innovaci\u00f3n y asesorarse sobre estrategias de financiamiento. Adem\u00e1s es necesario mencionar que ma\u00f1ana habr\u00e1 otro encuentro tambi\u00e9n en la CEM bajo el nombre de \u201cArm\u00e1 Tu Modelo de Negocios\u201d, en el que se explorar\u00e1n las caracter\u00edsticas de cada emprendimiento o empresa, el modelo de negocio y su posible escalabilidad y formulaci\u00f3n de proyecto.<\/p>\n\n\n\n<p>Fuente: Prensa Ciencia BA y Prensa CEM<\/p>\n\n\n\n<figure class=\"wp-block-image\"><img loading=\"lazy\" decoding=\"async\" width=\"750\" height=\"500\" data-attachment-id=\"97876\" data-permalink=\"https:\/\/www.hoymercedes.com.ar\/principal\/2019\/08\/07\/ministro-elustondo-presente-en-capacitacion-para-emprendedores\/07-min-ciencia-cem-5\/#main\" data-orig-file=\"https:\/\/www.hoymercedes.com.ar\/principal\/wp-content\/uploads\/2019\/08\/07-Min-Ciencia-CEM-5.jpg\" data-orig-size=\"750,500\" data-comments-opened=\"0\" data-image-meta=\"{&quot;aperture&quot;:&quot;2&quot;,&quot;credit&quot;:&quot;&quot;,&quot;camera&quot;:&quot;Moto G (5S) Plus&quot;,&quot;caption&quot;:&quot;&quot;,&quot;created_timestamp&quot;:&quot;1565189921&quot;,&quot;copyright&quot;:&quot;&quot;,&quot;focal_length&quot;:&quot;3.59&quot;,&quot;iso&quot;:&quot;593&quot;,&quot;shutter_speed&quot;:&quot;0.03030303030303&quot;,&quot;title&quot;:&quot;&quot;,&quot;orientation&quot;:&quot;1&quot;}\" data-image-title=\"07 Min Ciencia CEM 5\" data-image-description=\"\" data-image-caption=\"\" data-large-file=\"https:\/\/www.hoymercedes.com.ar\/principal\/wp-content\/uploads\/2019\/08\/07-Min-Ciencia-CEM-5.jpg\" src=\"https:\/\/www.hoymercedes.com.ar\/principal\/wp-content\/uploads\/2019\/08\/07-Min-Ciencia-CEM-5.jpg\" alt=\"\" class=\"wp-image-97876\" srcset=\"https:\/\/www.hoymercedes.com.ar\/principal\/wp-content\/uploads\/2019\/08\/07-Min-Ciencia-CEM-5.jpg 750w, https:\/\/www.hoymercedes.com.ar\/principal\/wp-content\/uploads\/2019\/08\/07-Min-Ciencia-CEM-5-150x100.jpg 150w, https:\/\/www.hoymercedes.com.ar\/principal\/wp-content\/uploads\/2019\/08\/07-Min-Ciencia-CEM-5-630x420.jpg 630w, https:\/\/www.hoymercedes.com.ar\/principal\/wp-content\/uploads\/2019\/08\/07-Min-Ciencia-CEM-5-720x480.jpg 720w, https:\/\/www.hoymercedes.com.ar\/principal\/wp-content\/uploads\/2019\/08\/07-Min-Ciencia-CEM-5-360x240.jpg 360w\" sizes=\"auto, (max-width: 750px) 100vw, 750px\" \/><\/figure>\n","protected":false},"excerpt":{"rendered":"<p>En el marco de la primera jornada de la capacitaci\u00f3n Sumando Innovaci\u00f3n 2.0 que se est\u00e1 llevando a cabo en &#8230; <a title=\"Ministro Elustondo presente en capacitaci\u00f3n para emprendedores\" class=\"read-more\" href=\"https:\/\/www.hoymercedes.com.ar\/principal\/2019\/08\/07\/ministro-elustondo-presente-en-capacitacion-para-emprendedores\/\" aria-label=\"Leer m\u00e1s sobre Ministro Elustondo presente en capacitaci\u00f3n para emprendedores\">Leer m\u00e1s<\/a><\/p>\n","protected":false},"author":1,"featured_media":97876,"comment_status":"closed","ping_status":"open","sticky":false,"template":"","format":"standard","meta":{"_monsterinsights_skip_tracking":false,"_monsterinsights_sitenote_active":false,"_monsterinsights_sitenote_note":"","_monsterinsights_sitenote_category":0,"jetpack_post_was_ever_published":false,"_jetpack_newsletter_access":"","_jetpack_dont_email_post_to_subs":false,"_jetpack_newsletter_tier_id":0,"_jetpack_memberships_contains_paywalled_content":false,"_jetpack_memberships_contains_paid_content":false,"footnotes":"","jetpack_publicize_message":"","jetpack_publicize_feature_enabled":true,"jetpack_social_post_already_shared":true,"jetpack_social_options":{"image_generator_settings":{"template":"highway","default_image_id":0,"font":"","enabled":false},"version":2},"_wpas_customize_per_network":false},"categories":[8881],"tags":[15604,15603],"class_list":["post-97855","post","type-post","status-publish","format-standard","has-post-thumbnail","hentry","category-provincia","tag-capacitacion-cem","tag-ministro-de-ciencia-y-tecnologia-bonaerense","generate-columns","tablet-grid-50","mobile-grid-100","grid-parent","grid-50"],"jetpack_publicize_connections":[],"jetpack_featured_media_url":"https:\/\/www.hoymercedes.com.ar\/principal\/wp-content\/uploads\/2019\/08\/07-Min-Ciencia-CEM-5.jpg","wps_subtitle":"","jetpack_sharing_enabled":true,"_links":{"self":[{"href":"https:\/\/www.hoymercedes.com.ar\/principal\/wp-json\/wp\/v2\/posts\/97855","targetHints":{"allow":["GET"]}}],"collection":[{"href":"https:\/\/www.hoymercedes.com.ar\/principal\/wp-json\/wp\/v2\/posts"}],"about":[{"href":"https:\/\/www.hoymercedes.com.ar\/principal\/wp-json\/wp\/v2\/types\/post"}],"author":[{"embeddable":true,"href":"https:\/\/www.hoymercedes.com.ar\/principal\/wp-json\/wp\/v2\/users\/1"}],"replies":[{"embeddable":true,"href":"https:\/\/www.hoymercedes.com.ar\/principal\/wp-json\/wp\/v2\/comments?post=97855"}],"version-history":[{"count":0,"href":"https:\/\/www.hoymercedes.com.ar\/principal\/wp-json\/wp\/v2\/posts\/97855\/revisions"}],"wp:featuredmedia":[{"embeddable":true,"href":"https:\/\/www.hoymercedes.com.ar\/principal\/wp-json\/wp\/v2\/media\/97876"}],"wp:attachment":[{"href":"https:\/\/www.hoymercedes.com.ar\/principal\/wp-json\/wp\/v2\/media?parent=97855"}],"wp:term":[{"taxonomy":"category","embeddable":true,"href":"https:\/\/www.hoymercedes.com.ar\/principal\/wp-json\/wp\/v2\/categories?post=97855"},{"taxonomy":"post_tag","embeddable":true,"href":"https:\/\/www.hoymercedes.com.ar\/principal\/wp-json\/wp\/v2\/tags?post=97855"}],"curies":[{"name":"wp","href":"https:\/\/api.w.org\/{rel}","templated":true}]}}