{"id":97903,"date":"2019-08-08T11:42:16","date_gmt":"2019-08-08T14:42:16","guid":{"rendered":"http:\/\/www.hoymercedes.com.ar\/principal\/?p=97903"},"modified":"2019-08-08T22:56:39","modified_gmt":"2019-08-09T01:56:39","slug":"bonafina-cuatro-anos-mas-en-ate","status":"publish","type":"post","link":"https:\/\/www.hoymercedes.com.ar\/principal\/2019\/08\/08\/bonafina-cuatro-anos-mas-en-ate\/","title":{"rendered":"Bonafina, cuatro a\u00f1os m\u00e1s en ATE"},"content":{"rendered":"\n<p>El secretario general de ATE Mercedes, Hugo Bonafina, gan\u00f3 las elecciones gremiales realizadas este mi\u00e9rcoles 7 de agosto. Por 55% de los votos logr\u00f3 la continuidad en el gremio de estatales. Peleada fue la cantidad de votos para las dos listas principales de las tres que participaban. La cantidad de votos fueron 253 para la lista Verde ANUSATE, 203 para la lista Verde y Blanca, y 15 para la lista Naranja Multicolor con referentes de la izquierda<\/p>\n\n\n\n<figure class=\"wp-block-image\"><img loading=\"lazy\" decoding=\"async\" width=\"800\" height=\"512\" data-attachment-id=\"97904\" data-permalink=\"https:\/\/www.hoymercedes.com.ar\/principal\/2019\/08\/08\/bonafina-cuatro-anos-mas-en-ate\/08-eleccion-ate2\/#main\" data-orig-file=\"https:\/\/www.hoymercedes.com.ar\/principal\/wp-content\/uploads\/2019\/08\/08-eleccion-ATE2.jpeg\" data-orig-size=\"800,512\" data-comments-opened=\"0\" data-image-meta=\"{&quot;aperture&quot;:&quot;0&quot;,&quot;credit&quot;:&quot;&quot;,&quot;camera&quot;:&quot;&quot;,&quot;caption&quot;:&quot;&quot;,&quot;created_timestamp&quot;:&quot;0&quot;,&quot;copyright&quot;:&quot;&quot;,&quot;focal_length&quot;:&quot;0&quot;,&quot;iso&quot;:&quot;0&quot;,&quot;shutter_speed&quot;:&quot;0&quot;,&quot;title&quot;:&quot;&quot;,&quot;orientation&quot;:&quot;0&quot;}\" data-image-title=\"08 eleccion ATE2\" data-image-description=\"\" data-image-caption=\"\" data-large-file=\"https:\/\/www.hoymercedes.com.ar\/principal\/wp-content\/uploads\/2019\/08\/08-eleccion-ATE2.jpeg\" src=\"https:\/\/www.hoymercedes.com.ar\/principal\/wp-content\/uploads\/2019\/08\/08-eleccion-ATE2.jpeg\" alt=\"\" class=\"wp-image-97904\" srcset=\"https:\/\/www.hoymercedes.com.ar\/principal\/wp-content\/uploads\/2019\/08\/08-eleccion-ATE2.jpeg 800w, https:\/\/www.hoymercedes.com.ar\/principal\/wp-content\/uploads\/2019\/08\/08-eleccion-ATE2-150x96.jpeg 150w, https:\/\/www.hoymercedes.com.ar\/principal\/wp-content\/uploads\/2019\/08\/08-eleccion-ATE2-630x403.jpeg 630w\" sizes=\"auto, (max-width: 800px) 100vw, 800px\" \/><\/figure>\n\n\n\n<p>La elecci\u00f3n desarrollada el pasado martes 7 de\nagosto, termin\u00f3 entrada la madrugada con el recuento final de los votos. Fue\npareja y re\u00f1ida entre dos de las listas presentadas. La Lista Verde que\nencabezaba Hugo Bonafina obtuvo los votos necesarios para triunfar ante la Verde\ny Blanca representada por Andrea Scasso y la Naranja Multicolor que encabezaba\nAriel Chacar.<\/p>\n\n\n\n<p>A trav\u00e9s de una conferencia de prensa\nrealizada en la ma\u00f1ana del jueves, Bonfina junto a Mari Troncoso, Fernando\nBojorge y Rolando Garc\u00eda, confirmaron los datos de los resultados. Entre los\ndistritos de Mercedes, Navarro y Suipacha, fueron cerca 470 trabajadores los\nque se expresaron en las urnas, registrando una participaci\u00f3n de m\u00e1s 70% del\npadr\u00f3n electoral. Adem\u00e1s, contaron que hubo mesas en la que la elecci\u00f3n fue\npareja y hasta otras en las que perdi\u00f3 el oficialismo gremial. <\/p>\n\n\n\n<p>Esta elecci\u00f3n los incentiv\u00f3 a \u201cretomar y\nreactualizar los principios de la agrupaci\u00f3n Verde Anusate porque en el cimiento\nde la agrupaci\u00f3n est\u00e1n todas las pol\u00edticas que debemos desarrollar y que no\nhemos desarrollado para&nbsp; poder conquistar\ntodos los derechos que los trabajadores hemos obtenido y hoy estamos en un ida\ny vuelta en tratar de defender contra los embates de este modelo neoliberal que\nencabezan Macri, Vidal y Larreta\u201d, explic\u00f3 Bonafina que cumple 20 a\u00f1os al\nfrente del ATE Mercedes a fin de a\u00f1o.<\/p>\n\n\n\n<p>Por su parte, Fernando Bojorge dio cuenta de\nla tarea que tendr\u00e1n en los pr\u00f3ximos a\u00f1os: &nbsp;\u201cLa pelea m\u00e1s firme queda ahora con el\ngobierno nacional y provincial porque hay que derrotar el ajuste econ\u00f3mico que\nse est\u00e1 haciendo sobre los trabajadores y por supuesto tambi\u00e9n frente al caso\nmunicipal por los salarios bajos que tienen, esa es otra pelea que tenemos que\ndar. Tenemos que contra no solo con el apoyo del voto sino con la fuerza de los\ntrabajadores, juntarlos, debatir y llevar propuestas a esos lugares para poder\ntener un sueldo digno y condiciones dignas de trabajo que es lo que m\u00e1s nos\npreocupa como gremio\u201d. <\/p>\n\n\n\n<p>Las elecciones de ATE fueron tambi\u00e9n en la\nprovincia y en naci\u00f3n. En estos \u00e1mbitos, se mantuvo la conducci\u00f3n actual. En la\nprovincia, Oscar \u201cColo\u201d De Isasi seguir\u00e1 a cargo de los estatales al igual que Hugo\n\u201cCachorro\u201d Godoy a nivel nacional.<\/p>\n","protected":false},"excerpt":{"rendered":"<p>El secretario general de ATE Mercedes, Hugo Bonafina, gan\u00f3 las elecciones gremiales realizadas este mi\u00e9rcoles 7 de agosto. Por 55% &#8230; <a title=\"Bonafina, cuatro a\u00f1os m\u00e1s en ATE\" class=\"read-more\" href=\"https:\/\/www.hoymercedes.com.ar\/principal\/2019\/08\/08\/bonafina-cuatro-anos-mas-en-ate\/\" aria-label=\"Leer m\u00e1s sobre Bonafina, cuatro a\u00f1os m\u00e1s en ATE\">Leer m\u00e1s<\/a><\/p>\n","protected":false},"author":1,"featured_media":97904,"comment_status":"closed","ping_status":"open","sticky":false,"template":"","format":"standard","meta":{"_monsterinsights_skip_tracking":false,"_monsterinsights_sitenote_active":false,"_monsterinsights_sitenote_note":"","_monsterinsights_sitenote_category":0,"jetpack_post_was_ever_published":false,"_jetpack_newsletter_access":"","_jetpack_dont_email_post_to_subs":false,"_jetpack_newsletter_tier_id":0,"_jetpack_memberships_contains_paywalled_content":false,"_jetpack_memberships_contains_paid_content":false,"footnotes":"","jetpack_publicize_message":"","jetpack_publicize_feature_enabled":true,"jetpack_social_post_already_shared":true,"jetpack_social_options":{"image_generator_settings":{"template":"highway","default_image_id":0,"font":"","enabled":false},"version":2},"_wpas_customize_per_network":false},"categories":[10563],"tags":[418,15494,254,1443],"class_list":["post-97903","post","type-post","status-publish","format-standard","has-post-thumbnail","hentry","category-gremios-sindicatos","tag-ate","tag-elecciones-gremiales","tag-hugo-bonafina","tag-sindicatos","generate-columns","tablet-grid-50","mobile-grid-100","grid-parent","grid-50"],"jetpack_publicize_connections":[],"jetpack_featured_media_url":"https:\/\/www.hoymercedes.com.ar\/principal\/wp-content\/uploads\/2019\/08\/08-eleccion-ATE2.jpeg","wps_subtitle":"Elecciones gremiales","jetpack_sharing_enabled":true,"_links":{"self":[{"href":"https:\/\/www.hoymercedes.com.ar\/principal\/wp-json\/wp\/v2\/posts\/97903","targetHints":{"allow":["GET"]}}],"collection":[{"href":"https:\/\/www.hoymercedes.com.ar\/principal\/wp-json\/wp\/v2\/posts"}],"about":[{"href":"https:\/\/www.hoymercedes.com.ar\/principal\/wp-json\/wp\/v2\/types\/post"}],"author":[{"embeddable":true,"href":"https:\/\/www.hoymercedes.com.ar\/principal\/wp-json\/wp\/v2\/users\/1"}],"replies":[{"embeddable":true,"href":"https:\/\/www.hoymercedes.com.ar\/principal\/wp-json\/wp\/v2\/comments?post=97903"}],"version-history":[{"count":0,"href":"https:\/\/www.hoymercedes.com.ar\/principal\/wp-json\/wp\/v2\/posts\/97903\/revisions"}],"wp:featuredmedia":[{"embeddable":true,"href":"https:\/\/www.hoymercedes.com.ar\/principal\/wp-json\/wp\/v2\/media\/97904"}],"wp:attachment":[{"href":"https:\/\/www.hoymercedes.com.ar\/principal\/wp-json\/wp\/v2\/media?parent=97903"}],"wp:term":[{"taxonomy":"category","embeddable":true,"href":"https:\/\/www.hoymercedes.com.ar\/principal\/wp-json\/wp\/v2\/categories?post=97903"},{"taxonomy":"post_tag","embeddable":true,"href":"https:\/\/www.hoymercedes.com.ar\/principal\/wp-json\/wp\/v2\/tags?post=97903"}],"curies":[{"name":"wp","href":"https:\/\/api.w.org\/{rel}","templated":true}]}}