{"id":97953,"date":"2019-08-09T09:29:14","date_gmt":"2019-08-09T12:29:14","guid":{"rendered":"http:\/\/www.hoymercedes.com.ar\/principal\/?p=97953"},"modified":"2019-08-09T09:30:25","modified_gmt":"2019-08-09T12:30:25","slug":"la-iglesia-catedral-pondra-a-sorteo-una-camioneta-donada-por-una-concesionaria","status":"publish","type":"post","link":"https:\/\/www.hoymercedes.com.ar\/principal\/2019\/08\/09\/la-iglesia-catedral-pondra-a-sorteo-una-camioneta-donada-por-una-concesionaria\/","title":{"rendered":"La Iglesia Catedral pondr\u00e1 a sorteo una camioneta donada por una concesionaria"},"content":{"rendered":"\n<p><em>El P\u00e1rroco Juan Carlos Bouzou confirm\u00f3 que la empresa Car One don\u00f3 una camioneta 0km para la iglesia que decidi\u00f3 realizar una rifa a la comunidad para comenzar a venderse en septiembre, en el marco de las Fiestas Patronales. El monto recaudado ser\u00e1 para restaurar los techos de la Parroquia. <\/em><\/p>\n\n\n\n<figure class=\"wp-block-image\"><img loading=\"lazy\" decoding=\"async\" width=\"750\" height=\"500\" data-attachment-id=\"97955\" data-permalink=\"https:\/\/www.hoymercedes.com.ar\/principal\/2019\/08\/09\/la-iglesia-catedral-pondra-a-sorteo-una-camioneta-donada-por-una-concesionaria\/basilica-catedral-1\/#main\" data-orig-file=\"https:\/\/www.hoymercedes.com.ar\/principal\/wp-content\/uploads\/2019\/08\/Bas\u00edlica-Catedral-1.jpg\" data-orig-size=\"750,500\" data-comments-opened=\"0\" data-image-meta=\"{&quot;aperture&quot;:&quot;2&quot;,&quot;credit&quot;:&quot;&quot;,&quot;camera&quot;:&quot;Moto G (5S) Plus&quot;,&quot;caption&quot;:&quot;&quot;,&quot;created_timestamp&quot;:&quot;1565198041&quot;,&quot;copyright&quot;:&quot;&quot;,&quot;focal_length&quot;:&quot;3.59&quot;,&quot;iso&quot;:&quot;790&quot;,&quot;shutter_speed&quot;:&quot;0.05&quot;,&quot;title&quot;:&quot;&quot;,&quot;orientation&quot;:&quot;1&quot;}\" data-image-title=\"Bas\u00edlica Catedral 1\" data-image-description=\"\" data-image-caption=\"\" data-large-file=\"https:\/\/www.hoymercedes.com.ar\/principal\/wp-content\/uploads\/2019\/08\/Bas\u00edlica-Catedral-1.jpg\" src=\"https:\/\/www.hoymercedes.com.ar\/principal\/wp-content\/uploads\/2019\/08\/Bas\u00edlica-Catedral-1.jpg\" alt=\"\" class=\"wp-image-97955\" srcset=\"https:\/\/www.hoymercedes.com.ar\/principal\/wp-content\/uploads\/2019\/08\/Bas\u00edlica-Catedral-1.jpg 750w, https:\/\/www.hoymercedes.com.ar\/principal\/wp-content\/uploads\/2019\/08\/Bas\u00edlica-Catedral-1-150x100.jpg 150w, https:\/\/www.hoymercedes.com.ar\/principal\/wp-content\/uploads\/2019\/08\/Bas\u00edlica-Catedral-1-630x420.jpg 630w, https:\/\/www.hoymercedes.com.ar\/principal\/wp-content\/uploads\/2019\/08\/Bas\u00edlica-Catedral-1-720x480.jpg 720w, https:\/\/www.hoymercedes.com.ar\/principal\/wp-content\/uploads\/2019\/08\/Bas\u00edlica-Catedral-1-360x240.jpg 360w\" sizes=\"auto, (max-width: 750px) 100vw, 750px\" \/><\/figure>\n\n\n\n<p>En el marco\nde una conferencia de prensa que antecedi\u00f3 a la reuni\u00f3n de la Liga de Familia\nde la Iglesia Bas\u00edlica Catedral, el titular de la parroquia, el padre Juan\nCarlos Bouzou anunci\u00f3 que la instituci\u00f3n cat\u00f3lica recibi\u00f3 como donaci\u00f3n una\ncamioneta cabina simple 0 km de parte de la empresa privada Car One.&nbsp; <\/p>\n\n\n\n<p>En su\nanuncio el sacerdote invit\u00f3 a los feligreses a que se sumen a organizar una\nrifa que podr\u00eda comenzar a venderse para las fiestas patronales y propuso que\nsi otras empresas quer\u00edan sumarse con otros premios se comuniquen con la\nIglesia Catedral. Lo recaudado permitir\u00e1 arreglar los techos del templo. <\/p>\n\n\n\n<p>El\nsacerdote P\u00e1rroco de la Bas\u00edlica Catedral record\u00f3 que meses atr\u00e1s se hab\u00edan\nhecho presentes representantes del \u00e1rea de Patrimonio Nacional donde le\nexpresaron su preocupaci\u00f3n por el estado del templo. \u201cHice lo que pude en\nmateria de gesti\u00f3n ya que la Catedral es patrimonio cultural de Naci\u00f3n.\nVinieron a revisar los techos. Ingenieros y arquitectos de la provincia de Buenos\nAires tambi\u00e9n han hecho un amplio estudio. Con estos estudios me dirig\u00ed a\nMonumentos Nacional y me reun\u00ed con la gobernadora. Pero en ambas partes me\nmanifestaron que en este momento no hay plata\u201d, cont\u00f3 Bouzou. <\/p>\n\n\n\n<p>\u201cAnte esta situaci\u00f3n, seguimos gestionando. Pensamos ir detr\u00e1s de lo privado y tratar de sumar. Por medio de Monumento Nacional llegamos\u00a0 a la empresa Car One. Ellos nos comunican que nos donan una camioneta 0 km cabina simple, Wringler 5, para una rifa\u201d, explic\u00f3 el sacerdote entusiasmado con la donaci\u00f3n recibida para la parroquia.<\/p>\n\n\n\n<figure class=\"wp-block-image\"><img loading=\"lazy\" decoding=\"async\" width=\"750\" height=\"500\" data-attachment-id=\"97954\" data-permalink=\"https:\/\/www.hoymercedes.com.ar\/principal\/2019\/08\/09\/la-iglesia-catedral-pondra-a-sorteo-una-camioneta-donada-por-una-concesionaria\/basilica-catedral-2\/#main\" data-orig-file=\"https:\/\/www.hoymercedes.com.ar\/principal\/wp-content\/uploads\/2019\/08\/Bas\u00edlica-Catedral-2.jpg\" data-orig-size=\"750,500\" data-comments-opened=\"0\" data-image-meta=\"{&quot;aperture&quot;:&quot;2&quot;,&quot;credit&quot;:&quot;&quot;,&quot;camera&quot;:&quot;Moto G (5S) Plus&quot;,&quot;caption&quot;:&quot;&quot;,&quot;created_timestamp&quot;:&quot;1565199071&quot;,&quot;copyright&quot;:&quot;&quot;,&quot;focal_length&quot;:&quot;3.59&quot;,&quot;iso&quot;:&quot;668&quot;,&quot;shutter_speed&quot;:&quot;0.03030303030303&quot;,&quot;title&quot;:&quot;&quot;,&quot;orientation&quot;:&quot;1&quot;}\" data-image-title=\"Bas\u00edlica Catedral 2\" data-image-description=\"\" data-image-caption=\"\" data-large-file=\"https:\/\/www.hoymercedes.com.ar\/principal\/wp-content\/uploads\/2019\/08\/Bas\u00edlica-Catedral-2.jpg\" src=\"https:\/\/www.hoymercedes.com.ar\/principal\/wp-content\/uploads\/2019\/08\/Bas\u00edlica-Catedral-2.jpg\" alt=\"\" class=\"wp-image-97954\" srcset=\"https:\/\/www.hoymercedes.com.ar\/principal\/wp-content\/uploads\/2019\/08\/Bas\u00edlica-Catedral-2.jpg 750w, https:\/\/www.hoymercedes.com.ar\/principal\/wp-content\/uploads\/2019\/08\/Bas\u00edlica-Catedral-2-150x100.jpg 150w, https:\/\/www.hoymercedes.com.ar\/principal\/wp-content\/uploads\/2019\/08\/Bas\u00edlica-Catedral-2-630x420.jpg 630w, https:\/\/www.hoymercedes.com.ar\/principal\/wp-content\/uploads\/2019\/08\/Bas\u00edlica-Catedral-2-720x480.jpg 720w, https:\/\/www.hoymercedes.com.ar\/principal\/wp-content\/uploads\/2019\/08\/Bas\u00edlica-Catedral-2-360x240.jpg 360w\" sizes=\"auto, (max-width: 750px) 100vw, 750px\" \/><\/figure>\n\n\n\n<p>\u201cPara m\u00ed es\nuna puerta que se abre. As\u00ed como la Catedral se termin\u00f3 con la generosidad de\nUnzu\u00e9 que puso su yegua \u2018Ocurrencia\u2019 para que lo que gane en el Hip\u00f3dromo sea\npara la obra. Esta vez tendremos una \u2018Ocurrencia\u2019, ya no de cuatro patas, sino\nde cuatro ruedas. Lo tomo como una gran bendici\u00f3n de Dios. Esto es para la\ncomunidad y de este neog\u00f3tico que necesita ser restaurado. Esta puerta que se\nabri\u00f3 es un primer paso para avanzar en lo que so\u00f1amos\u201d, agreg\u00f3.&nbsp; <\/p>\n\n\n\n<p>Luego, el\nPadre Juan Carlos cont\u00f3 algunos pormenores sobre los trabajos y beneficios que\ntendr\u00edan a partir de la donaci\u00f3n recibida. Las necesidades de obras en el\nedificio son varias. Calcula que para el arreglo de los techos por dentro,\nnecesitar\u00e1 un mill\u00f3n y medio de pesos, aunque el arreglo general sumar\u00eda cerca\nde 15 millones, sin tener en cuenta la cripta y el frente. <\/p>\n\n\n\n<p>\u201cCreo que\nse puede hacer mucho. A medida que se administre bien. \u00bfCu\u00e1l es mi idea? Que\ncada uno pongamos un granito de arena. Pens\u00e9 en hacer una rifa como la de los\nBomberos. Tambi\u00e9n pens\u00e9 en gestionar con otras empresas y negocios otros\npremios. Quiero armar un equipo de trabajo para armarlo bien y largar la rifa\npara las Fiestas Patronales\u201d, agreg\u00f3 el cura p\u00e1rroco instando a los feligreses\na que se sumen a la organizaci\u00f3n, venta y compra de la rifa, m\u00e1s all\u00e1 de que\ncontinuar\u00e1 las gestiones para que los organismos nacionales incluyan el arreglo\ndel templo en sus proyectos.&nbsp; <\/p>\n","protected":false},"excerpt":{"rendered":"<p>El P\u00e1rroco Juan Carlos Bouzou confirm\u00f3 que la empresa Car One don\u00f3 una camioneta 0km para la iglesia que decidi\u00f3 &#8230; <a title=\"La Iglesia Catedral pondr\u00e1 a sorteo una camioneta donada por una concesionaria\" class=\"read-more\" href=\"https:\/\/www.hoymercedes.com.ar\/principal\/2019\/08\/09\/la-iglesia-catedral-pondra-a-sorteo-una-camioneta-donada-por-una-concesionaria\/\" aria-label=\"Leer m\u00e1s sobre La Iglesia Catedral pondr\u00e1 a sorteo una camioneta donada por una concesionaria\">Leer m\u00e1s<\/a><\/p>\n","protected":false},"author":1,"featured_media":97954,"comment_status":"closed","ping_status":"open","sticky":false,"template":"","format":"standard","meta":{"_monsterinsights_skip_tracking":false,"_monsterinsights_sitenote_active":false,"_monsterinsights_sitenote_note":"","_monsterinsights_sitenote_category":0,"jetpack_post_was_ever_published":false,"_jetpack_newsletter_access":"","_jetpack_dont_email_post_to_subs":false,"_jetpack_newsletter_tier_id":0,"_jetpack_memberships_contains_paywalled_content":false,"_jetpack_memberships_contains_paid_content":false,"footnotes":"","jetpack_publicize_message":"","jetpack_publicize_feature_enabled":true,"jetpack_social_post_already_shared":false,"jetpack_social_options":{"image_generator_settings":{"template":"highway","default_image_id":0,"font":"","enabled":false},"version":2},"_wpas_customize_per_network":false},"categories":[8],"tags":[15615,4311,9783,15617],"class_list":["post-97953","post","type-post","status-publish","format-standard","has-post-thumbnail","hentry","category-sociedad","tag-anuncio","tag-basilica-catedral","tag-donacion","tag-padre-juan-carlos-bouzou","generate-columns","tablet-grid-50","mobile-grid-100","grid-parent","grid-50"],"jetpack_publicize_connections":[],"jetpack_featured_media_url":"https:\/\/www.hoymercedes.com.ar\/principal\/wp-content\/uploads\/2019\/08\/Bas\u00edlica-Catedral-2.jpg","wps_subtitle":"La rifa se pondr\u00eda a la venta en septiembre","jetpack_sharing_enabled":true,"_links":{"self":[{"href":"https:\/\/www.hoymercedes.com.ar\/principal\/wp-json\/wp\/v2\/posts\/97953","targetHints":{"allow":["GET"]}}],"collection":[{"href":"https:\/\/www.hoymercedes.com.ar\/principal\/wp-json\/wp\/v2\/posts"}],"about":[{"href":"https:\/\/www.hoymercedes.com.ar\/principal\/wp-json\/wp\/v2\/types\/post"}],"author":[{"embeddable":true,"href":"https:\/\/www.hoymercedes.com.ar\/principal\/wp-json\/wp\/v2\/users\/1"}],"replies":[{"embeddable":true,"href":"https:\/\/www.hoymercedes.com.ar\/principal\/wp-json\/wp\/v2\/comments?post=97953"}],"version-history":[{"count":0,"href":"https:\/\/www.hoymercedes.com.ar\/principal\/wp-json\/wp\/v2\/posts\/97953\/revisions"}],"wp:featuredmedia":[{"embeddable":true,"href":"https:\/\/www.hoymercedes.com.ar\/principal\/wp-json\/wp\/v2\/media\/97954"}],"wp:attachment":[{"href":"https:\/\/www.hoymercedes.com.ar\/principal\/wp-json\/wp\/v2\/media?parent=97953"}],"wp:term":[{"taxonomy":"category","embeddable":true,"href":"https:\/\/www.hoymercedes.com.ar\/principal\/wp-json\/wp\/v2\/categories?post=97953"},{"taxonomy":"post_tag","embeddable":true,"href":"https:\/\/www.hoymercedes.com.ar\/principal\/wp-json\/wp\/v2\/tags?post=97953"}],"curies":[{"name":"wp","href":"https:\/\/api.w.org\/{rel}","templated":true}]}}