{"id":97970,"date":"2019-08-09T11:40:08","date_gmt":"2019-08-09T14:40:08","guid":{"rendered":"http:\/\/www.hoymercedes.com.ar\/principal\/?p=97970"},"modified":"2019-08-10T20:47:43","modified_gmt":"2019-08-10T23:47:43","slug":"realizaron-dos-dias-de-capacitacion-para-emprendedores-mercedinos","status":"publish","type":"post","link":"https:\/\/www.hoymercedes.com.ar\/principal\/2019\/08\/09\/realizaron-dos-dias-de-capacitacion-para-emprendedores-mercedinos\/","title":{"rendered":"Realizaron dos d\u00edas de capacitaci\u00f3n para emprendedores mercedinos"},"content":{"rendered":"\n<p>Durante los d\u00edas 7 y 8 de agosto se desarrollaron dos d\u00edas de capacitaci\u00f3n para emprendedores en el marco del programa Sumando Innovaci\u00f3n 2.0 que llev\u00f3 adelante el Ministerio de Ciencia, Tecnolog\u00eda e Innovaci\u00f3n bonaerense en la sede de la C\u00e1mara Econ\u00f3mica Mercedes. La capacitaci\u00f3n estuvo a cargo de la Fundaci\u00f3n Tecnol\u00f3gica el Plata que cuenta con el auspicio del Consejo Federal de Inversiones. <\/p>\n\n\n\n<figure class=\"wp-block-image\"><img loading=\"lazy\" decoding=\"async\" width=\"800\" height=\"533\" data-attachment-id=\"97973\" data-permalink=\"https:\/\/www.hoymercedes.com.ar\/principal\/2019\/08\/09\/realizaron-dos-dias-de-capacitacion-para-emprendedores-mercedinos\/2019-cem-capacitacion-agosto-1\/#main\" data-orig-file=\"https:\/\/www.hoymercedes.com.ar\/principal\/wp-content\/uploads\/2019\/08\/2019-CEM-capacitacion-agosto-1.jpg\" data-orig-size=\"800,533\" data-comments-opened=\"0\" data-image-meta=\"{&quot;aperture&quot;:&quot;2&quot;,&quot;credit&quot;:&quot;&quot;,&quot;camera&quot;:&quot;Moto G (5S) Plus&quot;,&quot;caption&quot;:&quot;&quot;,&quot;created_timestamp&quot;:&quot;1565188170&quot;,&quot;copyright&quot;:&quot;&quot;,&quot;focal_length&quot;:&quot;3.59&quot;,&quot;iso&quot;:&quot;468&quot;,&quot;shutter_speed&quot;:&quot;0.03030303030303&quot;,&quot;title&quot;:&quot;&quot;,&quot;orientation&quot;:&quot;1&quot;}\" data-image-title=\"2019 CEM capacitacion agosto 1\" data-image-description=\"\" data-image-caption=\"\" data-large-file=\"https:\/\/www.hoymercedes.com.ar\/principal\/wp-content\/uploads\/2019\/08\/2019-CEM-capacitacion-agosto-1.jpg\" src=\"https:\/\/www.hoymercedes.com.ar\/principal\/wp-content\/uploads\/2019\/08\/2019-CEM-capacitacion-agosto-1.jpg\" alt=\"\" class=\"wp-image-97973\" srcset=\"https:\/\/www.hoymercedes.com.ar\/principal\/wp-content\/uploads\/2019\/08\/2019-CEM-capacitacion-agosto-1.jpg 800w, https:\/\/www.hoymercedes.com.ar\/principal\/wp-content\/uploads\/2019\/08\/2019-CEM-capacitacion-agosto-1-150x100.jpg 150w, https:\/\/www.hoymercedes.com.ar\/principal\/wp-content\/uploads\/2019\/08\/2019-CEM-capacitacion-agosto-1-630x420.jpg 630w, https:\/\/www.hoymercedes.com.ar\/principal\/wp-content\/uploads\/2019\/08\/2019-CEM-capacitacion-agosto-1-720x480.jpg 720w, https:\/\/www.hoymercedes.com.ar\/principal\/wp-content\/uploads\/2019\/08\/2019-CEM-capacitacion-agosto-1-360x240.jpg 360w\" sizes=\"auto, (max-width: 800px) 100vw, 800px\" \/><\/figure>\n\n\n\n<p>Las jornadas \u00a0introducen a los emprendedores y empresarios sobre sus potencialidades creativas. Buscaron identificar los puntos fuertes, los posibles bloqueos y su forma de abordarlos, brindando a los participantes las herramientas y conocimientos b\u00e1sicos sobre empresas, sociedades, monotributo y marcas, para comprender las cuestiones jur\u00eddicas y administrativas que deben considerarse en actividades comerciales. <\/p>\n\n\n\n<p>La primera de las jornadas estuvo a cargo de Pablo Sela\nque enfatiz\u00f3 en el desarrollo emprendedor. Por su parte, Vera P\u00e9rez Guarnieri\navanz\u00f3 en las cuestiones legales, formaci\u00f3n de empresa y creaci\u00f3n de marca. Es\nd\u00eda tambi\u00e9n Damasita Gonz\u00e1lez Riesco se centr\u00f3 en la creatividad y la\ninnovaci\u00f3n. Al d\u00eda siguiente, Mauro Mojizs dio los pasos para organizar y\nllevar adelante un proyecto y Alejandro Sanz present\u00f3 como herramienta el\nModelo Canvas. <\/p>\n\n\n\n<p>Cabe destacar que Sumando Innovaci\u00f3n 2.0 est\u00e1 destinado a emprendedores y productores de la peque\u00f1a y mediana empresa interesados en implementar ideas e iniciativas que puedan incorporar la creatividad e innovaci\u00f3n y asesorarse sobre estrategias de financiamiento. <\/p>\n\n\n\n<figure class=\"wp-block-image\"><img loading=\"lazy\" decoding=\"async\" width=\"800\" height=\"533\" data-attachment-id=\"97972\" data-permalink=\"https:\/\/www.hoymercedes.com.ar\/principal\/2019\/08\/09\/realizaron-dos-dias-de-capacitacion-para-emprendedores-mercedinos\/2019-cem-capacitacion-agosto-2\/#main\" data-orig-file=\"https:\/\/www.hoymercedes.com.ar\/principal\/wp-content\/uploads\/2019\/08\/2019-CEM-capacitacion-agosto-2.jpg\" data-orig-size=\"800,533\" data-comments-opened=\"0\" data-image-meta=\"{&quot;aperture&quot;:&quot;2&quot;,&quot;credit&quot;:&quot;&quot;,&quot;camera&quot;:&quot;Moto G (5S) Plus&quot;,&quot;caption&quot;:&quot;&quot;,&quot;created_timestamp&quot;:&quot;1565274211&quot;,&quot;copyright&quot;:&quot;&quot;,&quot;focal_length&quot;:&quot;3.59&quot;,&quot;iso&quot;:&quot;796&quot;,&quot;shutter_speed&quot;:&quot;0.03030303030303&quot;,&quot;title&quot;:&quot;&quot;,&quot;orientation&quot;:&quot;3&quot;}\" data-image-title=\"2019 CEM capacitacion agosto 2\" data-image-description=\"\" data-image-caption=\"\" data-large-file=\"https:\/\/www.hoymercedes.com.ar\/principal\/wp-content\/uploads\/2019\/08\/2019-CEM-capacitacion-agosto-2.jpg\" src=\"https:\/\/www.hoymercedes.com.ar\/principal\/wp-content\/uploads\/2019\/08\/2019-CEM-capacitacion-agosto-2.jpg\" alt=\"\" class=\"wp-image-97972\" srcset=\"https:\/\/www.hoymercedes.com.ar\/principal\/wp-content\/uploads\/2019\/08\/2019-CEM-capacitacion-agosto-2.jpg 800w, https:\/\/www.hoymercedes.com.ar\/principal\/wp-content\/uploads\/2019\/08\/2019-CEM-capacitacion-agosto-2-150x100.jpg 150w, https:\/\/www.hoymercedes.com.ar\/principal\/wp-content\/uploads\/2019\/08\/2019-CEM-capacitacion-agosto-2-630x420.jpg 630w, https:\/\/www.hoymercedes.com.ar\/principal\/wp-content\/uploads\/2019\/08\/2019-CEM-capacitacion-agosto-2-720x480.jpg 720w, https:\/\/www.hoymercedes.com.ar\/principal\/wp-content\/uploads\/2019\/08\/2019-CEM-capacitacion-agosto-2-360x240.jpg 360w\" sizes=\"auto, (max-width: 800px) 100vw, 800px\" \/><\/figure>\n","protected":false},"excerpt":{"rendered":"<p>Durante los d\u00edas 7 y 8 de agosto se desarrollaron dos d\u00edas de capacitaci\u00f3n para emprendedores en el marco del &#8230; <a title=\"Realizaron dos d\u00edas de capacitaci\u00f3n para emprendedores mercedinos\" class=\"read-more\" href=\"https:\/\/www.hoymercedes.com.ar\/principal\/2019\/08\/09\/realizaron-dos-dias-de-capacitacion-para-emprendedores-mercedinos\/\" aria-label=\"Leer m\u00e1s sobre Realizaron dos d\u00edas de capacitaci\u00f3n para emprendedores mercedinos\">Leer m\u00e1s<\/a><\/p>\n","protected":false},"author":1,"featured_media":97972,"comment_status":"closed","ping_status":"open","sticky":false,"template":"","format":"standard","meta":{"_monsterinsights_skip_tracking":false,"_monsterinsights_sitenote_active":false,"_monsterinsights_sitenote_note":"","_monsterinsights_sitenote_category":0,"jetpack_post_was_ever_published":false,"_jetpack_newsletter_access":"","_jetpack_dont_email_post_to_subs":false,"_jetpack_newsletter_tier_id":0,"_jetpack_memberships_contains_paywalled_content":false,"_jetpack_memberships_contains_paid_content":false,"footnotes":"","jetpack_publicize_message":"","jetpack_publicize_feature_enabled":true,"jetpack_social_post_already_shared":true,"jetpack_social_options":{"image_generator_settings":{"template":"highway","default_image_id":0,"font":"","enabled":false},"version":2},"_wpas_customize_per_network":false},"categories":[8],"tags":[8656,682,2644],"class_list":["post-97970","post","type-post","status-publish","format-standard","has-post-thumbnail","hentry","category-sociedad","tag-capacitacion","tag-cem","tag-emprendedores","generate-columns","tablet-grid-50","mobile-grid-100","grid-parent","grid-50"],"jetpack_publicize_connections":[],"jetpack_featured_media_url":"https:\/\/www.hoymercedes.com.ar\/principal\/wp-content\/uploads\/2019\/08\/2019-CEM-capacitacion-agosto-2.jpg","wps_subtitle":"En la sede de la CEM","jetpack_sharing_enabled":true,"_links":{"self":[{"href":"https:\/\/www.hoymercedes.com.ar\/principal\/wp-json\/wp\/v2\/posts\/97970","targetHints":{"allow":["GET"]}}],"collection":[{"href":"https:\/\/www.hoymercedes.com.ar\/principal\/wp-json\/wp\/v2\/posts"}],"about":[{"href":"https:\/\/www.hoymercedes.com.ar\/principal\/wp-json\/wp\/v2\/types\/post"}],"author":[{"embeddable":true,"href":"https:\/\/www.hoymercedes.com.ar\/principal\/wp-json\/wp\/v2\/users\/1"}],"replies":[{"embeddable":true,"href":"https:\/\/www.hoymercedes.com.ar\/principal\/wp-json\/wp\/v2\/comments?post=97970"}],"version-history":[{"count":0,"href":"https:\/\/www.hoymercedes.com.ar\/principal\/wp-json\/wp\/v2\/posts\/97970\/revisions"}],"wp:featuredmedia":[{"embeddable":true,"href":"https:\/\/www.hoymercedes.com.ar\/principal\/wp-json\/wp\/v2\/media\/97972"}],"wp:attachment":[{"href":"https:\/\/www.hoymercedes.com.ar\/principal\/wp-json\/wp\/v2\/media?parent=97970"}],"wp:term":[{"taxonomy":"category","embeddable":true,"href":"https:\/\/www.hoymercedes.com.ar\/principal\/wp-json\/wp\/v2\/categories?post=97970"},{"taxonomy":"post_tag","embeddable":true,"href":"https:\/\/www.hoymercedes.com.ar\/principal\/wp-json\/wp\/v2\/tags?post=97970"}],"curies":[{"name":"wp","href":"https:\/\/api.w.org\/{rel}","templated":true}]}}