{"id":97977,"date":"2019-08-09T17:58:38","date_gmt":"2019-08-09T20:58:38","guid":{"rendered":"http:\/\/www.hoymercedes.com.ar\/principal\/?p=97977"},"modified":"2019-08-11T00:49:55","modified_gmt":"2019-08-11T03:49:55","slug":"conoce-las-boletas-de-los-candidatos-a-las-paso-en-mercedes","status":"publish","type":"post","link":"https:\/\/www.hoymercedes.com.ar\/principal\/2019\/08\/09\/conoce-las-boletas-de-los-candidatos-a-las-paso-en-mercedes\/","title":{"rendered":"Conoc\u00e9 las boletas de los candidatos a las PASO en Mercedes"},"content":{"rendered":"\n<p>Conoc\u00e9 las boletas que habr\u00e1 en el cuarto oscuro. El pr\u00f3ximo domingo en Mercedes, como en todo el pa\u00eds, se desarrollar\u00e1n las Primarias Abiertas Obligatorias y Simultaneas con miras a la elecci\u00f3n de octubra para cubrir los cargos, principalmente, de intendente, gobernador y presidente. <\/p>\n\n\n\n<p>En Mercedes las boletas que tendremos para elegir ser\u00e1n las siguientes.<\/p>\n\n\n\n<div class=\"wp-block-image\"><figure class=\"aligncenter is-resized\"><img loading=\"lazy\" decoding=\"async\" data-attachment-id=\"97978\" data-permalink=\"https:\/\/www.hoymercedes.com.ar\/principal\/2019\/08\/09\/conoce-las-boletas-de-los-candidatos-a-las-paso-en-mercedes\/ustarroz-frentedetodos-paso2019\/#main\" data-orig-file=\"https:\/\/www.hoymercedes.com.ar\/principal\/wp-content\/uploads\/2019\/08\/Ustarroz-FrenteDeTodos-PASO2019.jpg\" data-orig-size=\"354,555\" data-comments-opened=\"0\" data-image-meta=\"{&quot;aperture&quot;:&quot;0&quot;,&quot;credit&quot;:&quot;&quot;,&quot;camera&quot;:&quot;&quot;,&quot;caption&quot;:&quot;&quot;,&quot;created_timestamp&quot;:&quot;0&quot;,&quot;copyright&quot;:&quot;&quot;,&quot;focal_length&quot;:&quot;0&quot;,&quot;iso&quot;:&quot;0&quot;,&quot;shutter_speed&quot;:&quot;0&quot;,&quot;title&quot;:&quot;&quot;,&quot;orientation&quot;:&quot;0&quot;}\" data-image-title=\"Ustarroz-FrenteDeTodos-PASO2019\" data-image-description=\"\" data-image-caption=\"\" data-large-file=\"https:\/\/www.hoymercedes.com.ar\/principal\/wp-content\/uploads\/2019\/08\/Ustarroz-FrenteDeTodos-PASO2019.jpg\" src=\"https:\/\/www.hoymercedes.com.ar\/principal\/wp-content\/uploads\/2019\/08\/Ustarroz-FrenteDeTodos-PASO2019.jpg\" alt=\"\" class=\"wp-image-97978\" width=\"562\" height=\"881\" srcset=\"https:\/\/www.hoymercedes.com.ar\/principal\/wp-content\/uploads\/2019\/08\/Ustarroz-FrenteDeTodos-PASO2019.jpg 354w, https:\/\/www.hoymercedes.com.ar\/principal\/wp-content\/uploads\/2019\/08\/Ustarroz-FrenteDeTodos-PASO2019-96x150.jpg 96w\" sizes=\"auto, (max-width: 562px) 100vw, 562px\" \/><figcaption>Usatrroz &#8211; Frente de Todos<\/figcaption><\/figure><\/div>\n\n\n\n<div class=\"wp-block-image\"><figure class=\"aligncenter\"><img loading=\"lazy\" decoding=\"async\" width=\"639\" height=\"1024\" data-attachment-id=\"97979\" data-permalink=\"https:\/\/www.hoymercedes.com.ar\/principal\/2019\/08\/09\/conoce-las-boletas-de-los-candidatos-a-las-paso-en-mercedes\/cardozo-consensofederao-paso2019\/#main\" data-orig-file=\"https:\/\/www.hoymercedes.com.ar\/principal\/wp-content\/uploads\/2019\/08\/Cardozo-ConsensoFederao-PASO2019.jpeg\" data-orig-size=\"799,1280\" data-comments-opened=\"0\" data-image-meta=\"{&quot;aperture&quot;:&quot;0&quot;,&quot;credit&quot;:&quot;&quot;,&quot;camera&quot;:&quot;&quot;,&quot;caption&quot;:&quot;&quot;,&quot;created_timestamp&quot;:&quot;0&quot;,&quot;copyright&quot;:&quot;&quot;,&quot;focal_length&quot;:&quot;0&quot;,&quot;iso&quot;:&quot;0&quot;,&quot;shutter_speed&quot;:&quot;0&quot;,&quot;title&quot;:&quot;&quot;,&quot;orientation&quot;:&quot;0&quot;}\" data-image-title=\"Cardozo-ConsensoFederao-PASO2019\" data-image-description=\"\" data-image-caption=\"\" data-large-file=\"https:\/\/www.hoymercedes.com.ar\/principal\/wp-content\/uploads\/2019\/08\/Cardozo-ConsensoFederao-PASO2019-639x1024.jpeg\" src=\"https:\/\/www.hoymercedes.com.ar\/principal\/wp-content\/uploads\/2019\/08\/Cardozo-ConsensoFederao-PASO2019-639x1024.jpeg\" alt=\"\" class=\"wp-image-97979\" srcset=\"https:\/\/www.hoymercedes.com.ar\/principal\/wp-content\/uploads\/2019\/08\/Cardozo-ConsensoFederao-PASO2019-639x1024.jpeg 639w, https:\/\/www.hoymercedes.com.ar\/principal\/wp-content\/uploads\/2019\/08\/Cardozo-ConsensoFederao-PASO2019-94x150.jpeg 94w, https:\/\/www.hoymercedes.com.ar\/principal\/wp-content\/uploads\/2019\/08\/Cardozo-ConsensoFederao-PASO2019-387x620.jpeg 387w, https:\/\/www.hoymercedes.com.ar\/principal\/wp-content\/uploads\/2019\/08\/Cardozo-ConsensoFederao-PASO2019.jpeg 799w\" sizes=\"auto, (max-width: 639px) 100vw, 639px\" \/><figcaption>Cardozo &#8211; Consenso Federal<\/figcaption><\/figure><\/div>\n\n\n\n<div class=\"wp-block-image\"><figure class=\"aligncenter is-resized\"><img loading=\"lazy\" decoding=\"async\" data-attachment-id=\"97980\" data-permalink=\"https:\/\/www.hoymercedes.com.ar\/principal\/2019\/08\/09\/conoce-las-boletas-de-los-candidatos-a-las-paso-en-mercedes\/demarco-frentedeizquiersa-paso2019\/#main\" data-orig-file=\"https:\/\/www.hoymercedes.com.ar\/principal\/wp-content\/uploads\/2019\/08\/Demarco-FrentedeIzquiersa-PASO2019.jpeg\" data-orig-size=\"254,402\" data-comments-opened=\"0\" data-image-meta=\"{&quot;aperture&quot;:&quot;0&quot;,&quot;credit&quot;:&quot;&quot;,&quot;camera&quot;:&quot;&quot;,&quot;caption&quot;:&quot;&quot;,&quot;created_timestamp&quot;:&quot;0&quot;,&quot;copyright&quot;:&quot;&quot;,&quot;focal_length&quot;:&quot;0&quot;,&quot;iso&quot;:&quot;0&quot;,&quot;shutter_speed&quot;:&quot;0&quot;,&quot;title&quot;:&quot;&quot;,&quot;orientation&quot;:&quot;0&quot;}\" data-image-title=\"Demarco-FrentedeIzquiersa-PASO2019\" data-image-description=\"\" data-image-caption=\"\" data-large-file=\"https:\/\/www.hoymercedes.com.ar\/principal\/wp-content\/uploads\/2019\/08\/Demarco-FrentedeIzquiersa-PASO2019.jpeg\" src=\"https:\/\/www.hoymercedes.com.ar\/principal\/wp-content\/uploads\/2019\/08\/Demarco-FrentedeIzquiersa-PASO2019.jpeg\" alt=\"\" class=\"wp-image-97980\" width=\"515\" height=\"815\" srcset=\"https:\/\/www.hoymercedes.com.ar\/principal\/wp-content\/uploads\/2019\/08\/Demarco-FrentedeIzquiersa-PASO2019.jpeg 254w, https:\/\/www.hoymercedes.com.ar\/principal\/wp-content\/uploads\/2019\/08\/Demarco-FrentedeIzquiersa-PASO2019-95x150.jpeg 95w\" sizes=\"auto, (max-width: 515px) 100vw, 515px\" \/><figcaption>Demarco &#8211; Frente de Izquierda <br><\/figcaption><\/figure><\/div>\n\n\n\n<div class=\"wp-block-image\"><figure class=\"aligncenter is-resized\"><img loading=\"lazy\" decoding=\"async\" data-attachment-id=\"97981\" data-permalink=\"https:\/\/www.hoymercedes.com.ar\/principal\/2019\/08\/09\/conoce-las-boletas-de-los-candidatos-a-las-paso-en-mercedes\/depaola-juntosporelcambio-paso\/#main\" data-orig-file=\"https:\/\/www.hoymercedes.com.ar\/principal\/wp-content\/uploads\/2019\/08\/DePaola-JuntosPorElCambio-PASO.jpg\" data-orig-size=\"314,499\" data-comments-opened=\"0\" data-image-meta=\"{&quot;aperture&quot;:&quot;0&quot;,&quot;credit&quot;:&quot;&quot;,&quot;camera&quot;:&quot;&quot;,&quot;caption&quot;:&quot;&quot;,&quot;created_timestamp&quot;:&quot;0&quot;,&quot;copyright&quot;:&quot;&quot;,&quot;focal_length&quot;:&quot;0&quot;,&quot;iso&quot;:&quot;0&quot;,&quot;shutter_speed&quot;:&quot;0&quot;,&quot;title&quot;:&quot;&quot;,&quot;orientation&quot;:&quot;0&quot;}\" data-image-title=\"DePaola-JuntosPorElCambio-PASO\" data-image-description=\"\" data-image-caption=\"\" data-large-file=\"https:\/\/www.hoymercedes.com.ar\/principal\/wp-content\/uploads\/2019\/08\/DePaola-JuntosPorElCambio-PASO.jpg\" src=\"https:\/\/www.hoymercedes.com.ar\/principal\/wp-content\/uploads\/2019\/08\/DePaola-JuntosPorElCambio-PASO.jpg\" alt=\"\" class=\"wp-image-97981\" width=\"543\" height=\"863\" srcset=\"https:\/\/www.hoymercedes.com.ar\/principal\/wp-content\/uploads\/2019\/08\/DePaola-JuntosPorElCambio-PASO.jpg 314w, https:\/\/www.hoymercedes.com.ar\/principal\/wp-content\/uploads\/2019\/08\/DePaola-JuntosPorElCambio-PASO-94x150.jpg 94w\" sizes=\"auto, (max-width: 543px) 100vw, 543px\" \/><figcaption>De Paola &#8211; Juntos por el Cambio<\/figcaption><\/figure><\/div>\n\n\n\n<div class=\"wp-block-image\"><figure class=\"aligncenter is-resized\"><img loading=\"lazy\" decoding=\"async\" data-attachment-id=\"97982\" data-permalink=\"https:\/\/www.hoymercedes.com.ar\/principal\/2019\/08\/09\/conoce-las-boletas-de-los-candidatos-a-las-paso-en-mercedes\/villalba-dignidadpopular-paso2019\/#main\" data-orig-file=\"https:\/\/www.hoymercedes.com.ar\/principal\/wp-content\/uploads\/2019\/08\/Villalba-DignidadPopular-PASO2019.jpeg\" data-orig-size=\"321,508\" data-comments-opened=\"0\" data-image-meta=\"{&quot;aperture&quot;:&quot;0&quot;,&quot;credit&quot;:&quot;&quot;,&quot;camera&quot;:&quot;&quot;,&quot;caption&quot;:&quot;&quot;,&quot;created_timestamp&quot;:&quot;0&quot;,&quot;copyright&quot;:&quot;&quot;,&quot;focal_length&quot;:&quot;0&quot;,&quot;iso&quot;:&quot;0&quot;,&quot;shutter_speed&quot;:&quot;0&quot;,&quot;title&quot;:&quot;&quot;,&quot;orientation&quot;:&quot;0&quot;}\" data-image-title=\"Villalba-DignidadPopular-PASO2019\" data-image-description=\"\" data-image-caption=\"\" data-large-file=\"https:\/\/www.hoymercedes.com.ar\/principal\/wp-content\/uploads\/2019\/08\/Villalba-DignidadPopular-PASO2019.jpeg\" src=\"https:\/\/www.hoymercedes.com.ar\/principal\/wp-content\/uploads\/2019\/08\/Villalba-DignidadPopular-PASO2019.jpeg\" alt=\"\" class=\"wp-image-97982\" width=\"543\" height=\"859\" srcset=\"https:\/\/www.hoymercedes.com.ar\/principal\/wp-content\/uploads\/2019\/08\/Villalba-DignidadPopular-PASO2019.jpeg 321w, https:\/\/www.hoymercedes.com.ar\/principal\/wp-content\/uploads\/2019\/08\/Villalba-DignidadPopular-PASO2019-95x150.jpeg 95w\" sizes=\"auto, (max-width: 543px) 100vw, 543px\" \/><figcaption>Villalba &#8211; Dignidad Popular<\/figcaption><\/figure><\/div>\n","protected":false},"excerpt":{"rendered":"<p>Conoc\u00e9 las boletas que habr\u00e1 en el cuarto oscuro. El pr\u00f3ximo domingo en Mercedes, como en todo el pa\u00eds, se &#8230; <a title=\"Conoc\u00e9 las boletas de los candidatos a las PASO en Mercedes\" class=\"read-more\" href=\"https:\/\/www.hoymercedes.com.ar\/principal\/2019\/08\/09\/conoce-las-boletas-de-los-candidatos-a-las-paso-en-mercedes\/\" aria-label=\"Leer m\u00e1s sobre Conoc\u00e9 las boletas de los candidatos a las PASO en Mercedes\">Leer m\u00e1s<\/a><\/p>\n","protected":false},"author":1,"featured_media":98028,"comment_status":"closed","ping_status":"open","sticky":false,"template":"","format":"standard","meta":{"_monsterinsights_skip_tracking":false,"_monsterinsights_sitenote_active":false,"_monsterinsights_sitenote_note":"","_monsterinsights_sitenote_category":0,"jetpack_post_was_ever_published":false,"_jetpack_newsletter_access":"","_jetpack_dont_email_post_to_subs":false,"_jetpack_newsletter_tier_id":0,"_jetpack_memberships_contains_paywalled_content":false,"_jetpack_memberships_contains_paid_content":false,"footnotes":"","jetpack_publicize_message":"","jetpack_publicize_feature_enabled":true,"jetpack_social_post_already_shared":true,"jetpack_social_options":{"image_generator_settings":{"template":"highway","default_image_id":0,"font":"","enabled":false},"version":2},"_wpas_customize_per_network":false},"categories":[15626],"tags":[8826,15621,15619,424,15620],"class_list":["post-97977","post","type-post","status-publish","format-standard","has-post-thumbnail","hentry","category-paso-2019","tag-cardozo","tag-demarco","tag-depaola","tag-ustarroz","tag-villalba","generate-columns","tablet-grid-50","mobile-grid-100","grid-parent","grid-50"],"jetpack_publicize_connections":[],"jetpack_featured_media_url":"https:\/\/www.hoymercedes.com.ar\/principal\/wp-content\/uploads\/2019\/08\/Ustarroz-FrenteDeTodos-PASO2019.2.jpg","wps_subtitle":"PASO 2019","jetpack_sharing_enabled":true,"_links":{"self":[{"href":"https:\/\/www.hoymercedes.com.ar\/principal\/wp-json\/wp\/v2\/posts\/97977","targetHints":{"allow":["GET"]}}],"collection":[{"href":"https:\/\/www.hoymercedes.com.ar\/principal\/wp-json\/wp\/v2\/posts"}],"about":[{"href":"https:\/\/www.hoymercedes.com.ar\/principal\/wp-json\/wp\/v2\/types\/post"}],"author":[{"embeddable":true,"href":"https:\/\/www.hoymercedes.com.ar\/principal\/wp-json\/wp\/v2\/users\/1"}],"replies":[{"embeddable":true,"href":"https:\/\/www.hoymercedes.com.ar\/principal\/wp-json\/wp\/v2\/comments?post=97977"}],"version-history":[{"count":0,"href":"https:\/\/www.hoymercedes.com.ar\/principal\/wp-json\/wp\/v2\/posts\/97977\/revisions"}],"wp:featuredmedia":[{"embeddable":true,"href":"https:\/\/www.hoymercedes.com.ar\/principal\/wp-json\/wp\/v2\/media\/98028"}],"wp:attachment":[{"href":"https:\/\/www.hoymercedes.com.ar\/principal\/wp-json\/wp\/v2\/media?parent=97977"}],"wp:term":[{"taxonomy":"category","embeddable":true,"href":"https:\/\/www.hoymercedes.com.ar\/principal\/wp-json\/wp\/v2\/categories?post=97977"},{"taxonomy":"post_tag","embeddable":true,"href":"https:\/\/www.hoymercedes.com.ar\/principal\/wp-json\/wp\/v2\/tags?post=97977"}],"curies":[{"name":"wp","href":"https:\/\/api.w.org\/{rel}","templated":true}]}}