{"id":9798,"date":"2011-12-13T12:12:09","date_gmt":"2011-12-13T12:12:09","guid":{"rendered":"http:\/\/www.hoymercedes.com.ar\/principal\/?p=9798"},"modified":"2011-12-13T12:56:18","modified_gmt":"2011-12-13T12:56:18","slug":"selva-asumio-formalmente-su-tercer-mandato","status":"publish","type":"post","link":"https:\/\/www.hoymercedes.com.ar\/principal\/2011\/12\/13\/selva-asumio-formalmente-su-tercer-mandato\/","title":{"rendered":"Selva asumi\u00f3 formalmente su tercer mandato"},"content":{"rendered":"<p>Carlos Selva asumi\u00f3 jurando en el Teatro Julio Cesar Gioscio su tercer mandato como intendente<\/p>\n<p><img loading=\"lazy\" decoding=\"async\" data-attachment-id=\"9800\" data-permalink=\"https:\/\/www.hoymercedes.com.ar\/principal\/2011\/12\/13\/selva-asumio-formalmente-su-tercer-mandato\/dscn9444\/#main\" data-orig-file=\"https:\/\/www.hoymercedes.com.ar\/principal\/wp-content\/uploads\/2011\/12\/DSCN9444.jpg\" data-orig-size=\"612,459\" data-comments-opened=\"1\" data-image-meta=\"{&quot;aperture&quot;:&quot;3.8&quot;,&quot;credit&quot;:&quot;&quot;,&quot;camera&quot;:&quot;COOLPIX L10&quot;,&quot;caption&quot;:&quot;&quot;,&quot;created_timestamp&quot;:&quot;1323533415&quot;,&quot;copyright&quot;:&quot;Copyright 2006&quot;,&quot;focal_length&quot;:&quot;10.7&quot;,&quot;iso&quot;:&quot;800&quot;,&quot;shutter_speed&quot;:&quot;0.016666666666667&quot;,&quot;title&quot;:&quot;&quot;}\" data-image-title=\"DSCN9444\" data-image-description=\"\" data-image-caption=\"\" data-large-file=\"https:\/\/www.hoymercedes.com.ar\/principal\/wp-content\/uploads\/2011\/12\/DSCN9444.jpg\" class=\"aligncenter size-full wp-image-9800\" title=\"DSCN9444\" src=\"https:\/\/www.hoymercedes.com.ar\/principal\/wp-content\/uploads\/2011\/12\/DSCN9444.jpg\" alt=\"\" width=\"612\" height=\"459\" \/><\/p>\n<p>Tambi\u00e9n juraron ayer sus Secretarios sin que se produjera ning\u00fan cambio con relaci\u00f3n a quienes finalizaron la segunda gesti\u00f3n. Sostuvo que la ciudad est\u00e1 ante un momento hist\u00f3rico al poder contar con un Diputado nacional y uno Provincial. Centenares de mercedinos compartieron el momento junto al jefe comunal.<\/p>\n<p><a href=\"https:\/\/www.hoymercedes.com.ar\/principal\/wp-content\/uploads\/2011\/12\/DSCN9435.jpg\"><img loading=\"lazy\" decoding=\"async\" data-attachment-id=\"9801\" data-permalink=\"https:\/\/www.hoymercedes.com.ar\/principal\/2011\/12\/13\/selva-asumio-formalmente-su-tercer-mandato\/dscn9435\/#main\" data-orig-file=\"https:\/\/www.hoymercedes.com.ar\/principal\/wp-content\/uploads\/2011\/12\/DSCN9435.jpg\" data-orig-size=\"612,459\" data-comments-opened=\"1\" data-image-meta=\"{&quot;aperture&quot;:&quot;2.8&quot;,&quot;credit&quot;:&quot;&quot;,&quot;camera&quot;:&quot;COOLPIX L10&quot;,&quot;caption&quot;:&quot;&quot;,&quot;created_timestamp&quot;:&quot;1323532554&quot;,&quot;copyright&quot;:&quot;Copyright 2006&quot;,&quot;focal_length&quot;:&quot;6.2&quot;,&quot;iso&quot;:&quot;800&quot;,&quot;shutter_speed&quot;:&quot;0.016666666666667&quot;,&quot;title&quot;:&quot;&quot;}\" data-image-title=\"Jura selva\" data-image-description=\"\" data-image-caption=\"\" data-large-file=\"https:\/\/www.hoymercedes.com.ar\/principal\/wp-content\/uploads\/2011\/12\/DSCN9435.jpg\" class=\"aligncenter size-full wp-image-9801\" title=\"Jura selva\" src=\"https:\/\/www.hoymercedes.com.ar\/principal\/wp-content\/uploads\/2011\/12\/DSCN9435.jpg\" alt=\"\" width=\"612\" height=\"459\" srcset=\"https:\/\/www.hoymercedes.com.ar\/principal\/wp-content\/uploads\/2011\/12\/DSCN9435.jpg 612w, https:\/\/www.hoymercedes.com.ar\/principal\/wp-content\/uploads\/2011\/12\/DSCN9435-300x225.jpg 300w\" sizes=\"auto, (max-width: 612px) 100vw, 612px\" \/><\/a><\/p>\n<p>Carlos Am\u00e9rico Selva jur\u00f3 anoche en las instalaciones del Complejo Teatro Municipal Intendente Julio Cesar Gioscio por tercera vez como intendente Municipal del Partido de Mercedes ante una muy significativa cantidad de vecinos que no solo ocup\u00f3 la planta baja del Teatro sino adem\u00e1s el hall de entrada del mismo y parte de la calle 27.<\/p>\n<p><a href=\"https:\/\/www.hoymercedes.com.ar\/principal\/wp-content\/uploads\/2011\/12\/DSCN9440.jpg\"><img loading=\"lazy\" decoding=\"async\" data-attachment-id=\"9802\" data-permalink=\"https:\/\/www.hoymercedes.com.ar\/principal\/2011\/12\/13\/selva-asumio-formalmente-su-tercer-mandato\/dscn9440\/#main\" data-orig-file=\"https:\/\/www.hoymercedes.com.ar\/principal\/wp-content\/uploads\/2011\/12\/DSCN9440.jpg\" data-orig-size=\"612,459\" data-comments-opened=\"1\" data-image-meta=\"{&quot;aperture&quot;:&quot;3.4&quot;,&quot;credit&quot;:&quot;&quot;,&quot;camera&quot;:&quot;COOLPIX L10&quot;,&quot;caption&quot;:&quot;&quot;,&quot;created_timestamp&quot;:&quot;1323533127&quot;,&quot;copyright&quot;:&quot;Copyright 2006&quot;,&quot;focal_length&quot;:&quot;9&quot;,&quot;iso&quot;:&quot;800&quot;,&quot;shutter_speed&quot;:&quot;0.016666666666667&quot;,&quot;title&quot;:&quot;&quot;}\" data-image-title=\"Jura Selva\" data-image-description=\"\" data-image-caption=\"\" data-large-file=\"https:\/\/www.hoymercedes.com.ar\/principal\/wp-content\/uploads\/2011\/12\/DSCN9440.jpg\" class=\"aligncenter size-full wp-image-9802\" title=\"Jura Selva\" src=\"https:\/\/www.hoymercedes.com.ar\/principal\/wp-content\/uploads\/2011\/12\/DSCN9440.jpg\" alt=\"\" width=\"612\" height=\"459\" srcset=\"https:\/\/www.hoymercedes.com.ar\/principal\/wp-content\/uploads\/2011\/12\/DSCN9440.jpg 612w, https:\/\/www.hoymercedes.com.ar\/principal\/wp-content\/uploads\/2011\/12\/DSCN9440-300x225.jpg 300w\" sizes=\"auto, (max-width: 612px) 100vw, 612px\" \/><\/a><\/p>\n<p>La jura se produjo en el marco de una Sesi\u00f3n Extraordinaria que el Concejo Deliberante concret\u00f3 en el Teatro para lo cual fue necesario trasladar hasta dicho lugar las bancas desde el Palacio Municipal.<\/p>\n<p><a href=\"https:\/\/www.hoymercedes.com.ar\/principal\/wp-content\/uploads\/2011\/12\/DSCN9441.jpg\"><img loading=\"lazy\" decoding=\"async\" data-attachment-id=\"9803\" data-permalink=\"https:\/\/www.hoymercedes.com.ar\/principal\/2011\/12\/13\/selva-asumio-formalmente-su-tercer-mandato\/dscn9441\/#main\" data-orig-file=\"https:\/\/www.hoymercedes.com.ar\/principal\/wp-content\/uploads\/2011\/12\/DSCN9441.jpg\" data-orig-size=\"612,459\" data-comments-opened=\"1\" data-image-meta=\"{&quot;aperture&quot;:&quot;2.8&quot;,&quot;credit&quot;:&quot;&quot;,&quot;camera&quot;:&quot;COOLPIX L10&quot;,&quot;caption&quot;:&quot;&quot;,&quot;created_timestamp&quot;:&quot;1323533159&quot;,&quot;copyright&quot;:&quot;Copyright 2006&quot;,&quot;focal_length&quot;:&quot;6.2&quot;,&quot;iso&quot;:&quot;200&quot;,&quot;shutter_speed&quot;:&quot;0.033333333333333&quot;,&quot;title&quot;:&quot;&quot;}\" data-image-title=\"Jura Selva\" data-image-description=\"\" data-image-caption=\"\" data-large-file=\"https:\/\/www.hoymercedes.com.ar\/principal\/wp-content\/uploads\/2011\/12\/DSCN9441.jpg\" class=\"aligncenter size-full wp-image-9803\" title=\"Jura Selva\" src=\"https:\/\/www.hoymercedes.com.ar\/principal\/wp-content\/uploads\/2011\/12\/DSCN9441.jpg\" alt=\"\" width=\"612\" height=\"459\" srcset=\"https:\/\/www.hoymercedes.com.ar\/principal\/wp-content\/uploads\/2011\/12\/DSCN9441.jpg 612w, https:\/\/www.hoymercedes.com.ar\/principal\/wp-content\/uploads\/2011\/12\/DSCN9441-300x225.jpg 300w\" sizes=\"auto, (max-width: 612px) 100vw, 612px\" \/><\/a><\/p>\n<p>El acto cont\u00f3 con la presencia del Vicario general de la Arquidi\u00f3cesis Mercedes Luj\u00e1n Monse\u00f1or Jorge Bruno, del representante del Ministerio de Desarrollo Social de la Provincia, el Jefe del Gabinete de Deportes Bonaerense, el Secretario de Deportes de la Municipalidad de Moreno, los presidentes de las C\u00e1maras de Apelaciones del Departamento Judicial Mercedes, autoridades policiales, de Gendarmer\u00eda, Bomberos, del Colegio de Magistrados y Funcionarios del FDepartamento Judicial, representantes de entidades intermedias de nuestra ciudad, otros invitados especiales y vecinos en general.<\/p>\n<p><a href=\"https:\/\/www.hoymercedes.com.ar\/principal\/wp-content\/uploads\/2011\/12\/DSCN9448.jpg\"><img loading=\"lazy\" decoding=\"async\" data-attachment-id=\"9804\" data-permalink=\"https:\/\/www.hoymercedes.com.ar\/principal\/2011\/12\/13\/selva-asumio-formalmente-su-tercer-mandato\/dscn9448\/#main\" data-orig-file=\"https:\/\/www.hoymercedes.com.ar\/principal\/wp-content\/uploads\/2011\/12\/DSCN9448.jpg\" data-orig-size=\"612,459\" data-comments-opened=\"1\" data-image-meta=\"{&quot;aperture&quot;:&quot;2.8&quot;,&quot;credit&quot;:&quot;&quot;,&quot;camera&quot;:&quot;COOLPIX L10&quot;,&quot;caption&quot;:&quot;&quot;,&quot;created_timestamp&quot;:&quot;1323533616&quot;,&quot;copyright&quot;:&quot;Copyright 2006&quot;,&quot;focal_length&quot;:&quot;6.2&quot;,&quot;iso&quot;:&quot;400&quot;,&quot;shutter_speed&quot;:&quot;0.016666666666667&quot;,&quot;title&quot;:&quot;&quot;}\" data-image-title=\"Jura Selva \" data-image-description=\"\" data-image-caption=\"\" data-large-file=\"https:\/\/www.hoymercedes.com.ar\/principal\/wp-content\/uploads\/2011\/12\/DSCN9448.jpg\" class=\"aligncenter size-full wp-image-9804\" title=\"Jura Selva \" src=\"https:\/\/www.hoymercedes.com.ar\/principal\/wp-content\/uploads\/2011\/12\/DSCN9448.jpg\" alt=\"\" width=\"612\" height=\"459\" srcset=\"https:\/\/www.hoymercedes.com.ar\/principal\/wp-content\/uploads\/2011\/12\/DSCN9448.jpg 612w, https:\/\/www.hoymercedes.com.ar\/principal\/wp-content\/uploads\/2011\/12\/DSCN9448-300x225.jpg 300w\" sizes=\"auto, (max-width: 612px) 100vw, 612px\" \/><\/a><\/p>\n<p>La apertura estuvo a cargo de la Int\u00e9rprete Mercedina Juliana Ezcurra que como se informara en su momento hace muy pocos d\u00edas tuvo una muy destacada labor interpretativa junto al cantante venezolano Franco De Vita, siendo en esta oportunidad la encargada de interpretar las estrofas del Himno Nacional Argentino.<\/p>\n<p><a href=\"https:\/\/www.hoymercedes.com.ar\/principal\/wp-content\/uploads\/2011\/12\/DSCN9447.jpg\"><img loading=\"lazy\" decoding=\"async\" data-attachment-id=\"9805\" data-permalink=\"https:\/\/www.hoymercedes.com.ar\/principal\/2011\/12\/13\/selva-asumio-formalmente-su-tercer-mandato\/dscn9447\/#main\" data-orig-file=\"https:\/\/www.hoymercedes.com.ar\/principal\/wp-content\/uploads\/2011\/12\/DSCN9447.jpg\" data-orig-size=\"612,459\" data-comments-opened=\"1\" data-image-meta=\"{&quot;aperture&quot;:&quot;5.2&quot;,&quot;credit&quot;:&quot;&quot;,&quot;camera&quot;:&quot;COOLPIX L10&quot;,&quot;caption&quot;:&quot;&quot;,&quot;created_timestamp&quot;:&quot;1323533583&quot;,&quot;copyright&quot;:&quot;Copyright 2006&quot;,&quot;focal_length&quot;:&quot;18.6&quot;,&quot;iso&quot;:&quot;800&quot;,&quot;shutter_speed&quot;:&quot;0.016666666666667&quot;,&quot;title&quot;:&quot;&quot;}\" data-image-title=\"Jura Selva\" data-image-description=\"\" data-image-caption=\"\" data-large-file=\"https:\/\/www.hoymercedes.com.ar\/principal\/wp-content\/uploads\/2011\/12\/DSCN9447.jpg\" class=\"aligncenter size-full wp-image-9805\" title=\"Jura Selva\" src=\"https:\/\/www.hoymercedes.com.ar\/principal\/wp-content\/uploads\/2011\/12\/DSCN9447.jpg\" alt=\"\" width=\"612\" height=\"459\" srcset=\"https:\/\/www.hoymercedes.com.ar\/principal\/wp-content\/uploads\/2011\/12\/DSCN9447.jpg 612w, https:\/\/www.hoymercedes.com.ar\/principal\/wp-content\/uploads\/2011\/12\/DSCN9447-300x225.jpg 300w\" sizes=\"auto, (max-width: 612px) 100vw, 612px\" \/><\/a><\/p>\n<p>Acto seguido y tras la lectura del acta correspondiente el presidente del Concejo Deliberante, Ingeniero Marcelo Den\u00e1pole hizo entrega del diploma que acredita a Carlos Selva como intendente del Partido tras lo cual procedi\u00f3 a tomarle el juramento de pr\u00e1ctica.<\/p>\n<p><a href=\"https:\/\/www.hoymercedes.com.ar\/principal\/wp-content\/uploads\/2011\/12\/DSCN9446.jpg\"><img loading=\"lazy\" decoding=\"async\" data-attachment-id=\"9806\" data-permalink=\"https:\/\/www.hoymercedes.com.ar\/principal\/2011\/12\/13\/selva-asumio-formalmente-su-tercer-mandato\/dscn9446\/#main\" data-orig-file=\"https:\/\/www.hoymercedes.com.ar\/principal\/wp-content\/uploads\/2011\/12\/DSCN9446.jpg\" data-orig-size=\"612,459\" data-comments-opened=\"1\" data-image-meta=\"{&quot;aperture&quot;:&quot;3.4&quot;,&quot;credit&quot;:&quot;&quot;,&quot;camera&quot;:&quot;COOLPIX L10&quot;,&quot;caption&quot;:&quot;&quot;,&quot;created_timestamp&quot;:&quot;1323533526&quot;,&quot;copyright&quot;:&quot;Copyright 2006&quot;,&quot;focal_length&quot;:&quot;9&quot;,&quot;iso&quot;:&quot;400&quot;,&quot;shutter_speed&quot;:&quot;0.016666666666667&quot;,&quot;title&quot;:&quot;&quot;}\" data-image-title=\"Jura Selva\" data-image-description=\"\" data-image-caption=\"\" data-large-file=\"https:\/\/www.hoymercedes.com.ar\/principal\/wp-content\/uploads\/2011\/12\/DSCN9446.jpg\" class=\"aligncenter size-full wp-image-9806\" title=\"Jura Selva\" src=\"https:\/\/www.hoymercedes.com.ar\/principal\/wp-content\/uploads\/2011\/12\/DSCN9446.jpg\" alt=\"\" width=\"612\" height=\"459\" srcset=\"https:\/\/www.hoymercedes.com.ar\/principal\/wp-content\/uploads\/2011\/12\/DSCN9446.jpg 612w, https:\/\/www.hoymercedes.com.ar\/principal\/wp-content\/uploads\/2011\/12\/DSCN9446-300x225.jpg 300w\" sizes=\"auto, (max-width: 612px) 100vw, 612px\" \/><\/a><\/p>\n<p>Ya nuevamente en funciones como jefe comunal, Selva procedi\u00f3 a tomar juramento a los Secretarios que comenzar\u00e1n con el tercer periodo de gesti\u00f3n municipal comenzando con el de Gobierno Sergio Fabi\u00e1n L\u00f3pez para luego continuar con el contador Rodolfo Berardo en Econom\u00eda y Finanzas, Hugo Zunini en Desarrollo Social, Gustavo Salomone en Obras Publicas, y Jos\u00e9 Luis Bern\u00e1rdez en Control Urbano<\/p>\n<h1><span style=\"color: #003366;\"><strong>Las palabras del Jefe Comunal<\/strong><\/span><\/h1>\n<p>Carlos Selva comenz\u00f3 su primer discurso oficial del tercer mandato como intendente sosteniendo <em>\u201cquiero comenzar agradeciendo a los se\u00f1ores concejales la deferencia de haber trasladado los elemento desde el \u00e1mbito natural del recinto hasta este lugar permitiendo la posibilidad antes este marco de gente de realizar este acto, algo que de por si hemos venido realizando desde hace a\u00f1os permitiendo que estos actos institucionales se puedan compartir con el mayor n\u00famero de gente posible por el espacio f\u00edsico\u201d.<\/em><\/p>\n<p><em>Luego de agradecer a los presentes por estar acompa\u00f1ando el acto en especial al Diputado nacional por la Provincia de San Luis Aguilar por haberse hecho presente viajando especialmente desde su provincia , Selva sostuvo tambi\u00e9n agradeci\u00f3 la tarea efectuada por los concejales que dejaron sus Bancas y a los que aun deben permanecer ya que asumieron por el per\u00edodo 2009-2013, \u201cno puedo dejar de hacer referencia a la importancia que ha tenido el Concejo Deliberante donde m\u00e1s all\u00e1 de cuestionamientos partidarios o de visiones pol\u00edticas que hemos tenido ha permitido que la Municipalidad como instrumento generador de pol\u00edtica directas hacia el ciudadano haya podido desempe\u00f1arse con fluidez, solvencia y responsabilidad\u201d para luego desear el m\u00e1ximo de los \u00e9xitos a los ediles que acaban de asumir sus funciones pidiendo el m\u00e1ximo de compromiso \u201chacia la ciudadan\u00eda sin perder la identidad primando sobre todas las cosas la cordura, el respeto y el compromiso d e trabajar por la ciudadan\u00eda que nos ha nos ha elegido y dado la responsabilidad de conducir de maneja conjunta los destinos de esta ciudad por los pr\u00f3ximo cuatro a\u00f1os\u201d<\/em><\/p>\n<p><em>Posteriormente el jefe comunal a la consolidaci\u00f3n de la etapa institucional y democr\u00e1tica que se est\u00e1 viviendo con la etapa de mayor movilidad social de los \u00faltimos cuarenta a\u00f1os en el pa\u00eds.<\/em><\/p>\n<p><em>\u201cEsto era impensable en las \u00e9pocas de desaz\u00f3n, los que tenemos algunos a\u00f1os m\u00e1s vivimos los momentos m\u00e1s duros del que se vayan todos, el descreimiento, y la crisis social hasta que apareci\u00f3 este hombre que transform\u00f3 la historia de la pol\u00edtica y genero para mi una de las cosas que tome el atrevimiento de rescatar, fue el primero que puso la econom\u00eda al servicio de una decisi\u00f3n pol\u00edtica, ese hombre fue N\u00e9stor Kirchner y desde ese momento y esa fuerte decisi\u00f3n pol\u00edtica insoslayable desde el mismo momento en que jurara como presidente el 25 de mayo de 2003 llevo adelante la mayor transformaci\u00f3n pol\u00edtica en la Argentina en todos los \u00f3rdenes\u201d.<\/em><\/p>\n<p><em>Luego se refiri\u00f3 a que Mercedes debi\u00f3 soportar no hace mucho tal vez el mayor ataque recibido por su municipalidad y el \u201cmayor ataque no como persona sino como intendente Municipal para luego agregar \u201cpero va a contar en esta oportunidad con un Diputado Nacional y uno Provincial, me refiero al Diputado Nacional Eduardo De Pedro para quien pido un aplauso como as\u00ed para el Diputado Provincial Alberto Espa\u00f1a, una suerte y un privilegio, ambos son convecinos y hoy nos representan a todos y por eso creo que tenemos una oportunidad hist\u00f3rica, la gente tom\u00f3 una decisi\u00f3n sobre quienes conducian y como deb\u00edan conducir este salto del 2011 a 2915 y nosotros no que remos desaprovechar ninguna de las voluntades que se han expresado p\u00fablicamente para nuestra ciudad\u201d<\/em><\/p>\n<p>Luego agreg\u00f3 que del fuerte debate que vivi\u00f3 la ciudad han salido muchas propuestas positivas que en lo personal me han entusiasmado mucho y para poder llevarlas adelante convocaba a todos los sectores de la ciudad sosteniendo que Mercedes se hab\u00eda transformado en los \u00faltimos cuatro a\u00f1os en todos los sentidos.<\/p>\n<p>Hizo referencia al cambio producido a lo largo de ocho a\u00f1os en el presupuesto municipal que durante dicho tiempo lo subi\u00f3 de 16 millones a 115 millones como es el del 2012 agregando que en 2011 se ejecutaran 88 millones.<\/p>\n<p>Selva concluyo sosteniendo<em> \u201ctengan la certeza que como hombre de bien que me considero que no tengo rencores, que no tengo prejuicios, tengo que saber que tenemos un camino por delante en este camino importante en tiene la Argentina que esta creciendo con un modelo que nosotros venimos defendiendo desde el 2001.<\/em><\/p>\n<p><em>He tomado en compromiso con el juramento que vamos a dejar todo lo que est\u00e9 a nuestro alcance para poder llevar adelante una gesti\u00f3n con responsabilidad, honestidad y con mucho trabajo para darle beneficios a todos los mercedinos\u201d.<\/em><\/p>\n<p><a href=\"https:\/\/www.hoymercedes.com.ar\/principal\/wp-content\/uploads\/2011\/12\/DSCN9445.jpg\"><img loading=\"lazy\" decoding=\"async\" data-attachment-id=\"9807\" data-permalink=\"https:\/\/www.hoymercedes.com.ar\/principal\/2011\/12\/13\/selva-asumio-formalmente-su-tercer-mandato\/dscn9445\/#main\" data-orig-file=\"https:\/\/www.hoymercedes.com.ar\/principal\/wp-content\/uploads\/2011\/12\/DSCN9445.jpg\" data-orig-size=\"612,459\" data-comments-opened=\"1\" data-image-meta=\"{&quot;aperture&quot;:&quot;3.1&quot;,&quot;credit&quot;:&quot;&quot;,&quot;camera&quot;:&quot;COOLPIX L10&quot;,&quot;caption&quot;:&quot;&quot;,&quot;created_timestamp&quot;:&quot;1323533477&quot;,&quot;copyright&quot;:&quot;Copyright 2006&quot;,&quot;focal_length&quot;:&quot;7.6&quot;,&quot;iso&quot;:&quot;400&quot;,&quot;shutter_speed&quot;:&quot;0.016666666666667&quot;,&quot;title&quot;:&quot;&quot;}\" data-image-title=\"Jura Selva\" data-image-description=\"\" data-image-caption=\"\" data-large-file=\"https:\/\/www.hoymercedes.com.ar\/principal\/wp-content\/uploads\/2011\/12\/DSCN9445.jpg\" class=\"aligncenter size-full wp-image-9807\" title=\"Jura Selva\" src=\"https:\/\/www.hoymercedes.com.ar\/principal\/wp-content\/uploads\/2011\/12\/DSCN9445.jpg\" alt=\"\" width=\"612\" height=\"459\" srcset=\"https:\/\/www.hoymercedes.com.ar\/principal\/wp-content\/uploads\/2011\/12\/DSCN9445.jpg 612w, https:\/\/www.hoymercedes.com.ar\/principal\/wp-content\/uploads\/2011\/12\/DSCN9445-300x225.jpg 300w\" sizes=\"auto, (max-width: 612px) 100vw, 612px\" \/><\/a><\/p>\n<p>&nbsp;<\/p>\n<p><a href=\"https:\/\/www.hoymercedes.com.ar\/principal\/wp-content\/uploads\/2011\/12\/DSCN94351.jpg\"><img loading=\"lazy\" decoding=\"async\" data-attachment-id=\"9808\" data-permalink=\"https:\/\/www.hoymercedes.com.ar\/principal\/2011\/12\/13\/selva-asumio-formalmente-su-tercer-mandato\/dscn9435-2\/#main\" data-orig-file=\"https:\/\/www.hoymercedes.com.ar\/principal\/wp-content\/uploads\/2011\/12\/DSCN94351.jpg\" data-orig-size=\"612,459\" data-comments-opened=\"1\" data-image-meta=\"{&quot;aperture&quot;:&quot;2.8&quot;,&quot;credit&quot;:&quot;&quot;,&quot;camera&quot;:&quot;COOLPIX L10&quot;,&quot;caption&quot;:&quot;&quot;,&quot;created_timestamp&quot;:&quot;1323532554&quot;,&quot;copyright&quot;:&quot;Copyright 2006&quot;,&quot;focal_length&quot;:&quot;6.2&quot;,&quot;iso&quot;:&quot;800&quot;,&quot;shutter_speed&quot;:&quot;0.016666666666667&quot;,&quot;title&quot;:&quot;&quot;}\" data-image-title=\"Jura Selva\" data-image-description=\"\" data-image-caption=\"\" data-large-file=\"https:\/\/www.hoymercedes.com.ar\/principal\/wp-content\/uploads\/2011\/12\/DSCN94351.jpg\" class=\"aligncenter size-full wp-image-9808\" title=\"Jura Selva\" src=\"https:\/\/www.hoymercedes.com.ar\/principal\/wp-content\/uploads\/2011\/12\/DSCN94351.jpg\" alt=\"\" width=\"612\" height=\"459\" srcset=\"https:\/\/www.hoymercedes.com.ar\/principal\/wp-content\/uploads\/2011\/12\/DSCN94351.jpg 612w, https:\/\/www.hoymercedes.com.ar\/principal\/wp-content\/uploads\/2011\/12\/DSCN94351-300x225.jpg 300w\" sizes=\"auto, (max-width: 612px) 100vw, 612px\" \/><\/a><\/p>\n","protected":false},"excerpt":{"rendered":"<p>Carlos Selva asumi\u00f3 jurando en el Teatro Julio Cesar Gioscio su tercer mandato como intendente Tambi\u00e9n juraron ayer sus Secretarios &#8230; <a title=\"Selva asumi\u00f3 formalmente su tercer mandato\" class=\"read-more\" href=\"https:\/\/www.hoymercedes.com.ar\/principal\/2011\/12\/13\/selva-asumio-formalmente-su-tercer-mandato\/\" aria-label=\"Leer m\u00e1s sobre Selva asumi\u00f3 formalmente su tercer mandato\">Leer m\u00e1s<\/a><\/p>\n","protected":false},"author":1,"featured_media":0,"comment_status":"open","ping_status":"open","sticky":false,"template":"","format":"standard","meta":{"_monsterinsights_skip_tracking":false,"_monsterinsights_sitenote_active":false,"_monsterinsights_sitenote_note":"","_monsterinsights_sitenote_category":0,"jetpack_post_was_ever_published":false,"_jetpack_newsletter_access":"","_jetpack_dont_email_post_to_subs":false,"_jetpack_newsletter_tier_id":0,"_jetpack_memberships_contains_paywalled_content":false,"_jetpack_memberships_contains_paid_content":false,"footnotes":"","jetpack_publicize_message":"","jetpack_publicize_feature_enabled":true,"jetpack_social_post_already_shared":false,"jetpack_social_options":{"image_generator_settings":{"template":"highway","default_image_id":0,"font":"","enabled":false},"version":2},"_wpas_customize_per_network":false},"categories":[5],"tags":[1713,1714,18],"class_list":["post-9798","post","type-post","status-publish","format-standard","hentry","category-politica","tag-asuncion-concejales","tag-consejeros-escolares","tag-selva","generate-columns","tablet-grid-50","mobile-grid-100","grid-parent","grid-50"],"jetpack_publicize_connections":[],"jetpack_featured_media_url":"","wps_subtitle":"","jetpack_sharing_enabled":true,"_links":{"self":[{"href":"https:\/\/www.hoymercedes.com.ar\/principal\/wp-json\/wp\/v2\/posts\/9798","targetHints":{"allow":["GET"]}}],"collection":[{"href":"https:\/\/www.hoymercedes.com.ar\/principal\/wp-json\/wp\/v2\/posts"}],"about":[{"href":"https:\/\/www.hoymercedes.com.ar\/principal\/wp-json\/wp\/v2\/types\/post"}],"author":[{"embeddable":true,"href":"https:\/\/www.hoymercedes.com.ar\/principal\/wp-json\/wp\/v2\/users\/1"}],"replies":[{"embeddable":true,"href":"https:\/\/www.hoymercedes.com.ar\/principal\/wp-json\/wp\/v2\/comments?post=9798"}],"version-history":[{"count":0,"href":"https:\/\/www.hoymercedes.com.ar\/principal\/wp-json\/wp\/v2\/posts\/9798\/revisions"}],"wp:attachment":[{"href":"https:\/\/www.hoymercedes.com.ar\/principal\/wp-json\/wp\/v2\/media?parent=9798"}],"wp:term":[{"taxonomy":"category","embeddable":true,"href":"https:\/\/www.hoymercedes.com.ar\/principal\/wp-json\/wp\/v2\/categories?post=9798"},{"taxonomy":"post_tag","embeddable":true,"href":"https:\/\/www.hoymercedes.com.ar\/principal\/wp-json\/wp\/v2\/tags?post=9798"}],"curies":[{"name":"wp","href":"https:\/\/api.w.org\/{rel}","templated":true}]}}