{"id":97984,"date":"2019-08-09T18:56:24","date_gmt":"2019-08-09T21:56:24","guid":{"rendered":"http:\/\/www.hoymercedes.com.ar\/principal\/?p=97984"},"modified":"2019-08-10T20:47:23","modified_gmt":"2019-08-10T23:47:23","slug":"lalcec-desea-concientizar-sobre-la-importancia-de-tener-habitos-saludables","status":"publish","type":"post","link":"https:\/\/www.hoymercedes.com.ar\/principal\/2019\/08\/09\/lalcec-desea-concientizar-sobre-la-importancia-de-tener-habitos-saludables\/","title":{"rendered":"LALCEC desea concientizar sobre la importancia de tener H\u00e1bitos Saludables"},"content":{"rendered":"\n<p>Del 12 al 16 de agosto se realizar\u00e1 la Primera Campa\u00f1a de H\u00e1bitos Saludables en todo el pa\u00eds. LALCEC Mercedes informa a toda la comunidad mercedina, que a partir de este a\u00f1o, se agrega a la lista de Campa\u00f1as que habitualmente desarrollamos, la Campa\u00f1a de H\u00e1bitos Saludables.<\/p>\n\n\n\n<p>Con ella buscamos concientizar sobre la necesidad de adoptar h\u00e1bitos de vida, que beneficien la salud integral, porque tener h\u00e1bitos saludables reduce hasta un 40% las posibilidades de padecer cualquier tipo de c\u00e1ncer.\u00a0<br>-En Argentina 6 de cada 10 adultos presentan exceso de peso y 5 de cada 10 adultos son sedentarios. Nuestro pa\u00eds est\u00e1 ubicado entre los \u00edndices m\u00e1s elevados de sobrepeso y obesidad en Sudam\u00e9rica.\u00a0<br>-Es fundamental mantener el cuerpo en un peso adecuado. LALCEC recomienda consumir frutas y verduras y realizar al menos 30 minutos de ejercicio f\u00edsico diariamente.\u00a0<br>&#8211; El agua es la mejor opci\u00f3n para mantenerte hidratado. Se recomienda tomar al menos 8 vasos al d\u00eda. Adem\u00e1s, evitar el consumo de bebidas azucaradas.<br>-Una alimentaci\u00f3n saludable es la que aporta todos los nutrientes esenciales y la energ\u00eda que necesit\u00e1s para mantenerte sano.<br>-Adem\u00e1s, previene enfermedades como diabetes, sobrepeso y obesidad, algunos tipos de c\u00e1ncer e hipertensi\u00f3n, y favorece el desarrollo y crecimiento saludable de los chicos.<\/p>\n\n\n\n<p>Es por ello, que en el marco de esta campa\u00f1a, se estar\u00e1n difundiendo en diferentes medios de nuestra ciudad, charlas informativas a cargo de la Licenciada en nutrici\u00f3n Carolina Bessega.<br><\/p>\n","protected":false},"excerpt":{"rendered":"<p>Del 12 al 16 de agosto se realizar\u00e1 la Primera Campa\u00f1a de H\u00e1bitos Saludables en todo el pa\u00eds. LALCEC Mercedes &#8230; <a title=\"LALCEC desea concientizar sobre la importancia de tener H\u00e1bitos Saludables\" class=\"read-more\" href=\"https:\/\/www.hoymercedes.com.ar\/principal\/2019\/08\/09\/lalcec-desea-concientizar-sobre-la-importancia-de-tener-habitos-saludables\/\" aria-label=\"Leer m\u00e1s sobre LALCEC desea concientizar sobre la importancia de tener H\u00e1bitos Saludables\">Leer m\u00e1s<\/a><\/p>\n","protected":false},"author":1,"featured_media":97986,"comment_status":"closed","ping_status":"open","sticky":false,"template":"","format":"standard","meta":{"_monsterinsights_skip_tracking":false,"_monsterinsights_sitenote_active":false,"_monsterinsights_sitenote_note":"","_monsterinsights_sitenote_category":0,"jetpack_post_was_ever_published":false,"_jetpack_newsletter_access":"","_jetpack_dont_email_post_to_subs":false,"_jetpack_newsletter_tier_id":0,"_jetpack_memberships_contains_paywalled_content":false,"_jetpack_memberships_contains_paid_content":false,"footnotes":"","jetpack_publicize_message":"","jetpack_publicize_feature_enabled":true,"jetpack_social_post_already_shared":true,"jetpack_social_options":{"image_generator_settings":{"template":"highway","default_image_id":0,"font":"","enabled":false},"version":2},"_wpas_customize_per_network":false},"categories":[9791],"tags":[108,134],"class_list":["post-97984","post","type-post","status-publish","format-standard","has-post-thumbnail","hentry","category-salud","tag-lalcec","tag-salud","generate-columns","tablet-grid-50","mobile-grid-100","grid-parent","grid-50"],"jetpack_publicize_connections":[],"jetpack_featured_media_url":"https:\/\/www.hoymercedes.com.ar\/principal\/wp-content\/uploads\/2019\/08\/09-lalcec.jpg","wps_subtitle":"","jetpack_sharing_enabled":true,"_links":{"self":[{"href":"https:\/\/www.hoymercedes.com.ar\/principal\/wp-json\/wp\/v2\/posts\/97984","targetHints":{"allow":["GET"]}}],"collection":[{"href":"https:\/\/www.hoymercedes.com.ar\/principal\/wp-json\/wp\/v2\/posts"}],"about":[{"href":"https:\/\/www.hoymercedes.com.ar\/principal\/wp-json\/wp\/v2\/types\/post"}],"author":[{"embeddable":true,"href":"https:\/\/www.hoymercedes.com.ar\/principal\/wp-json\/wp\/v2\/users\/1"}],"replies":[{"embeddable":true,"href":"https:\/\/www.hoymercedes.com.ar\/principal\/wp-json\/wp\/v2\/comments?post=97984"}],"version-history":[{"count":0,"href":"https:\/\/www.hoymercedes.com.ar\/principal\/wp-json\/wp\/v2\/posts\/97984\/revisions"}],"wp:featuredmedia":[{"embeddable":true,"href":"https:\/\/www.hoymercedes.com.ar\/principal\/wp-json\/wp\/v2\/media\/97986"}],"wp:attachment":[{"href":"https:\/\/www.hoymercedes.com.ar\/principal\/wp-json\/wp\/v2\/media?parent=97984"}],"wp:term":[{"taxonomy":"category","embeddable":true,"href":"https:\/\/www.hoymercedes.com.ar\/principal\/wp-json\/wp\/v2\/categories?post=97984"},{"taxonomy":"post_tag","embeddable":true,"href":"https:\/\/www.hoymercedes.com.ar\/principal\/wp-json\/wp\/v2\/tags?post=97984"}],"curies":[{"name":"wp","href":"https:\/\/api.w.org\/{rel}","templated":true}]}}