{"id":98010,"date":"2019-08-10T20:45:35","date_gmt":"2019-08-10T23:45:35","guid":{"rendered":"http:\/\/www.hoymercedes.com.ar\/principal\/?p=98010"},"modified":"2019-08-10T23:50:42","modified_gmt":"2019-08-11T02:50:42","slug":"mujere-detenida-por-usura-agravada","status":"publish","type":"post","link":"https:\/\/www.hoymercedes.com.ar\/principal\/2019\/08\/10\/mujere-detenida-por-usura-agravada\/","title":{"rendered":"Mujer detenida por usura agravada"},"content":{"rendered":"\n<p>Desde el mes de julio pasado se desarroll\u00f3 una investigaci\u00f3n a ra\u00edz de la recepci\u00f3n de una \u00abdenuncia ciudadana\u00bb efectuada mediante la aplicaci\u00f3n online denominada \u00abProvincia Seguridad\u00bb del Ministerio de Seguridad de la Provincia, que daba cuenta de que una persona otorgaba il\u00edcitamente cr\u00e9ditos a vecinos del lugar. <\/p>\n\n\n\n<figure class=\"wp-block-image\"><img loading=\"lazy\" decoding=\"async\" width=\"640\" height=\"480\" data-attachment-id=\"98014\" data-permalink=\"https:\/\/www.hoymercedes.com.ar\/principal\/2019\/08\/10\/mujere-detenida-por-usura-agravada\/parte-ch-n-003\/#main\" data-orig-file=\"https:\/\/www.hoymercedes.com.ar\/principal\/wp-content\/uploads\/2019\/08\/PARTE-Ch-N\u00b0-003.jpg\" data-orig-size=\"640,480\" data-comments-opened=\"0\" data-image-meta=\"{&quot;aperture&quot;:&quot;2.2&quot;,&quot;credit&quot;:&quot;&quot;,&quot;camera&quot;:&quot;iPhone 5s&quot;,&quot;caption&quot;:&quot;&quot;,&quot;created_timestamp&quot;:&quot;1565345808&quot;,&quot;copyright&quot;:&quot;&quot;,&quot;focal_length&quot;:&quot;4.15&quot;,&quot;iso&quot;:&quot;200&quot;,&quot;shutter_speed&quot;:&quot;0.03030303030303&quot;,&quot;title&quot;:&quot;&quot;,&quot;orientation&quot;:&quot;6&quot;}\" data-image-title=\"PARTE Ch N\u00b0 003\" data-image-description=\"\" data-image-caption=\"\" data-large-file=\"https:\/\/www.hoymercedes.com.ar\/principal\/wp-content\/uploads\/2019\/08\/PARTE-Ch-N\u00b0-003.jpg\" src=\"https:\/\/www.hoymercedes.com.ar\/principal\/wp-content\/uploads\/2019\/08\/PARTE-Ch-N\u00b0-003.jpg\" alt=\"\" class=\"wp-image-98014\" srcset=\"https:\/\/www.hoymercedes.com.ar\/principal\/wp-content\/uploads\/2019\/08\/PARTE-Ch-N\u00b0-003.jpg 640w, https:\/\/www.hoymercedes.com.ar\/principal\/wp-content\/uploads\/2019\/08\/PARTE-Ch-N\u00b0-003-150x113.jpg 150w, https:\/\/www.hoymercedes.com.ar\/principal\/wp-content\/uploads\/2019\/08\/PARTE-Ch-N\u00b0-003-630x473.jpg 630w, https:\/\/www.hoymercedes.com.ar\/principal\/wp-content\/uploads\/2019\/08\/PARTE-Ch-N\u00b0-003-320x240.jpg 320w, https:\/\/www.hoymercedes.com.ar\/principal\/wp-content\/uploads\/2019\/08\/PARTE-Ch-N\u00b0-003-100x75.jpg 100w\" sizes=\"auto, (max-width: 640px) 100vw, 640px\" \/><\/figure>\n\n\n\n<p>Comenzaron a labrarse las actuaciones a\ninstancias de la UFIJ N.\u00ba 6 del Departamento Judicial Mercedes, a cargo del dr.\nLuis Carcagno con colaboraci\u00f3n de la Ayudant\u00eda Fiscal de Chivilcoy y la\nDelegaci\u00f3n Departamental de Investigaciones (DDI) Mercedes.<\/p>\n\n\n\n<p>De acuerdo a los elementos relevados se pudo\ndeterminar que esta persona captaba beneficiarios de planes sociales a los que\nles ofrec\u00eda cr\u00e9ditos. Una vez que se los otorgaba utilizaba garant\u00edas\nextorsivas: a las v\u00edctimas les reten\u00eda las tarjetas de cobro \u2013 y en muchos\ncasos hasta los DNI \u2013 y solicitaba las claves personales. Cada mes concurr\u00eda al\ncajero autom\u00e1tico a cobrar las mismas y luego le entregaba a la gente solo una\npeque\u00f1a parte del dinero. Y es que argumentaba que realizaba el cobro de la\ncuota del cr\u00e9dito y sus intereses (que ascend\u00edan al 50% del pr\u00e9stamo dado).<\/p>\n\n\n\n<p>Se estima que la pr\u00e1ctica la desarroll\u00f3 al menos\npor dos o tres a\u00f1os a la fecha, y muchas personas \u2013 al verse privadas de gran\nparte de sus ingresos \u2013 se ve\u00edan obligados a renovar los cr\u00e9ditos solicitados\npara as\u00ed poder suplir con sus necesidades b\u00e1sicas, ingresando as\u00ed a un c\u00edrculo\ndel cual no pod\u00edan salir. Ser\u00edan entre 30 y 40 los damnificados por esta\nmaniobra.<\/p>\n\n\n\n<p>Recabados datos y elementos necesarios, el agente\nfiscal solicit\u00f3 al Juzgado de Garant\u00edas N\u00ba 2 \u2013 a cargo del doctor Facundo Oliva\n\u2013 una orden de allanamiento&nbsp; y detenci\u00f3n\nlas cuales fueron concedida.<\/p>\n\n\n\n<p>Es as\u00ed como el jueves por&nbsp; la tarde personal de la DDI Mercedes junto a\nla&nbsp; Polic\u00eda Comunal Chivilcoy llev\u00f3\nadelante el procedimiento en una&nbsp;\nvivienda ubicada en la Av. 92 y Pir\u00e1n.<\/p>\n\n\n\n<p>En el lugar se procedi\u00f3 al secuestro de una gran\ncantidad de tarjetas de d\u00e9bito de distintos bancos correspondientes a\nbeneficiarios de planes sociales, cuadernos con anotaciones, una\nimportante&nbsp; suma de dinero en efectivo,\nconstancias de extracci\u00f3n de cajero autom\u00e1tico, entre otras.<\/p>\n\n\n\n<p>La imputada \u2013 que result\u00f3 ser una mujer de 45\na\u00f1os que se domiciliaba en dicho lugar \u2013 fue detenida.<\/p>\n\n\n\n<p>Por el delito de \u00abUsura agravada por la habitualidad\u00bb compareci\u00f3 este viernes ante el agente fiscal interviniente para prestar declaraci\u00f3n en el marco del art\u00edculo 308 del C\u00f3digo Procesal Penal.<\/p>\n\n\n\n<figure class=\"wp-block-image\"><img loading=\"lazy\" decoding=\"async\" width=\"800\" height=\"449\" data-attachment-id=\"98013\" data-permalink=\"https:\/\/www.hoymercedes.com.ar\/principal\/2019\/08\/10\/mujere-detenida-por-usura-agravada\/f800x450-61232_112678_75\/#main\" data-orig-file=\"https:\/\/www.hoymercedes.com.ar\/principal\/wp-content\/uploads\/2019\/08\/f800x450-61232_112678_75.jpg\" data-orig-size=\"800,449\" data-comments-opened=\"0\" data-image-meta=\"{&quot;aperture&quot;:&quot;0&quot;,&quot;credit&quot;:&quot;&quot;,&quot;camera&quot;:&quot;&quot;,&quot;caption&quot;:&quot;&quot;,&quot;created_timestamp&quot;:&quot;0&quot;,&quot;copyright&quot;:&quot;&quot;,&quot;focal_length&quot;:&quot;0&quot;,&quot;iso&quot;:&quot;0&quot;,&quot;shutter_speed&quot;:&quot;0&quot;,&quot;title&quot;:&quot;&quot;,&quot;orientation&quot;:&quot;0&quot;}\" data-image-title=\"f800x450-61232_112678_75\" data-image-description=\"\" data-image-caption=\"\" data-large-file=\"https:\/\/www.hoymercedes.com.ar\/principal\/wp-content\/uploads\/2019\/08\/f800x450-61232_112678_75.jpg\" src=\"https:\/\/www.hoymercedes.com.ar\/principal\/wp-content\/uploads\/2019\/08\/f800x450-61232_112678_75.jpg\" alt=\"\" class=\"wp-image-98013\" srcset=\"https:\/\/www.hoymercedes.com.ar\/principal\/wp-content\/uploads\/2019\/08\/f800x450-61232_112678_75.jpg 800w, https:\/\/www.hoymercedes.com.ar\/principal\/wp-content\/uploads\/2019\/08\/f800x450-61232_112678_75-150x84.jpg 150w, https:\/\/www.hoymercedes.com.ar\/principal\/wp-content\/uploads\/2019\/08\/f800x450-61232_112678_75-630x354.jpg 630w\" sizes=\"auto, (max-width: 800px) 100vw, 800px\" \/><\/figure>\n","protected":false},"excerpt":{"rendered":"<p>Desde el mes de julio pasado se desarroll\u00f3 una investigaci\u00f3n a ra\u00edz de la recepci\u00f3n de una \u00abdenuncia ciudadana\u00bb efectuada &#8230; <a title=\"Mujer detenida por usura agravada\" class=\"read-more\" href=\"https:\/\/www.hoymercedes.com.ar\/principal\/2019\/08\/10\/mujere-detenida-por-usura-agravada\/\" aria-label=\"Leer m\u00e1s sobre Mujer detenida por usura agravada\">Leer m\u00e1s<\/a><\/p>\n","protected":false},"author":1,"featured_media":98013,"comment_status":"closed","ping_status":"open","sticky":false,"template":"","format":"standard","meta":{"_monsterinsights_skip_tracking":false,"_monsterinsights_sitenote_active":false,"_monsterinsights_sitenote_note":"","_monsterinsights_sitenote_category":0,"jetpack_post_was_ever_published":false,"_jetpack_newsletter_access":"","_jetpack_dont_email_post_to_subs":false,"_jetpack_newsletter_tier_id":0,"_jetpack_memberships_contains_paywalled_content":false,"_jetpack_memberships_contains_paid_content":false,"footnotes":"","jetpack_publicize_message":"","jetpack_publicize_feature_enabled":true,"jetpack_social_post_already_shared":true,"jetpack_social_options":{"image_generator_settings":{"template":"highway","default_image_id":0,"font":"","enabled":false},"version":2},"_wpas_customize_per_network":false},"categories":[85],"tags":[62,96,1057],"class_list":["post-98010","post","type-post","status-publish","format-standard","has-post-thumbnail","hentry","category-policial","tag-chivilcoy","tag-policial-2","tag-regional","generate-columns","tablet-grid-50","mobile-grid-100","grid-parent","grid-50"],"jetpack_publicize_connections":[],"jetpack_featured_media_url":"https:\/\/www.hoymercedes.com.ar\/principal\/wp-content\/uploads\/2019\/08\/f800x450-61232_112678_75.jpg","wps_subtitle":"","jetpack_sharing_enabled":true,"_links":{"self":[{"href":"https:\/\/www.hoymercedes.com.ar\/principal\/wp-json\/wp\/v2\/posts\/98010","targetHints":{"allow":["GET"]}}],"collection":[{"href":"https:\/\/www.hoymercedes.com.ar\/principal\/wp-json\/wp\/v2\/posts"}],"about":[{"href":"https:\/\/www.hoymercedes.com.ar\/principal\/wp-json\/wp\/v2\/types\/post"}],"author":[{"embeddable":true,"href":"https:\/\/www.hoymercedes.com.ar\/principal\/wp-json\/wp\/v2\/users\/1"}],"replies":[{"embeddable":true,"href":"https:\/\/www.hoymercedes.com.ar\/principal\/wp-json\/wp\/v2\/comments?post=98010"}],"version-history":[{"count":0,"href":"https:\/\/www.hoymercedes.com.ar\/principal\/wp-json\/wp\/v2\/posts\/98010\/revisions"}],"wp:featuredmedia":[{"embeddable":true,"href":"https:\/\/www.hoymercedes.com.ar\/principal\/wp-json\/wp\/v2\/media\/98013"}],"wp:attachment":[{"href":"https:\/\/www.hoymercedes.com.ar\/principal\/wp-json\/wp\/v2\/media?parent=98010"}],"wp:term":[{"taxonomy":"category","embeddable":true,"href":"https:\/\/www.hoymercedes.com.ar\/principal\/wp-json\/wp\/v2\/categories?post=98010"},{"taxonomy":"post_tag","embeddable":true,"href":"https:\/\/www.hoymercedes.com.ar\/principal\/wp-json\/wp\/v2\/tags?post=98010"}],"curies":[{"name":"wp","href":"https:\/\/api.w.org\/{rel}","templated":true}]}}