{"id":98045,"date":"2019-08-11T09:10:53","date_gmt":"2019-08-11T12:10:53","guid":{"rendered":"http:\/\/www.hoymercedes.com.ar\/principal\/?p=98045"},"modified":"2019-08-11T09:23:27","modified_gmt":"2019-08-11T12:23:27","slug":"pablo-perazzo-el-primero-de-los-precandidatos-en-votar","status":"publish","type":"post","link":"https:\/\/www.hoymercedes.com.ar\/principal\/2019\/08\/11\/pablo-perazzo-el-primero-de-los-precandidatos-en-votar\/","title":{"rendered":"Pablo Perazzo, el primero de los precandidatos en votar"},"content":{"rendered":"\n<p>En la Escuela 2 y con m\u00e1s de una hora de retraso en la mesa 52 por la falta de Presidente y Vice de Mesa, el precandidato a Diputado provincial por Consenso Federal, Pablo Perazzo, se mostr\u00f3 optimista para la jornada de este domingo.<\/p>\n\n\n\n<figure class=\"wp-block-image\"><img loading=\"lazy\" decoding=\"async\" width=\"1024\" height=\"768\" data-attachment-id=\"98050\" data-permalink=\"https:\/\/www.hoymercedes.com.ar\/principal\/2019\/08\/11\/pablo-perazzo-el-primero-de-los-precandidatos-en-votar\/whatsapp-image-2019-08-11-at-09-21-46\/#main\" data-orig-file=\"https:\/\/www.hoymercedes.com.ar\/principal\/wp-content\/uploads\/2019\/08\/WhatsApp-Image-2019-08-11-at-09.21.46.jpeg\" data-orig-size=\"1040,780\" data-comments-opened=\"0\" data-image-meta=\"{&quot;aperture&quot;:&quot;0&quot;,&quot;credit&quot;:&quot;&quot;,&quot;camera&quot;:&quot;&quot;,&quot;caption&quot;:&quot;&quot;,&quot;created_timestamp&quot;:&quot;0&quot;,&quot;copyright&quot;:&quot;&quot;,&quot;focal_length&quot;:&quot;0&quot;,&quot;iso&quot;:&quot;0&quot;,&quot;shutter_speed&quot;:&quot;0&quot;,&quot;title&quot;:&quot;&quot;,&quot;orientation&quot;:&quot;0&quot;}\" data-image-title=\"WhatsApp-Image-2019-08-11-at-09.21.46\" data-image-description=\"\" data-image-caption=\"\" data-large-file=\"https:\/\/www.hoymercedes.com.ar\/principal\/wp-content\/uploads\/2019\/08\/WhatsApp-Image-2019-08-11-at-09.21.46-1024x768.jpeg\" src=\"https:\/\/www.hoymercedes.com.ar\/principal\/wp-content\/uploads\/2019\/08\/WhatsApp-Image-2019-08-11-at-09.21.46-1024x768.jpeg\" alt=\"\" class=\"wp-image-98050\" srcset=\"https:\/\/www.hoymercedes.com.ar\/principal\/wp-content\/uploads\/2019\/08\/WhatsApp-Image-2019-08-11-at-09.21.46-1024x768.jpeg 1024w, https:\/\/www.hoymercedes.com.ar\/principal\/wp-content\/uploads\/2019\/08\/WhatsApp-Image-2019-08-11-at-09.21.46-150x113.jpeg 150w, https:\/\/www.hoymercedes.com.ar\/principal\/wp-content\/uploads\/2019\/08\/WhatsApp-Image-2019-08-11-at-09.21.46-630x473.jpeg 630w, https:\/\/www.hoymercedes.com.ar\/principal\/wp-content\/uploads\/2019\/08\/WhatsApp-Image-2019-08-11-at-09.21.46-320x240.jpeg 320w, https:\/\/www.hoymercedes.com.ar\/principal\/wp-content\/uploads\/2019\/08\/WhatsApp-Image-2019-08-11-at-09.21.46-100x75.jpeg 100w, https:\/\/www.hoymercedes.com.ar\/principal\/wp-content\/uploads\/2019\/08\/WhatsApp-Image-2019-08-11-at-09.21.46.jpeg 1040w\" sizes=\"auto, (max-width: 1024px) 100vw, 1024px\" \/><\/figure>\n\n\n\n<p>\u00abVine temprano a cumplir con el voto, como corresponde, en una elecci\u00f3n que es una PASO. Si bien es obligatorio, hoy no se define quien va a tomar el mandato. Tenemos que elegir, nada m\u00e1s. Sobre todo en Mercedes, donde cada partido tiene un solo candidato. Es una gran encuesta hacia octubre que es donde se definen las posiciones pol\u00edticas\u00bb.<\/p>\n\n\n\n<p>\u00abFue una campa\u00f1a con mucha participaci\u00f3n a nivel local. En el conurbano es donde la elecci\u00f3n tiene un valor significativo porque en muchos lugares hay varios candidatos por partido. Ac\u00e1 es s\u00f3lo una gran encuesta, aunque en octubre pueden cambiar las cosas\u00bb, remarc\u00f3 Perazzo.<\/p>\n\n\n\n<p>Perazzo, tras sufragar, tendr\u00e1 una reuni\u00f3n por la ma\u00f1ana en Chacabuco, donde se reunir\u00e1n integrantes de la cuarta secci\u00f3n electoral.<\/p>\n","protected":false},"excerpt":{"rendered":"<p>En la Escuela 2 y con m\u00e1s de una hora de retraso en la mesa 52 por la falta de &#8230; <a title=\"Pablo Perazzo, el primero de los precandidatos en votar\" class=\"read-more\" href=\"https:\/\/www.hoymercedes.com.ar\/principal\/2019\/08\/11\/pablo-perazzo-el-primero-de-los-precandidatos-en-votar\/\" aria-label=\"Leer m\u00e1s sobre Pablo Perazzo, el primero de los precandidatos en votar\">Leer m\u00e1s<\/a><\/p>\n","protected":false},"author":1,"featured_media":98050,"comment_status":"closed","ping_status":"open","sticky":false,"template":"","format":"standard","meta":{"_monsterinsights_skip_tracking":false,"_monsterinsights_sitenote_active":false,"_monsterinsights_sitenote_note":"","_monsterinsights_sitenote_category":0,"jetpack_post_was_ever_published":false,"_jetpack_newsletter_access":"","_jetpack_dont_email_post_to_subs":false,"_jetpack_newsletter_tier_id":0,"_jetpack_memberships_contains_paywalled_content":false,"_jetpack_memberships_contains_paid_content":false,"footnotes":"","jetpack_publicize_message":"","jetpack_publicize_feature_enabled":true,"jetpack_social_post_already_shared":true,"jetpack_social_options":{"image_generator_settings":{"template":"highway","default_image_id":0,"font":"","enabled":false},"version":2},"_wpas_customize_per_network":false},"categories":[15626],"tags":[1505],"class_list":["post-98045","post","type-post","status-publish","format-standard","has-post-thumbnail","hentry","category-paso-2019","tag-pablo-perazzo","generate-columns","tablet-grid-50","mobile-grid-100","grid-parent","grid-50"],"jetpack_publicize_connections":[],"jetpack_featured_media_url":"https:\/\/www.hoymercedes.com.ar\/principal\/wp-content\/uploads\/2019\/08\/WhatsApp-Image-2019-08-11-at-09.21.46.jpeg","wps_subtitle":"PASO 2019","jetpack_sharing_enabled":true,"_links":{"self":[{"href":"https:\/\/www.hoymercedes.com.ar\/principal\/wp-json\/wp\/v2\/posts\/98045","targetHints":{"allow":["GET"]}}],"collection":[{"href":"https:\/\/www.hoymercedes.com.ar\/principal\/wp-json\/wp\/v2\/posts"}],"about":[{"href":"https:\/\/www.hoymercedes.com.ar\/principal\/wp-json\/wp\/v2\/types\/post"}],"author":[{"embeddable":true,"href":"https:\/\/www.hoymercedes.com.ar\/principal\/wp-json\/wp\/v2\/users\/1"}],"replies":[{"embeddable":true,"href":"https:\/\/www.hoymercedes.com.ar\/principal\/wp-json\/wp\/v2\/comments?post=98045"}],"version-history":[{"count":0,"href":"https:\/\/www.hoymercedes.com.ar\/principal\/wp-json\/wp\/v2\/posts\/98045\/revisions"}],"wp:featuredmedia":[{"embeddable":true,"href":"https:\/\/www.hoymercedes.com.ar\/principal\/wp-json\/wp\/v2\/media\/98050"}],"wp:attachment":[{"href":"https:\/\/www.hoymercedes.com.ar\/principal\/wp-json\/wp\/v2\/media?parent=98045"}],"wp:term":[{"taxonomy":"category","embeddable":true,"href":"https:\/\/www.hoymercedes.com.ar\/principal\/wp-json\/wp\/v2\/categories?post=98045"},{"taxonomy":"post_tag","embeddable":true,"href":"https:\/\/www.hoymercedes.com.ar\/principal\/wp-json\/wp\/v2\/tags?post=98045"}],"curies":[{"name":"wp","href":"https:\/\/api.w.org\/{rel}","templated":true}]}}