{"id":98070,"date":"2019-08-11T13:19:00","date_gmt":"2019-08-11T16:19:00","guid":{"rendered":"http:\/\/www.hoymercedes.com.ar\/principal\/?p=98070"},"modified":"2019-08-11T15:09:38","modified_gmt":"2019-08-11T18:09:38","slug":"de-paola-siempre-tuve-algo-interno-que-me-llamaba-a-esto","status":"publish","type":"post","link":"https:\/\/www.hoymercedes.com.ar\/principal\/2019\/08\/11\/de-paola-siempre-tuve-algo-interno-que-me-llamaba-a-esto\/","title":{"rendered":"Julia De Paola: \u201cSiempre tuve algo interno que me llamaba a esto\u201d"},"content":{"rendered":"\n<figure class=\"wp-block-image\"><img loading=\"lazy\" decoding=\"async\" width=\"800\" height=\"584\" data-attachment-id=\"98071\" data-permalink=\"https:\/\/www.hoymercedes.com.ar\/principal\/2019\/08\/11\/de-paola-siempre-tuve-algo-interno-que-me-llamaba-a-esto\/depaola-votando-paso2019\/#main\" data-orig-file=\"https:\/\/www.hoymercedes.com.ar\/principal\/wp-content\/uploads\/2019\/08\/Depaola-votando-paso2019.jpeg\" data-orig-size=\"800,584\" data-comments-opened=\"0\" data-image-meta=\"{&quot;aperture&quot;:&quot;0&quot;,&quot;credit&quot;:&quot;&quot;,&quot;camera&quot;:&quot;&quot;,&quot;caption&quot;:&quot;&quot;,&quot;created_timestamp&quot;:&quot;0&quot;,&quot;copyright&quot;:&quot;&quot;,&quot;focal_length&quot;:&quot;0&quot;,&quot;iso&quot;:&quot;0&quot;,&quot;shutter_speed&quot;:&quot;0&quot;,&quot;title&quot;:&quot;&quot;,&quot;orientation&quot;:&quot;0&quot;}\" data-image-title=\"Depaola-votando-paso2019\" data-image-description=\"\" data-image-caption=\"\" data-large-file=\"https:\/\/www.hoymercedes.com.ar\/principal\/wp-content\/uploads\/2019\/08\/Depaola-votando-paso2019.jpeg\" src=\"https:\/\/www.hoymercedes.com.ar\/principal\/wp-content\/uploads\/2019\/08\/Depaola-votando-paso2019.jpeg\" alt=\"\" class=\"wp-image-98071\" srcset=\"https:\/\/www.hoymercedes.com.ar\/principal\/wp-content\/uploads\/2019\/08\/Depaola-votando-paso2019.jpeg 800w, https:\/\/www.hoymercedes.com.ar\/principal\/wp-content\/uploads\/2019\/08\/Depaola-votando-paso2019-150x110.jpeg 150w, https:\/\/www.hoymercedes.com.ar\/principal\/wp-content\/uploads\/2019\/08\/Depaola-votando-paso2019-630x460.jpeg 630w\" sizes=\"auto, (max-width: 800px) 100vw, 800px\" \/><\/figure>\n\n\n\n<p>De Paola \u201clo vivo con mucha\nalegr\u00eda, con la fuerza de haber asumido un compromiso grande, pero la seguridad\nde haber hecho el trabajo con todo el equipo. Agradecemos a los mercedinos por\nhabernos dejado este tiempo haber conversado con ellos, hablar de lo que est\u00e1\nbien y lo que no de la ciudad. Muy contente\u201d afirm\u00f3<\/p>\n\n\n\n<p>M\u00e1s adelante coment\u00f3 que \u201csiempre\ntuve algo interno que me llamaba a esto\u201d dijo<\/p>\n\n\n\n<p>La pre candidata de Juntos por el\nCambio afirm\u00f3 que \u201cvamos a seguir recorriendo las escuelas. Quiero agradecer a\nlos fiscales que est\u00e1n siendo parte no solo votando sino comprometidos\u201d<\/p>\n\n\n\n<p>Ante los medios dijo que \u201cdesde las 18.00hs vamos a estar\nesperando los resultados con ganas y ansiedad\u201d y \u201ces un d\u00eda muy lindo desde lo\nclim\u00e1tico y desde lo que se vive en la calle\u201d narr\u00f3.<\/p>\n\n\n\n<p>Conto, tambi\u00e9n, que no tiene c\u00e1valas y que el d\u00eda es de \u201crecorridas,\nrepartiendo viandas y haciendo un poco de compa\u00f1a para luego ir a 29 y 30 a\nesperar los resultados\u201d <\/p>\n","protected":false},"excerpt":{"rendered":"<p>De Paola \u201clo vivo con mucha alegr\u00eda, con la fuerza de haber asumido un compromiso grande, pero la seguridad de &#8230; <a title=\"Julia De Paola: \u201cSiempre tuve algo interno que me llamaba a esto\u201d\" class=\"read-more\" href=\"https:\/\/www.hoymercedes.com.ar\/principal\/2019\/08\/11\/de-paola-siempre-tuve-algo-interno-que-me-llamaba-a-esto\/\" aria-label=\"Leer m\u00e1s sobre Julia De Paola: \u201cSiempre tuve algo interno que me llamaba a esto\u201d\">Leer m\u00e1s<\/a><\/p>\n","protected":false},"author":1,"featured_media":0,"comment_status":"closed","ping_status":"open","sticky":false,"template":"","format":"standard","meta":{"_monsterinsights_skip_tracking":false,"_monsterinsights_sitenote_active":false,"_monsterinsights_sitenote_note":"","_monsterinsights_sitenote_category":0,"jetpack_post_was_ever_published":false,"_jetpack_newsletter_access":"","_jetpack_dont_email_post_to_subs":false,"_jetpack_newsletter_tier_id":0,"_jetpack_memberships_contains_paywalled_content":false,"_jetpack_memberships_contains_paid_content":false,"footnotes":"","jetpack_publicize_message":"","jetpack_publicize_feature_enabled":true,"jetpack_social_post_already_shared":true,"jetpack_social_options":{"image_generator_settings":{"template":"highway","default_image_id":0,"font":"","enabled":false},"version":2},"_wpas_customize_per_network":false},"categories":[15626],"tags":[15365],"class_list":["post-98070","post","type-post","status-publish","format-standard","hentry","category-paso-2019","tag-juntos-por-el-cambio","generate-columns","tablet-grid-50","mobile-grid-100","grid-parent","grid-50"],"jetpack_publicize_connections":[],"jetpack_featured_media_url":"","wps_subtitle":"PASO 2019","jetpack_sharing_enabled":true,"_links":{"self":[{"href":"https:\/\/www.hoymercedes.com.ar\/principal\/wp-json\/wp\/v2\/posts\/98070","targetHints":{"allow":["GET"]}}],"collection":[{"href":"https:\/\/www.hoymercedes.com.ar\/principal\/wp-json\/wp\/v2\/posts"}],"about":[{"href":"https:\/\/www.hoymercedes.com.ar\/principal\/wp-json\/wp\/v2\/types\/post"}],"author":[{"embeddable":true,"href":"https:\/\/www.hoymercedes.com.ar\/principal\/wp-json\/wp\/v2\/users\/1"}],"replies":[{"embeddable":true,"href":"https:\/\/www.hoymercedes.com.ar\/principal\/wp-json\/wp\/v2\/comments?post=98070"}],"version-history":[{"count":0,"href":"https:\/\/www.hoymercedes.com.ar\/principal\/wp-json\/wp\/v2\/posts\/98070\/revisions"}],"wp:attachment":[{"href":"https:\/\/www.hoymercedes.com.ar\/principal\/wp-json\/wp\/v2\/media?parent=98070"}],"wp:term":[{"taxonomy":"category","embeddable":true,"href":"https:\/\/www.hoymercedes.com.ar\/principal\/wp-json\/wp\/v2\/categories?post=98070"},{"taxonomy":"post_tag","embeddable":true,"href":"https:\/\/www.hoymercedes.com.ar\/principal\/wp-json\/wp\/v2\/tags?post=98070"}],"curies":[{"name":"wp","href":"https:\/\/api.w.org\/{rel}","templated":true}]}}