{"id":98074,"date":"2019-08-11T13:22:45","date_gmt":"2019-08-11T16:22:45","guid":{"rendered":"http:\/\/www.hoymercedes.com.ar\/principal\/?p=98074"},"modified":"2019-08-11T15:09:23","modified_gmt":"2019-08-11T18:09:23","slug":"ustarroz-es-un-dia-muy-lindo-recibimos-mucho-apoyo-y-respeto","status":"publish","type":"post","link":"https:\/\/www.hoymercedes.com.ar\/principal\/2019\/08\/11\/ustarroz-es-un-dia-muy-lindo-recibimos-mucho-apoyo-y-respeto\/","title":{"rendered":"Juan Ignacio Ustarroz: \u201cEs un d\u00eda muy lindo, recibimos mucho apoyo y respeto\u201d"},"content":{"rendered":"\n<figure class=\"wp-block-image\"><img loading=\"lazy\" decoding=\"async\" width=\"950\" height=\"633\" data-attachment-id=\"98075\" data-permalink=\"https:\/\/www.hoymercedes.com.ar\/principal\/2019\/08\/11\/ustarroz-es-un-dia-muy-lindo-recibimos-mucho-apoyo-y-respeto\/ustarroz-paso2019-2\/#main\" data-orig-file=\"https:\/\/www.hoymercedes.com.ar\/principal\/wp-content\/uploads\/2019\/08\/ustarroz-paso2019-2.jpg\" data-orig-size=\"950,633\" data-comments-opened=\"0\" data-image-meta=\"{&quot;aperture&quot;:&quot;3.5&quot;,&quot;credit&quot;:&quot;SEBASTIANAMBROSSIO&quot;,&quot;camera&quot;:&quot;NIKON D5&quot;,&quot;caption&quot;:&quot;&quot;,&quot;created_timestamp&quot;:&quot;1565525732&quot;,&quot;copyright&quot;:&quot;SebastianAmbrossio&quot;,&quot;focal_length&quot;:&quot;31&quot;,&quot;iso&quot;:&quot;5000&quot;,&quot;shutter_speed&quot;:&quot;0.01&quot;,&quot;title&quot;:&quot;&quot;,&quot;orientation&quot;:&quot;0&quot;}\" data-image-title=\"ustarroz-paso2019-2\" data-image-description=\"\" data-image-caption=\"\" data-large-file=\"https:\/\/www.hoymercedes.com.ar\/principal\/wp-content\/uploads\/2019\/08\/ustarroz-paso2019-2.jpg\" src=\"https:\/\/www.hoymercedes.com.ar\/principal\/wp-content\/uploads\/2019\/08\/ustarroz-paso2019-2.jpg\" alt=\"\" class=\"wp-image-98075\" srcset=\"https:\/\/www.hoymercedes.com.ar\/principal\/wp-content\/uploads\/2019\/08\/ustarroz-paso2019-2.jpg 950w, https:\/\/www.hoymercedes.com.ar\/principal\/wp-content\/uploads\/2019\/08\/ustarroz-paso2019-2-150x100.jpg 150w, https:\/\/www.hoymercedes.com.ar\/principal\/wp-content\/uploads\/2019\/08\/ustarroz-paso2019-2-630x420.jpg 630w, https:\/\/www.hoymercedes.com.ar\/principal\/wp-content\/uploads\/2019\/08\/ustarroz-paso2019-2-720x480.jpg 720w, https:\/\/www.hoymercedes.com.ar\/principal\/wp-content\/uploads\/2019\/08\/ustarroz-paso2019-2-360x240.jpg 360w\" sizes=\"auto, (max-width: 950px) 100vw, 950px\" \/><figcaption>Ustarroz al momento de votar <\/figcaption><\/figure>\n\n\n\n<p>El intendente y pre candidato\nJuan Ignacio Ustarroz afirm\u00f3 que \u201cla verdad que es un d\u00eda muy lindo, donde todo\ntranscurre con total normalidad, la gente viene a votar y creo que se va a dar\nuna buena afluencia. Es uno de los momentos m\u00e1s intensos que le toca a uno como\ndirigente pol\u00edtico, pero a la vez m\u00e1s gratificantes. Con las expectativas l\u00f3gicas\nde la ocasi\u00f3n\u201d<\/p>\n\n\n\n<p>M\u00e1s adelante coment\u00f3 que \u201cestamos\nrecorriendo escuelas, saludando y agradeciendo a todos los fiscales que cumplen\nun rol muy importante &nbsp;en la\ntransparencia y compromiso c\u00edvico digno de destacar\u201d mencion\u00f3.<\/p>\n\n\n\n<p>Al ser consultado que \u201ccada\nelecci\u00f3n es especial, no hay diferencias, recibimos mucho apoyo y respeto de la\ngente. Eso es muy positivo\u201d coment\u00f3. <\/p>\n","protected":false},"excerpt":{"rendered":"<p>El intendente y pre candidato Juan Ignacio Ustarroz afirm\u00f3 que \u201cla verdad que es un d\u00eda muy lindo, donde todo &#8230; <a title=\"Juan Ignacio Ustarroz: \u201cEs un d\u00eda muy lindo, recibimos mucho apoyo y respeto\u201d\" class=\"read-more\" href=\"https:\/\/www.hoymercedes.com.ar\/principal\/2019\/08\/11\/ustarroz-es-un-dia-muy-lindo-recibimos-mucho-apoyo-y-respeto\/\" aria-label=\"Leer m\u00e1s sobre Juan Ignacio Ustarroz: \u201cEs un d\u00eda muy lindo, recibimos mucho apoyo y respeto\u201d\">Leer m\u00e1s<\/a><\/p>\n","protected":false},"author":1,"featured_media":98075,"comment_status":"closed","ping_status":"open","sticky":false,"template":"","format":"standard","meta":{"_monsterinsights_skip_tracking":false,"_monsterinsights_sitenote_active":false,"_monsterinsights_sitenote_note":"","_monsterinsights_sitenote_category":0,"jetpack_post_was_ever_published":false,"_jetpack_newsletter_access":"","_jetpack_dont_email_post_to_subs":false,"_jetpack_newsletter_tier_id":0,"_jetpack_memberships_contains_paywalled_content":false,"_jetpack_memberships_contains_paid_content":false,"footnotes":"","jetpack_publicize_message":"","jetpack_publicize_feature_enabled":true,"jetpack_social_post_already_shared":true,"jetpack_social_options":{"image_generator_settings":{"template":"highway","default_image_id":0,"font":"","enabled":false},"version":2},"_wpas_customize_per_network":false},"categories":[15626],"tags":[15627,424],"class_list":["post-98074","post","type-post","status-publish","format-standard","has-post-thumbnail","hentry","category-paso-2019","tag-paso-2019","tag-ustarroz","generate-columns","tablet-grid-50","mobile-grid-100","grid-parent","grid-50"],"jetpack_publicize_connections":[],"jetpack_featured_media_url":"https:\/\/www.hoymercedes.com.ar\/principal\/wp-content\/uploads\/2019\/08\/ustarroz-paso2019-2.jpg","wps_subtitle":"PASO 2019","jetpack_sharing_enabled":true,"_links":{"self":[{"href":"https:\/\/www.hoymercedes.com.ar\/principal\/wp-json\/wp\/v2\/posts\/98074","targetHints":{"allow":["GET"]}}],"collection":[{"href":"https:\/\/www.hoymercedes.com.ar\/principal\/wp-json\/wp\/v2\/posts"}],"about":[{"href":"https:\/\/www.hoymercedes.com.ar\/principal\/wp-json\/wp\/v2\/types\/post"}],"author":[{"embeddable":true,"href":"https:\/\/www.hoymercedes.com.ar\/principal\/wp-json\/wp\/v2\/users\/1"}],"replies":[{"embeddable":true,"href":"https:\/\/www.hoymercedes.com.ar\/principal\/wp-json\/wp\/v2\/comments?post=98074"}],"version-history":[{"count":0,"href":"https:\/\/www.hoymercedes.com.ar\/principal\/wp-json\/wp\/v2\/posts\/98074\/revisions"}],"wp:featuredmedia":[{"embeddable":true,"href":"https:\/\/www.hoymercedes.com.ar\/principal\/wp-json\/wp\/v2\/media\/98075"}],"wp:attachment":[{"href":"https:\/\/www.hoymercedes.com.ar\/principal\/wp-json\/wp\/v2\/media?parent=98074"}],"wp:term":[{"taxonomy":"category","embeddable":true,"href":"https:\/\/www.hoymercedes.com.ar\/principal\/wp-json\/wp\/v2\/categories?post=98074"},{"taxonomy":"post_tag","embeddable":true,"href":"https:\/\/www.hoymercedes.com.ar\/principal\/wp-json\/wp\/v2\/tags?post=98074"}],"curies":[{"name":"wp","href":"https:\/\/api.w.org\/{rel}","templated":true}]}}