{"id":98091,"date":"2019-08-11T14:19:43","date_gmt":"2019-08-11T17:19:43","guid":{"rendered":"http:\/\/www.hoymercedes.com.ar\/principal\/?p=98091"},"modified":"2019-08-12T00:25:20","modified_gmt":"2019-08-12T03:25:20","slug":"pablo-demarco-afirmo-que-vamos-a-dar-la-lucha-para-que-maria-maldonado-llegue-al-concejo","status":"publish","type":"post","link":"https:\/\/www.hoymercedes.com.ar\/principal\/2019\/08\/11\/pablo-demarco-afirmo-que-vamos-a-dar-la-lucha-para-que-maria-maldonado-llegue-al-concejo\/","title":{"rendered":"Pablo Demarco afirm\u00f3 que van \u00aba dar la lucha para que Mar\u00eda Maldonado llegue al Concejo\u201d"},"content":{"rendered":"\n<figure class=\"wp-block-image\"><img loading=\"lazy\" decoding=\"async\" width=\"1024\" height=\"576\" data-attachment-id=\"98092\" data-permalink=\"https:\/\/www.hoymercedes.com.ar\/principal\/2019\/08\/11\/pablo-demarco-afirmo-que-vamos-a-dar-la-lucha-para-que-maria-maldonado-llegue-al-concejo\/demaro-paso2019-votando\/#main\" data-orig-file=\"https:\/\/www.hoymercedes.com.ar\/principal\/wp-content\/uploads\/2019\/08\/Demaro-PASO2019-votando.jpeg\" data-orig-size=\"1032,581\" data-comments-opened=\"0\" data-image-meta=\"{&quot;aperture&quot;:&quot;0&quot;,&quot;credit&quot;:&quot;&quot;,&quot;camera&quot;:&quot;&quot;,&quot;caption&quot;:&quot;&quot;,&quot;created_timestamp&quot;:&quot;0&quot;,&quot;copyright&quot;:&quot;&quot;,&quot;focal_length&quot;:&quot;0&quot;,&quot;iso&quot;:&quot;0&quot;,&quot;shutter_speed&quot;:&quot;0&quot;,&quot;title&quot;:&quot;&quot;,&quot;orientation&quot;:&quot;0&quot;}\" data-image-title=\"Demaro-PASO2019-votando\" data-image-description=\"\" data-image-caption=\"\" data-large-file=\"https:\/\/www.hoymercedes.com.ar\/principal\/wp-content\/uploads\/2019\/08\/Demaro-PASO2019-votando-1024x576.jpeg\" src=\"https:\/\/www.hoymercedes.com.ar\/principal\/wp-content\/uploads\/2019\/08\/Demaro-PASO2019-votando-1024x576.jpeg\" alt=\"\" class=\"wp-image-98092\" srcset=\"https:\/\/www.hoymercedes.com.ar\/principal\/wp-content\/uploads\/2019\/08\/Demaro-PASO2019-votando-1024x576.jpeg 1024w, https:\/\/www.hoymercedes.com.ar\/principal\/wp-content\/uploads\/2019\/08\/Demaro-PASO2019-votando-150x84.jpeg 150w, https:\/\/www.hoymercedes.com.ar\/principal\/wp-content\/uploads\/2019\/08\/Demaro-PASO2019-votando-630x355.jpeg 630w, https:\/\/www.hoymercedes.com.ar\/principal\/wp-content\/uploads\/2019\/08\/Demaro-PASO2019-votando.jpeg 1032w\" sizes=\"auto, (max-width: 1024px) 100vw, 1024px\" \/><figcaption>Pablo Demarco<\/figcaption><\/figure>\n\n\n\n<p>El pre candidato a intendente por el Frente de Izquierda al\nmomento de votar coment\u00f3 que \u201chasta ahora estamos muy tranquilos, ha sido una\njornada tranquila\u201d inform\u00f3 mencionando que \u201clo que se ve es lo normal, alguna\nfalta de autoridad de mesa o apertura m\u00e1s tarde, pero todo dentro de todo\ntranquilo\u201d narr\u00f3<\/p>\n\n\n\n<p>M\u00e1s adelante dijo que \u201cen t\u00e9rminos de organizaci\u00f3n estamos bien, sin ausencia de boletas del FIT, pero s\u00ed que en los padrones a veces no coincide el tipo de documento que trae el votante\u201d dijo y coment\u00f3 que \u201csucedi\u00f3 por ejemplo en Parroquial donde aparecieron duplicados algunos dni\u201d<\/p>\n\n\n\n<p>Narr\u00f3 que \u201cno tengo c\u00e1valas\u201d y que \u201cfinalizada la jornada\nestaremos en el recuento hasta el \u00faltimo minuto para luego ir al local\npartidario para esperar los resultados, dando una lucha para llegar al piso y\ndesde ah\u00ed que entren diputados nacionales y provinciales como en elecciones anteriores\ny que Mar\u00eda Maldonado llegue al concejo\u201d<\/p>\n","protected":false},"excerpt":{"rendered":"<p>El pre candidato a intendente por el Frente de Izquierda al momento de votar coment\u00f3 que \u201chasta ahora estamos muy &#8230; <a title=\"Pablo Demarco afirm\u00f3 que van \u00aba dar la lucha para que Mar\u00eda Maldonado llegue al Concejo\u201d\" class=\"read-more\" href=\"https:\/\/www.hoymercedes.com.ar\/principal\/2019\/08\/11\/pablo-demarco-afirmo-que-vamos-a-dar-la-lucha-para-que-maria-maldonado-llegue-al-concejo\/\" aria-label=\"Leer m\u00e1s sobre Pablo Demarco afirm\u00f3 que van \u00aba dar la lucha para que Mar\u00eda Maldonado llegue al Concejo\u201d\">Leer m\u00e1s<\/a><\/p>\n","protected":false},"author":1,"featured_media":98092,"comment_status":"closed","ping_status":"open","sticky":false,"template":"","format":"standard","meta":{"_monsterinsights_skip_tracking":false,"_monsterinsights_sitenote_active":false,"_monsterinsights_sitenote_note":"","_monsterinsights_sitenote_category":0,"jetpack_post_was_ever_published":false,"_jetpack_newsletter_access":"","_jetpack_dont_email_post_to_subs":false,"_jetpack_newsletter_tier_id":0,"_jetpack_memberships_contains_paywalled_content":false,"_jetpack_memberships_contains_paid_content":false,"footnotes":"","jetpack_publicize_message":"","jetpack_publicize_feature_enabled":true,"jetpack_social_post_already_shared":true,"jetpack_social_options":{"image_generator_settings":{"template":"highway","default_image_id":0,"font":"","enabled":false},"version":2},"_wpas_customize_per_network":false},"categories":[15626],"tags":[9142,6253,1054,15627],"class_list":["post-98091","post","type-post","status-publish","format-standard","has-post-thumbnail","hentry","category-paso-2019","tag-elecciones","tag-fit","tag-frente-de-izquierda","tag-paso-2019","generate-columns","tablet-grid-50","mobile-grid-100","grid-parent","grid-50"],"jetpack_publicize_connections":[],"jetpack_featured_media_url":"https:\/\/www.hoymercedes.com.ar\/principal\/wp-content\/uploads\/2019\/08\/Demaro-PASO2019-votando.jpeg","wps_subtitle":"PASO 2019","jetpack_sharing_enabled":true,"_links":{"self":[{"href":"https:\/\/www.hoymercedes.com.ar\/principal\/wp-json\/wp\/v2\/posts\/98091","targetHints":{"allow":["GET"]}}],"collection":[{"href":"https:\/\/www.hoymercedes.com.ar\/principal\/wp-json\/wp\/v2\/posts"}],"about":[{"href":"https:\/\/www.hoymercedes.com.ar\/principal\/wp-json\/wp\/v2\/types\/post"}],"author":[{"embeddable":true,"href":"https:\/\/www.hoymercedes.com.ar\/principal\/wp-json\/wp\/v2\/users\/1"}],"replies":[{"embeddable":true,"href":"https:\/\/www.hoymercedes.com.ar\/principal\/wp-json\/wp\/v2\/comments?post=98091"}],"version-history":[{"count":0,"href":"https:\/\/www.hoymercedes.com.ar\/principal\/wp-json\/wp\/v2\/posts\/98091\/revisions"}],"wp:featuredmedia":[{"embeddable":true,"href":"https:\/\/www.hoymercedes.com.ar\/principal\/wp-json\/wp\/v2\/media\/98092"}],"wp:attachment":[{"href":"https:\/\/www.hoymercedes.com.ar\/principal\/wp-json\/wp\/v2\/media?parent=98091"}],"wp:term":[{"taxonomy":"category","embeddable":true,"href":"https:\/\/www.hoymercedes.com.ar\/principal\/wp-json\/wp\/v2\/categories?post=98091"},{"taxonomy":"post_tag","embeddable":true,"href":"https:\/\/www.hoymercedes.com.ar\/principal\/wp-json\/wp\/v2\/tags?post=98091"}],"curies":[{"name":"wp","href":"https:\/\/api.w.org\/{rel}","templated":true}]}}