{"id":98140,"date":"2019-08-11T17:47:40","date_gmt":"2019-08-11T20:47:40","guid":{"rendered":"http:\/\/www.hoymercedes.com.ar\/principal\/?p=98140"},"modified":"2019-08-12T00:24:29","modified_gmt":"2019-08-12T03:24:29","slug":"alfa-se-quedo-con-la-copa-de-oro-y-club-mercedes-la-de-plata","status":"publish","type":"post","link":"https:\/\/www.hoymercedes.com.ar\/principal\/2019\/08\/11\/alfa-se-quedo-con-la-copa-de-oro-y-club-mercedes-la-de-plata\/","title":{"rendered":"ALFA se qued\u00f3 con la Copa de Oro y Club Mercedes, la de Plata"},"content":{"rendered":"\n<p>Una vez m\u00e1s El Front\u00f3n de San Andr\u00e9s de Giles lleg\u00f3 a la definici\u00f3n del torneo de Primera Divisi\u00f3n de F\u00fatbol Femenino de la Liga Mercedina, pero no pudo en los penales ante ALFA de Olivera, que se mantuvo en la cima del torneo todo el semestre y ahora se termin\u00f3 coronando.<\/p>\n\n\n\n<figure class=\"wp-block-image\"><img loading=\"lazy\" decoding=\"async\" width=\"960\" height=\"720\" data-attachment-id=\"98141\" data-permalink=\"https:\/\/www.hoymercedes.com.ar\/principal\/2019\/08\/11\/alfa-se-quedo-con-la-copa-de-oro-y-club-mercedes-la-de-plata\/amefip-femenino\/#main\" data-orig-file=\"https:\/\/www.hoymercedes.com.ar\/principal\/wp-content\/uploads\/2019\/08\/AMEFIP-FEMENINO.jpg\" data-orig-size=\"960,720\" data-comments-opened=\"0\" data-image-meta=\"{&quot;aperture&quot;:&quot;0&quot;,&quot;credit&quot;:&quot;&quot;,&quot;camera&quot;:&quot;&quot;,&quot;caption&quot;:&quot;&quot;,&quot;created_timestamp&quot;:&quot;0&quot;,&quot;copyright&quot;:&quot;&quot;,&quot;focal_length&quot;:&quot;0&quot;,&quot;iso&quot;:&quot;0&quot;,&quot;shutter_speed&quot;:&quot;0&quot;,&quot;title&quot;:&quot;&quot;,&quot;orientation&quot;:&quot;0&quot;}\" data-image-title=\"AMEFIP-FEMENINO\" data-image-description=\"\" data-image-caption=\"\" data-large-file=\"https:\/\/www.hoymercedes.com.ar\/principal\/wp-content\/uploads\/2019\/08\/AMEFIP-FEMENINO.jpg\" src=\"https:\/\/www.hoymercedes.com.ar\/principal\/wp-content\/uploads\/2019\/08\/AMEFIP-FEMENINO.jpg\" alt=\"\" class=\"wp-image-98141\" srcset=\"https:\/\/www.hoymercedes.com.ar\/principal\/wp-content\/uploads\/2019\/08\/AMEFIP-FEMENINO.jpg 960w, https:\/\/www.hoymercedes.com.ar\/principal\/wp-content\/uploads\/2019\/08\/AMEFIP-FEMENINO-150x113.jpg 150w, https:\/\/www.hoymercedes.com.ar\/principal\/wp-content\/uploads\/2019\/08\/AMEFIP-FEMENINO-630x473.jpg 630w, https:\/\/www.hoymercedes.com.ar\/principal\/wp-content\/uploads\/2019\/08\/AMEFIP-FEMENINO-320x240.jpg 320w, https:\/\/www.hoymercedes.com.ar\/principal\/wp-content\/uploads\/2019\/08\/AMEFIP-FEMENINO-100x75.jpg 100w\" sizes=\"auto, (max-width: 960px) 100vw, 960px\" \/><figcaption>Foto de archivo<\/figcaption><\/figure>\n\n\n\n<p>Tras finalizar sin goles, ALFA gan\u00f3 4 a 3 en la tarde del s\u00e1bado en cancha de Club Mercedes ante un gran marco de p\u00fablico.<\/p>\n\n\n\n<p>En cuanto a la Copa de Plata, Club Mercedes derrot\u00f3 a AMEFIP Barrio San Mart\u00edn por 3 a 2. El Blanquinegro se qued\u00f3 con el partido sobre el final, cuando de tiro libre pudo evitar ir a los penales.<\/p>\n","protected":false},"excerpt":{"rendered":"<p>Una vez m\u00e1s El Front\u00f3n de San Andr\u00e9s de Giles lleg\u00f3 a la definici\u00f3n del torneo de Primera Divisi\u00f3n de &#8230; <a title=\"ALFA se qued\u00f3 con la Copa de Oro y Club Mercedes, la de Plata\" class=\"read-more\" href=\"https:\/\/www.hoymercedes.com.ar\/principal\/2019\/08\/11\/alfa-se-quedo-con-la-copa-de-oro-y-club-mercedes-la-de-plata\/\" aria-label=\"Leer m\u00e1s sobre ALFA se qued\u00f3 con la Copa de Oro y Club Mercedes, la de Plata\">Leer m\u00e1s<\/a><\/p>\n","protected":false},"author":1,"featured_media":98141,"comment_status":"closed","ping_status":"open","sticky":false,"template":"","format":"standard","meta":{"_monsterinsights_skip_tracking":false,"_monsterinsights_sitenote_active":false,"_monsterinsights_sitenote_note":"","_monsterinsights_sitenote_category":0,"jetpack_post_was_ever_published":false,"_jetpack_newsletter_access":"","_jetpack_dont_email_post_to_subs":false,"_jetpack_newsletter_tier_id":0,"_jetpack_memberships_contains_paywalled_content":false,"_jetpack_memberships_contains_paid_content":false,"footnotes":"","jetpack_publicize_message":"","jetpack_publicize_feature_enabled":true,"jetpack_social_post_already_shared":true,"jetpack_social_options":{"image_generator_settings":{"template":"highway","default_image_id":0,"font":"","enabled":false},"version":2},"_wpas_customize_per_network":false},"categories":[21],"tags":[204,895],"class_list":["post-98140","post","type-post","status-publish","format-standard","has-post-thumbnail","hentry","category-deportes","tag-deportes-2","tag-futbol-femenino","generate-columns","tablet-grid-50","mobile-grid-100","grid-parent","grid-50"],"jetpack_publicize_connections":[],"jetpack_featured_media_url":"https:\/\/www.hoymercedes.com.ar\/principal\/wp-content\/uploads\/2019\/08\/AMEFIP-FEMENINO.jpg","wps_subtitle":"F\u00fatbol Femenino","jetpack_sharing_enabled":true,"_links":{"self":[{"href":"https:\/\/www.hoymercedes.com.ar\/principal\/wp-json\/wp\/v2\/posts\/98140","targetHints":{"allow":["GET"]}}],"collection":[{"href":"https:\/\/www.hoymercedes.com.ar\/principal\/wp-json\/wp\/v2\/posts"}],"about":[{"href":"https:\/\/www.hoymercedes.com.ar\/principal\/wp-json\/wp\/v2\/types\/post"}],"author":[{"embeddable":true,"href":"https:\/\/www.hoymercedes.com.ar\/principal\/wp-json\/wp\/v2\/users\/1"}],"replies":[{"embeddable":true,"href":"https:\/\/www.hoymercedes.com.ar\/principal\/wp-json\/wp\/v2\/comments?post=98140"}],"version-history":[{"count":0,"href":"https:\/\/www.hoymercedes.com.ar\/principal\/wp-json\/wp\/v2\/posts\/98140\/revisions"}],"wp:featuredmedia":[{"embeddable":true,"href":"https:\/\/www.hoymercedes.com.ar\/principal\/wp-json\/wp\/v2\/media\/98141"}],"wp:attachment":[{"href":"https:\/\/www.hoymercedes.com.ar\/principal\/wp-json\/wp\/v2\/media?parent=98140"}],"wp:term":[{"taxonomy":"category","embeddable":true,"href":"https:\/\/www.hoymercedes.com.ar\/principal\/wp-json\/wp\/v2\/categories?post=98140"},{"taxonomy":"post_tag","embeddable":true,"href":"https:\/\/www.hoymercedes.com.ar\/principal\/wp-json\/wp\/v2\/tags?post=98140"}],"curies":[{"name":"wp","href":"https:\/\/api.w.org\/{rel}","templated":true}]}}