{"id":98148,"date":"2019-08-11T18:03:28","date_gmt":"2019-08-11T21:03:28","guid":{"rendered":"http:\/\/www.hoymercedes.com.ar\/principal\/?p=98148"},"modified":"2019-08-12T00:23:59","modified_gmt":"2019-08-12T03:23:59","slug":"martin-avalle-se-mostro-feliz-por-la-jornada-electoral","status":"publish","type":"post","link":"https:\/\/www.hoymercedes.com.ar\/principal\/2019\/08\/11\/martin-avalle-se-mostro-feliz-por-la-jornada-electoral\/","title":{"rendered":"Mart\u00edn Avalle se mostr\u00f3 feliz por la jornada electoral"},"content":{"rendered":"\n<p>El precandidato a Concejal en primer lugar por la lista Consenso Federal, que lleva a la cabeza en la ciudad a Francisco Cardozo se manifest\u00f3 feliz ante los medios ya que \u00abes la primera vez que me presento como candidato, aunque siempre particip\u00e9 de las elecciones como fiscal o fiscal general\u00bb.<\/p>\n\n\n\n<figure class=\"wp-block-image\"><img loading=\"lazy\" decoding=\"async\" width=\"1024\" height=\"768\" data-attachment-id=\"98149\" data-permalink=\"https:\/\/www.hoymercedes.com.ar\/principal\/2019\/08\/11\/martin-avalle-se-mostro-feliz-por-la-jornada-electoral\/whatsapp-image-2019-08-11-at-15-31-35\/#main\" data-orig-file=\"https:\/\/www.hoymercedes.com.ar\/principal\/wp-content\/uploads\/2019\/08\/WhatsApp-Image-2019-08-11-at-15.31.35.jpeg\" data-orig-size=\"1040,780\" data-comments-opened=\"0\" data-image-meta=\"{&quot;aperture&quot;:&quot;0&quot;,&quot;credit&quot;:&quot;&quot;,&quot;camera&quot;:&quot;&quot;,&quot;caption&quot;:&quot;&quot;,&quot;created_timestamp&quot;:&quot;0&quot;,&quot;copyright&quot;:&quot;&quot;,&quot;focal_length&quot;:&quot;0&quot;,&quot;iso&quot;:&quot;0&quot;,&quot;shutter_speed&quot;:&quot;0&quot;,&quot;title&quot;:&quot;&quot;,&quot;orientation&quot;:&quot;0&quot;}\" data-image-title=\"WhatsApp-Image-2019-08-11-at-15.31.35\" data-image-description=\"\" data-image-caption=\"\" data-large-file=\"https:\/\/www.hoymercedes.com.ar\/principal\/wp-content\/uploads\/2019\/08\/WhatsApp-Image-2019-08-11-at-15.31.35-1024x768.jpeg\" src=\"https:\/\/www.hoymercedes.com.ar\/principal\/wp-content\/uploads\/2019\/08\/WhatsApp-Image-2019-08-11-at-15.31.35-1024x768.jpeg\" alt=\"\" class=\"wp-image-98149\" srcset=\"https:\/\/www.hoymercedes.com.ar\/principal\/wp-content\/uploads\/2019\/08\/WhatsApp-Image-2019-08-11-at-15.31.35-1024x768.jpeg 1024w, https:\/\/www.hoymercedes.com.ar\/principal\/wp-content\/uploads\/2019\/08\/WhatsApp-Image-2019-08-11-at-15.31.35-150x113.jpeg 150w, https:\/\/www.hoymercedes.com.ar\/principal\/wp-content\/uploads\/2019\/08\/WhatsApp-Image-2019-08-11-at-15.31.35-630x473.jpeg 630w, https:\/\/www.hoymercedes.com.ar\/principal\/wp-content\/uploads\/2019\/08\/WhatsApp-Image-2019-08-11-at-15.31.35-320x240.jpeg 320w, https:\/\/www.hoymercedes.com.ar\/principal\/wp-content\/uploads\/2019\/08\/WhatsApp-Image-2019-08-11-at-15.31.35-100x75.jpeg 100w, https:\/\/www.hoymercedes.com.ar\/principal\/wp-content\/uploads\/2019\/08\/WhatsApp-Image-2019-08-11-at-15.31.35.jpeg 1040w\" sizes=\"auto, (max-width: 1024px) 100vw, 1024px\" \/><\/figure>\n\n\n\n<p>Adem\u00e1s, Avalle hizo menci\u00f3n a lo tarde que comenzaron los comicios en el Colegio Santa Mar\u00eda, donde le toc\u00f3 votar, indicando que cerca de las diez de la ma\u00f1ana se regulariz\u00f3 la situaci\u00f3n y que para despu\u00e9s del mediod\u00eda ya hab\u00eda votado m\u00e1s del 50% del padr\u00f3n.<\/p>\n","protected":false},"excerpt":{"rendered":"<p>El precandidato a Concejal en primer lugar por la lista Consenso Federal, que lleva a la cabeza en la ciudad &#8230; <a title=\"Mart\u00edn Avalle se mostr\u00f3 feliz por la jornada electoral\" class=\"read-more\" href=\"https:\/\/www.hoymercedes.com.ar\/principal\/2019\/08\/11\/martin-avalle-se-mostro-feliz-por-la-jornada-electoral\/\" aria-label=\"Leer m\u00e1s sobre Mart\u00edn Avalle se mostr\u00f3 feliz por la jornada electoral\">Leer m\u00e1s<\/a><\/p>\n","protected":false},"author":1,"featured_media":98149,"comment_status":"closed","ping_status":"open","sticky":false,"template":"","format":"standard","meta":{"_monsterinsights_skip_tracking":false,"_monsterinsights_sitenote_active":false,"_monsterinsights_sitenote_note":"","_monsterinsights_sitenote_category":0,"jetpack_post_was_ever_published":false,"_jetpack_newsletter_access":"","_jetpack_dont_email_post_to_subs":false,"_jetpack_newsletter_tier_id":0,"_jetpack_memberships_contains_paywalled_content":false,"_jetpack_memberships_contains_paid_content":false,"footnotes":"","jetpack_publicize_message":"","jetpack_publicize_feature_enabled":true,"jetpack_social_post_already_shared":true,"jetpack_social_options":{"image_generator_settings":{"template":"highway","default_image_id":0,"font":"","enabled":false},"version":2},"_wpas_customize_per_network":false},"categories":[15626],"tags":[15379,9142,15627],"class_list":["post-98148","post","type-post","status-publish","format-standard","has-post-thumbnail","hentry","category-paso-2019","tag-consenso-federal","tag-elecciones","tag-paso-2019","generate-columns","tablet-grid-50","mobile-grid-100","grid-parent","grid-50"],"jetpack_publicize_connections":[],"jetpack_featured_media_url":"https:\/\/www.hoymercedes.com.ar\/principal\/wp-content\/uploads\/2019\/08\/WhatsApp-Image-2019-08-11-at-15.31.35.jpeg","wps_subtitle":"PASO 2019","jetpack_sharing_enabled":true,"_links":{"self":[{"href":"https:\/\/www.hoymercedes.com.ar\/principal\/wp-json\/wp\/v2\/posts\/98148","targetHints":{"allow":["GET"]}}],"collection":[{"href":"https:\/\/www.hoymercedes.com.ar\/principal\/wp-json\/wp\/v2\/posts"}],"about":[{"href":"https:\/\/www.hoymercedes.com.ar\/principal\/wp-json\/wp\/v2\/types\/post"}],"author":[{"embeddable":true,"href":"https:\/\/www.hoymercedes.com.ar\/principal\/wp-json\/wp\/v2\/users\/1"}],"replies":[{"embeddable":true,"href":"https:\/\/www.hoymercedes.com.ar\/principal\/wp-json\/wp\/v2\/comments?post=98148"}],"version-history":[{"count":0,"href":"https:\/\/www.hoymercedes.com.ar\/principal\/wp-json\/wp\/v2\/posts\/98148\/revisions"}],"wp:featuredmedia":[{"embeddable":true,"href":"https:\/\/www.hoymercedes.com.ar\/principal\/wp-json\/wp\/v2\/media\/98149"}],"wp:attachment":[{"href":"https:\/\/www.hoymercedes.com.ar\/principal\/wp-json\/wp\/v2\/media?parent=98148"}],"wp:term":[{"taxonomy":"category","embeddable":true,"href":"https:\/\/www.hoymercedes.com.ar\/principal\/wp-json\/wp\/v2\/categories?post=98148"},{"taxonomy":"post_tag","embeddable":true,"href":"https:\/\/www.hoymercedes.com.ar\/principal\/wp-json\/wp\/v2\/tags?post=98148"}],"curies":[{"name":"wp","href":"https:\/\/api.w.org\/{rel}","templated":true}]}}