{"id":98277,"date":"2019-08-13T10:10:56","date_gmt":"2019-08-13T13:10:56","guid":{"rendered":"http:\/\/www.hoymercedes.com.ar\/principal\/?p=98277"},"modified":"2019-08-13T16:29:16","modified_gmt":"2019-08-13T19:29:16","slug":"avanza-pavimentacion-en-la-calle-11-entre-132-y-144","status":"publish","type":"post","link":"https:\/\/www.hoymercedes.com.ar\/principal\/2019\/08\/13\/avanza-pavimentacion-en-la-calle-11-entre-132-y-144\/","title":{"rendered":"Avanza pavimentaci\u00f3n en la calle 11, entre 132 y 144"},"content":{"rendered":"\n<p>El Municipio de Mercedes contin\u00faa trabajando y escuchando a los vecinos de la ciudad. Luego de un trabajo planificado y consensuado las m\u00e1quinas iniciaron su trabajo en la zona de calle 11 y 132. Esta es una obra que se suma a la gran cantidad de trabajos que se realizan con fondos municipales.<\/p>\n\n\n\n<figure class=\"wp-block-image\"><img loading=\"lazy\" decoding=\"async\" width=\"750\" height=\"500\" data-attachment-id=\"98278\" data-permalink=\"https:\/\/www.hoymercedes.com.ar\/principal\/2019\/08\/13\/avanza-pavimentacion-en-la-calle-11-entre-132-y-144\/13-muni-calle11\/#main\" data-orig-file=\"https:\/\/www.hoymercedes.com.ar\/principal\/wp-content\/uploads\/2019\/08\/13-muni-calle11.jpg\" data-orig-size=\"750,500\" data-comments-opened=\"0\" data-image-meta=\"{&quot;aperture&quot;:&quot;0&quot;,&quot;credit&quot;:&quot;&quot;,&quot;camera&quot;:&quot;&quot;,&quot;caption&quot;:&quot;&quot;,&quot;created_timestamp&quot;:&quot;0&quot;,&quot;copyright&quot;:&quot;&quot;,&quot;focal_length&quot;:&quot;0&quot;,&quot;iso&quot;:&quot;0&quot;,&quot;shutter_speed&quot;:&quot;0&quot;,&quot;title&quot;:&quot;&quot;,&quot;orientation&quot;:&quot;0&quot;}\" data-image-title=\"13 muni calle11\" data-image-description=\"\" data-image-caption=\"\" data-large-file=\"https:\/\/www.hoymercedes.com.ar\/principal\/wp-content\/uploads\/2019\/08\/13-muni-calle11.jpg\" src=\"https:\/\/www.hoymercedes.com.ar\/principal\/wp-content\/uploads\/2019\/08\/13-muni-calle11.jpg\" alt=\"\" class=\"wp-image-98278\" srcset=\"https:\/\/www.hoymercedes.com.ar\/principal\/wp-content\/uploads\/2019\/08\/13-muni-calle11.jpg 750w, https:\/\/www.hoymercedes.com.ar\/principal\/wp-content\/uploads\/2019\/08\/13-muni-calle11-150x100.jpg 150w, https:\/\/www.hoymercedes.com.ar\/principal\/wp-content\/uploads\/2019\/08\/13-muni-calle11-630x420.jpg 630w, https:\/\/www.hoymercedes.com.ar\/principal\/wp-content\/uploads\/2019\/08\/13-muni-calle11-720x480.jpg 720w, https:\/\/www.hoymercedes.com.ar\/principal\/wp-content\/uploads\/2019\/08\/13-muni-calle11-360x240.jpg 360w\" sizes=\"auto, (max-width: 750px) 100vw, 750px\" \/><\/figure>\n\n\n\n<p>El jefe de gabinete, Mat\u00edas Dematei expres\u00f3 \u201carrancamos una obra muy esperada por los vecinos de la zona, esta es una arteria que tiene mucho tr\u00e1fico y que estaba casi totalmente destruida\u00bb.\u00a0<\/p>\n\n\n\n<p>\u201cEsto entra dentro del plan de repavimentaci\u00f3n que venimos desarrollando en toda la ciudad y que vamos extendiendo a medida que incluimos lugares que podemos intervenir\u201d manifest\u00f3 Dematei y a\u00f1adi\u00f3 \u201cintentamos realizar bacheo pero fue casi imposible por lo cual planificamos esta repavimentaci\u00f3n completa en hormig\u00f3n de casi 250 metros\u201d.<\/p>\n\n\n\n<p>El intendente Ustarroz remac\u00f3 lo importante de seguir haciendo por Mercedes, de contar con cada d\u00eda m\u00e1s soluciones para los vecinos y destac\u00f3 el gran trabajo de los empleados municipales que desde las \u00e1reas de obras, compras, planificaci\u00f3n, servicios p\u00fablicos, est\u00e1n dando cada d\u00eda m\u00e1s soluciones y mejoras en el espacio p\u00fablico.<br><\/p>\n\n\n\n<p>M\u00e1s adelante Dematei se\u00f1al\u00f3 \u201ctuvimos que intervenir lugares que hab\u00edan sido pavimentado hace unos a\u00f1os\u201d y agreg\u00f3 \u201cun bacheo hubiera sido totalmente paliativo por eso el intendente Ustarroz decidi\u00f3 que esta obra fuera una repavimentaci\u00f3n totalmente en hormig\u00f3n\u201d.<\/p>\n\n\n\n<p>De manera conjunta, el Jefe de Gabinete destac\u00f3 \u201cesta es una obra que hab\u00eda que hacer por el deterioro de la misma, lo que significaba que era muy peligroso para la seguridad vial\u201d y subray\u00f3 \u201ceste trabajo ir\u00e1 acompa\u00f1ado con demarcaci\u00f3n y una senda peatonal para que los vecinos que por aqu\u00ed transitan lo hagan de una mera segura\u201d.<\/p>\n\n\n\n<p>\u00a0\u201cSabemos que vamos a generar inconvenientes entre los vecinos, pero una vez terminada la obra realmente ser\u00e1 beneficioso para todos\u201d subray\u00f3 Dematei.<\/p>\n\n\n\n<p>Fuente: Prensa Municipal<\/p>\n","protected":false},"excerpt":{"rendered":"<p>El Municipio de Mercedes contin\u00faa trabajando y escuchando a los vecinos de la ciudad. Luego de un trabajo planificado y &#8230; <a title=\"Avanza pavimentaci\u00f3n en la calle 11, entre 132 y 144\" class=\"read-more\" href=\"https:\/\/www.hoymercedes.com.ar\/principal\/2019\/08\/13\/avanza-pavimentacion-en-la-calle-11-entre-132-y-144\/\" aria-label=\"Leer m\u00e1s sobre Avanza pavimentaci\u00f3n en la calle 11, entre 132 y 144\">Leer m\u00e1s<\/a><\/p>\n","protected":false},"author":1,"featured_media":98278,"comment_status":"closed","ping_status":"open","sticky":false,"template":"","format":"standard","meta":{"_monsterinsights_skip_tracking":false,"_monsterinsights_sitenote_active":false,"_monsterinsights_sitenote_note":"","_monsterinsights_sitenote_category":0,"jetpack_post_was_ever_published":false,"_jetpack_newsletter_access":"","_jetpack_dont_email_post_to_subs":false,"_jetpack_newsletter_tier_id":0,"_jetpack_memberships_contains_paywalled_content":false,"_jetpack_memberships_contains_paid_content":false,"footnotes":"","jetpack_publicize_message":"","jetpack_publicize_feature_enabled":true,"jetpack_social_post_already_shared":true,"jetpack_social_options":{"image_generator_settings":{"template":"highway","default_image_id":0,"font":"","enabled":false},"version":2},"_wpas_customize_per_network":false},"categories":[30],"tags":[244,5947,369],"class_list":["post-98277","post","type-post","status-publish","format-standard","has-post-thumbnail","hentry","category-municipio","tag-municipio-2","tag-obras-publicas","tag-pavimentacion","generate-columns","tablet-grid-50","mobile-grid-100","grid-parent","grid-50"],"jetpack_publicize_connections":[],"jetpack_featured_media_url":"https:\/\/www.hoymercedes.com.ar\/principal\/wp-content\/uploads\/2019\/08\/13-muni-calle11.jpg","wps_subtitle":"Obras p\u00fablicas","jetpack_sharing_enabled":true,"_links":{"self":[{"href":"https:\/\/www.hoymercedes.com.ar\/principal\/wp-json\/wp\/v2\/posts\/98277","targetHints":{"allow":["GET"]}}],"collection":[{"href":"https:\/\/www.hoymercedes.com.ar\/principal\/wp-json\/wp\/v2\/posts"}],"about":[{"href":"https:\/\/www.hoymercedes.com.ar\/principal\/wp-json\/wp\/v2\/types\/post"}],"author":[{"embeddable":true,"href":"https:\/\/www.hoymercedes.com.ar\/principal\/wp-json\/wp\/v2\/users\/1"}],"replies":[{"embeddable":true,"href":"https:\/\/www.hoymercedes.com.ar\/principal\/wp-json\/wp\/v2\/comments?post=98277"}],"version-history":[{"count":0,"href":"https:\/\/www.hoymercedes.com.ar\/principal\/wp-json\/wp\/v2\/posts\/98277\/revisions"}],"wp:featuredmedia":[{"embeddable":true,"href":"https:\/\/www.hoymercedes.com.ar\/principal\/wp-json\/wp\/v2\/media\/98278"}],"wp:attachment":[{"href":"https:\/\/www.hoymercedes.com.ar\/principal\/wp-json\/wp\/v2\/media?parent=98277"}],"wp:term":[{"taxonomy":"category","embeddable":true,"href":"https:\/\/www.hoymercedes.com.ar\/principal\/wp-json\/wp\/v2\/categories?post=98277"},{"taxonomy":"post_tag","embeddable":true,"href":"https:\/\/www.hoymercedes.com.ar\/principal\/wp-json\/wp\/v2\/tags?post=98277"}],"curies":[{"name":"wp","href":"https:\/\/api.w.org\/{rel}","templated":true}]}}