{"id":98294,"date":"2019-08-13T16:26:01","date_gmt":"2019-08-13T19:26:01","guid":{"rendered":"http:\/\/www.hoymercedes.com.ar\/principal\/?p=98294"},"modified":"2019-08-13T16:28:26","modified_gmt":"2019-08-13T19:28:26","slug":"incendio-en-una-vivienda-de-calle-57-entre-16-y-18","status":"publish","type":"post","link":"https:\/\/www.hoymercedes.com.ar\/principal\/2019\/08\/13\/incendio-en-una-vivienda-de-calle-57-entre-16-y-18\/","title":{"rendered":"Incendio en una vivienda de calle 57, entre 16 y 18"},"content":{"rendered":"\n<p>En la madrugada de este martes, el cuerpo de Bomberos Voluntarios de Mercedes y Protecci\u00f3n Civil de la ciudad se hicieron ecos de un incendio en una vivienda ubicada en calle 57, entre 16 y 18. Un incendio que provoc\u00f3 p\u00e9rdidas materiales totales. No hubo v\u00edctimas.<\/p>\n\n\n\n<figure class=\"wp-block-image\"><img loading=\"lazy\" decoding=\"async\" width=\"800\" height=\"533\" data-attachment-id=\"98295\" data-permalink=\"https:\/\/www.hoymercedes.com.ar\/principal\/2019\/08\/13\/incendio-en-una-vivienda-de-calle-57-entre-16-y-18\/14-incendio-1\/#main\" data-orig-file=\"https:\/\/www.hoymercedes.com.ar\/principal\/wp-content\/uploads\/2019\/08\/14-incendio-1.jpg\" data-orig-size=\"800,533\" data-comments-opened=\"0\" data-image-meta=\"{&quot;aperture&quot;:&quot;0&quot;,&quot;credit&quot;:&quot;&quot;,&quot;camera&quot;:&quot;&quot;,&quot;caption&quot;:&quot;&quot;,&quot;created_timestamp&quot;:&quot;0&quot;,&quot;copyright&quot;:&quot;&quot;,&quot;focal_length&quot;:&quot;0&quot;,&quot;iso&quot;:&quot;0&quot;,&quot;shutter_speed&quot;:&quot;0&quot;,&quot;title&quot;:&quot;&quot;,&quot;orientation&quot;:&quot;0&quot;}\" data-image-title=\"14 incendio 1\" data-image-description=\"\" data-image-caption=\"\" data-large-file=\"https:\/\/www.hoymercedes.com.ar\/principal\/wp-content\/uploads\/2019\/08\/14-incendio-1.jpg\" src=\"https:\/\/www.hoymercedes.com.ar\/principal\/wp-content\/uploads\/2019\/08\/14-incendio-1.jpg\" alt=\"\" class=\"wp-image-98295\" srcset=\"https:\/\/www.hoymercedes.com.ar\/principal\/wp-content\/uploads\/2019\/08\/14-incendio-1.jpg 800w, https:\/\/www.hoymercedes.com.ar\/principal\/wp-content\/uploads\/2019\/08\/14-incendio-1-150x100.jpg 150w, https:\/\/www.hoymercedes.com.ar\/principal\/wp-content\/uploads\/2019\/08\/14-incendio-1-630x420.jpg 630w, https:\/\/www.hoymercedes.com.ar\/principal\/wp-content\/uploads\/2019\/08\/14-incendio-1-720x480.jpg 720w, https:\/\/www.hoymercedes.com.ar\/principal\/wp-content\/uploads\/2019\/08\/14-incendio-1-360x240.jpg 360w\" sizes=\"auto, (max-width: 800px) 100vw, 800px\" \/><\/figure>\n\n\n\n<p>Pasadas las cuatro de la ma\u00f1ana, los Bomberos recibieron el llamado por el incendio en la vivienda de la calle 57. Por lo cual sali\u00f3 primero una dotaci\u00f3n, para luego llegar con una segunda unidad. Al llegar, la casa estaba tomada por el fuego casi en su totalidad. <\/p>\n\n\n\n<p>De acuerdo a la informaci\u00f3n de los Bomberos, el fuego hab\u00eda tomado parte del garaje de la vivienda, que ten\u00eda un entrepiso en construcci\u00f3n, el living comedor, la cocina y estaba alcanzando al pasillo que comunicaba con las dormitorios de la casa. \u00abCalculamos que el fuego tom\u00f3 casi un 70% de la vivienda, pero el da\u00f1o de la temperatura y el humo afecta mucho m\u00e1s\u00bb, explicaron los Bomberos. <\/p>\n\n\n\n<p>Una persona ingres\u00f3 a la vivienda cuando el fuego estaba siendo extinguido por los Bomberos. Es as\u00ed que debi\u00f3 ser desalojada por la Polic\u00eda en el momento y asistida por el personal de Protecci\u00f3n Civil. <\/p>\n\n\n\n<p>Personal de Ed\u00e9n se acerc\u00f3 terminada la labor de los Bomberos para poder restablecer el suministro en parte de la manzana afectada.<\/p>\n\n\n\n<figure class=\"wp-block-image\"><img loading=\"lazy\" decoding=\"async\" width=\"800\" height=\"533\" data-attachment-id=\"98296\" data-permalink=\"https:\/\/www.hoymercedes.com.ar\/principal\/2019\/08\/13\/incendio-en-una-vivienda-de-calle-57-entre-16-y-18\/14-incendio-2\/#main\" data-orig-file=\"https:\/\/www.hoymercedes.com.ar\/principal\/wp-content\/uploads\/2019\/08\/14-incendio-2.jpg\" data-orig-size=\"800,533\" data-comments-opened=\"0\" data-image-meta=\"{&quot;aperture&quot;:&quot;0&quot;,&quot;credit&quot;:&quot;&quot;,&quot;camera&quot;:&quot;&quot;,&quot;caption&quot;:&quot;&quot;,&quot;created_timestamp&quot;:&quot;0&quot;,&quot;copyright&quot;:&quot;&quot;,&quot;focal_length&quot;:&quot;0&quot;,&quot;iso&quot;:&quot;0&quot;,&quot;shutter_speed&quot;:&quot;0&quot;,&quot;title&quot;:&quot;&quot;,&quot;orientation&quot;:&quot;0&quot;}\" data-image-title=\"14 incendio 2\" data-image-description=\"\" data-image-caption=\"\" data-large-file=\"https:\/\/www.hoymercedes.com.ar\/principal\/wp-content\/uploads\/2019\/08\/14-incendio-2.jpg\" src=\"https:\/\/www.hoymercedes.com.ar\/principal\/wp-content\/uploads\/2019\/08\/14-incendio-2.jpg\" alt=\"\" class=\"wp-image-98296\" srcset=\"https:\/\/www.hoymercedes.com.ar\/principal\/wp-content\/uploads\/2019\/08\/14-incendio-2.jpg 800w, https:\/\/www.hoymercedes.com.ar\/principal\/wp-content\/uploads\/2019\/08\/14-incendio-2-150x100.jpg 150w, https:\/\/www.hoymercedes.com.ar\/principal\/wp-content\/uploads\/2019\/08\/14-incendio-2-630x420.jpg 630w, https:\/\/www.hoymercedes.com.ar\/principal\/wp-content\/uploads\/2019\/08\/14-incendio-2-720x480.jpg 720w, https:\/\/www.hoymercedes.com.ar\/principal\/wp-content\/uploads\/2019\/08\/14-incendio-2-360x240.jpg 360w\" sizes=\"auto, (max-width: 800px) 100vw, 800px\" \/><\/figure>\n","protected":false},"excerpt":{"rendered":"<p>En la madrugada de este martes, el cuerpo de Bomberos Voluntarios de Mercedes y Protecci\u00f3n Civil de la ciudad se &#8230; <a title=\"Incendio en una vivienda de calle 57, entre 16 y 18\" class=\"read-more\" href=\"https:\/\/www.hoymercedes.com.ar\/principal\/2019\/08\/13\/incendio-en-una-vivienda-de-calle-57-entre-16-y-18\/\" aria-label=\"Leer m\u00e1s sobre Incendio en una vivienda de calle 57, entre 16 y 18\">Leer m\u00e1s<\/a><\/p>\n","protected":false},"author":1,"featured_media":98296,"comment_status":"closed","ping_status":"open","sticky":false,"template":"","format":"standard","meta":{"_monsterinsights_skip_tracking":false,"_monsterinsights_sitenote_active":false,"_monsterinsights_sitenote_note":"","_monsterinsights_sitenote_category":0,"jetpack_post_was_ever_published":false,"_jetpack_newsletter_access":"","_jetpack_dont_email_post_to_subs":false,"_jetpack_newsletter_tier_id":0,"_jetpack_memberships_contains_paywalled_content":false,"_jetpack_memberships_contains_paid_content":false,"footnotes":"","jetpack_publicize_message":"","jetpack_publicize_feature_enabled":true,"jetpack_social_post_already_shared":true,"jetpack_social_options":{"image_generator_settings":{"template":"highway","default_image_id":0,"font":"","enabled":false},"version":2},"_wpas_customize_per_network":false},"categories":[85],"tags":[865,286,96,9920],"class_list":["post-98294","post","type-post","status-publish","format-standard","has-post-thumbnail","hentry","category-policial","tag-bomberos-voluntarios","tag-incendio","tag-policial-2","tag-vivienda","generate-columns","tablet-grid-50","mobile-grid-100","grid-parent","grid-50"],"jetpack_publicize_connections":[],"jetpack_featured_media_url":"https:\/\/www.hoymercedes.com.ar\/principal\/wp-content\/uploads\/2019\/08\/14-incendio-2.jpg","wps_subtitle":"En la madrugada del martes","jetpack_sharing_enabled":true,"_links":{"self":[{"href":"https:\/\/www.hoymercedes.com.ar\/principal\/wp-json\/wp\/v2\/posts\/98294","targetHints":{"allow":["GET"]}}],"collection":[{"href":"https:\/\/www.hoymercedes.com.ar\/principal\/wp-json\/wp\/v2\/posts"}],"about":[{"href":"https:\/\/www.hoymercedes.com.ar\/principal\/wp-json\/wp\/v2\/types\/post"}],"author":[{"embeddable":true,"href":"https:\/\/www.hoymercedes.com.ar\/principal\/wp-json\/wp\/v2\/users\/1"}],"replies":[{"embeddable":true,"href":"https:\/\/www.hoymercedes.com.ar\/principal\/wp-json\/wp\/v2\/comments?post=98294"}],"version-history":[{"count":0,"href":"https:\/\/www.hoymercedes.com.ar\/principal\/wp-json\/wp\/v2\/posts\/98294\/revisions"}],"wp:featuredmedia":[{"embeddable":true,"href":"https:\/\/www.hoymercedes.com.ar\/principal\/wp-json\/wp\/v2\/media\/98296"}],"wp:attachment":[{"href":"https:\/\/www.hoymercedes.com.ar\/principal\/wp-json\/wp\/v2\/media?parent=98294"}],"wp:term":[{"taxonomy":"category","embeddable":true,"href":"https:\/\/www.hoymercedes.com.ar\/principal\/wp-json\/wp\/v2\/categories?post=98294"},{"taxonomy":"post_tag","embeddable":true,"href":"https:\/\/www.hoymercedes.com.ar\/principal\/wp-json\/wp\/v2\/tags?post=98294"}],"curies":[{"name":"wp","href":"https:\/\/api.w.org\/{rel}","templated":true}]}}