{"id":9833,"date":"2011-12-14T13:37:05","date_gmt":"2011-12-14T13:37:05","guid":{"rendered":"http:\/\/www.hoymercedes.com.ar\/principal\/?p=9833"},"modified":"2011-12-14T13:37:05","modified_gmt":"2011-12-14T13:37:05","slug":"principi-confirmado-como-director-del-hospital","status":"publish","type":"post","link":"https:\/\/www.hoymercedes.com.ar\/principal\/2011\/12\/14\/principi-confirmado-como-director-del-hospital\/","title":{"rendered":"Principi confirmado como Director del Hospital"},"content":{"rendered":"<p>La informaci\u00f3n se conoci\u00f3 oficialmente luego de que en La Plata asumiera por un nuevo periodo Daniel Scioli como Gobernador y \u00a0el Dr. Alejandro Colla como Ministro de Salud<\/p>\n<p>El actual Director del Hospital Blas L Dubarry, Dr. Rodolfo Principi, fue confirmado al frente del establecimiento tras haberse producido la puesta en funciones por el periodo 2011 &#8211; 2015 \u00a0del gobernador Daniel Scioli y los integrantes de su gabinete de gobierno confirm\u00e1ndose la continuidad en el cargo de Ministro de Salud del Dr. Alejando Colla.<\/p>\n<p>Principi sostuvo<em> \u201cel propio Ministro me hab\u00eda anticipado el s\u00e1bado que quedaba confirmado en el cargo que vengo ocupando al frente de nuestro hospital.<\/em><\/p>\n<p><em>Para mi en lo personal como creo para toda la comunidad de Mercedes es muy importante que el Dr. Alejandro Colla haya sido confirmado al frente del Ministerio de Salud bonaerense porque se trata de un hombre que realmente le ha dado mucho a nuestro hospital permitiendo esta transformaci\u00f3n que estamos llevando adelante resultando al menos para los primeros meses de esta continuidad en la gesti\u00f3n muy primordial terminar de implementar un muy buen servicio de guardia ya que estamos por fin de semana atendiendo alrededor de cuatrocientas personas y realmente necesitamos m\u00e1s personal m\u00e9dico.<\/em><\/p>\n<p><em>No digo enfermeros porque hemos tenido la suerte que la totalidad de los alumnos de nuestra Escuela de Enfermer\u00eda que han concluido sus estudios, tienen el segundo promedio m\u00e1s alto en toda la provincia, vana ser directamente incorporados a partir del decreto que firm\u00f3 el Ministro a planta permanente desde el 1\u00b0 de enero venidero. Nuestro primer objetivo ser\u00e1 entonces mejorar sustancial menta la atenci\u00f3n en el servicio de guardia\u201d<\/em><\/p>\n","protected":false},"excerpt":{"rendered":"<p>La informaci\u00f3n se conoci\u00f3 oficialmente luego de que en La Plata asumiera por un nuevo periodo Daniel Scioli como Gobernador &#8230; <a title=\"Principi confirmado como Director del Hospital\" class=\"read-more\" href=\"https:\/\/www.hoymercedes.com.ar\/principal\/2011\/12\/14\/principi-confirmado-como-director-del-hospital\/\" aria-label=\"Leer m\u00e1s sobre Principi confirmado como Director del Hospital\">Leer m\u00e1s<\/a><\/p>\n","protected":false},"author":1,"featured_media":0,"comment_status":"open","ping_status":"open","sticky":false,"template":"","format":"standard","meta":{"_monsterinsights_skip_tracking":false,"_monsterinsights_sitenote_active":false,"_monsterinsights_sitenote_note":"","_monsterinsights_sitenote_category":0,"jetpack_post_was_ever_published":false,"_jetpack_newsletter_access":"","_jetpack_dont_email_post_to_subs":false,"_jetpack_newsletter_tier_id":0,"_jetpack_memberships_contains_paywalled_content":false,"_jetpack_memberships_contains_paid_content":false,"footnotes":"","jetpack_publicize_message":"","jetpack_publicize_feature_enabled":true,"jetpack_social_post_already_shared":false,"jetpack_social_options":{"image_generator_settings":{"template":"highway","default_image_id":0,"font":"","enabled":false},"version":2},"_wpas_customize_per_network":false},"categories":[8],"tags":[532,1719],"class_list":["post-9833","post","type-post","status-publish","format-standard","hentry","category-sociedad","tag-fito-principi","tag-hiospital-mercedes","generate-columns","tablet-grid-50","mobile-grid-100","grid-parent","grid-50"],"jetpack_publicize_connections":[],"jetpack_featured_media_url":"","wps_subtitle":"","jetpack_sharing_enabled":true,"_links":{"self":[{"href":"https:\/\/www.hoymercedes.com.ar\/principal\/wp-json\/wp\/v2\/posts\/9833","targetHints":{"allow":["GET"]}}],"collection":[{"href":"https:\/\/www.hoymercedes.com.ar\/principal\/wp-json\/wp\/v2\/posts"}],"about":[{"href":"https:\/\/www.hoymercedes.com.ar\/principal\/wp-json\/wp\/v2\/types\/post"}],"author":[{"embeddable":true,"href":"https:\/\/www.hoymercedes.com.ar\/principal\/wp-json\/wp\/v2\/users\/1"}],"replies":[{"embeddable":true,"href":"https:\/\/www.hoymercedes.com.ar\/principal\/wp-json\/wp\/v2\/comments?post=9833"}],"version-history":[{"count":0,"href":"https:\/\/www.hoymercedes.com.ar\/principal\/wp-json\/wp\/v2\/posts\/9833\/revisions"}],"wp:attachment":[{"href":"https:\/\/www.hoymercedes.com.ar\/principal\/wp-json\/wp\/v2\/media?parent=9833"}],"wp:term":[{"taxonomy":"category","embeddable":true,"href":"https:\/\/www.hoymercedes.com.ar\/principal\/wp-json\/wp\/v2\/categories?post=9833"},{"taxonomy":"post_tag","embeddable":true,"href":"https:\/\/www.hoymercedes.com.ar\/principal\/wp-json\/wp\/v2\/tags?post=9833"}],"curies":[{"name":"wp","href":"https:\/\/api.w.org\/{rel}","templated":true}]}}