{"id":98342,"date":"2019-08-14T11:12:54","date_gmt":"2019-08-14T14:12:54","guid":{"rendered":"http:\/\/www.hoymercedes.com.ar\/principal\/?p=98342"},"modified":"2019-08-14T18:31:09","modified_gmt":"2019-08-14T21:31:09","slug":"pavimentan-la-calle-9-entre-50-y-52","status":"publish","type":"post","link":"https:\/\/www.hoymercedes.com.ar\/principal\/2019\/08\/14\/pavimentan-la-calle-9-entre-50-y-52\/","title":{"rendered":"Pavimentan la calle 9, entre 50 y 52"},"content":{"rendered":"\n<p>El Municipio de Mercedes contin\u00faa pavimentando algunas de las cuadras acordadas. Comenz\u00f3 con los primeros movimientos de suelo en la calle 9 entre 50 y 52. La calle que ser\u00e1 pavimentada en hormig\u00f3n. La pavimentaci\u00f3n continuar\u00e1 por la calle 50 de 9 a 15. <\/p>\n\n\n\n<p>El jefe de Gabinete, Mat\u00edas Dematei, explic\u00f3 \u00abestos trabajos se encuentran dentro del plan de obra de pavimentaci\u00f3n que viene ejecutando la comuna de Mercedes. Esta obra beneficiar\u00e1 a toda esta barriada, sumado a que por all\u00ed adem\u00e1s pasa el transporte p\u00fablico comunal, es decir, significa un gran progreso para toda la ciudad\u201d. <\/p>\n\n\n\n<p><\/p>\n","protected":false},"excerpt":{"rendered":"<p>El Municipio de Mercedes contin\u00faa pavimentando algunas de las cuadras acordadas. Comenz\u00f3 con los primeros movimientos de suelo en la &#8230; <a title=\"Pavimentan la calle 9, entre 50 y 52\" class=\"read-more\" href=\"https:\/\/www.hoymercedes.com.ar\/principal\/2019\/08\/14\/pavimentan-la-calle-9-entre-50-y-52\/\" aria-label=\"Leer m\u00e1s sobre Pavimentan la calle 9, entre 50 y 52\">Leer m\u00e1s<\/a><\/p>\n","protected":false},"author":1,"featured_media":98343,"comment_status":"closed","ping_status":"open","sticky":false,"template":"","format":"standard","meta":{"_monsterinsights_skip_tracking":false,"_monsterinsights_sitenote_active":false,"_monsterinsights_sitenote_note":"","_monsterinsights_sitenote_category":0,"jetpack_post_was_ever_published":false,"_jetpack_newsletter_access":"","_jetpack_dont_email_post_to_subs":false,"_jetpack_newsletter_tier_id":0,"_jetpack_memberships_contains_paywalled_content":false,"_jetpack_memberships_contains_paid_content":false,"footnotes":"","jetpack_publicize_message":"","jetpack_publicize_feature_enabled":true,"jetpack_social_post_already_shared":true,"jetpack_social_options":{"image_generator_settings":{"template":"highway","default_image_id":0,"font":"","enabled":false},"version":2},"_wpas_customize_per_network":false},"categories":[30],"tags":[15642,244,5947,369],"class_list":["post-98342","post","type-post","status-publish","format-standard","has-post-thumbnail","hentry","category-municipio","tag-calle-9","tag-municipio-2","tag-obras-publicas","tag-pavimentacion","generate-columns","tablet-grid-50","mobile-grid-100","grid-parent","grid-50"],"jetpack_publicize_connections":[],"jetpack_featured_media_url":"https:\/\/www.hoymercedes.com.ar\/principal\/wp-content\/uploads\/2019\/08\/14-paviment.jpg","wps_subtitle":"Obras p\u00fablicas","jetpack_sharing_enabled":true,"_links":{"self":[{"href":"https:\/\/www.hoymercedes.com.ar\/principal\/wp-json\/wp\/v2\/posts\/98342","targetHints":{"allow":["GET"]}}],"collection":[{"href":"https:\/\/www.hoymercedes.com.ar\/principal\/wp-json\/wp\/v2\/posts"}],"about":[{"href":"https:\/\/www.hoymercedes.com.ar\/principal\/wp-json\/wp\/v2\/types\/post"}],"author":[{"embeddable":true,"href":"https:\/\/www.hoymercedes.com.ar\/principal\/wp-json\/wp\/v2\/users\/1"}],"replies":[{"embeddable":true,"href":"https:\/\/www.hoymercedes.com.ar\/principal\/wp-json\/wp\/v2\/comments?post=98342"}],"version-history":[{"count":0,"href":"https:\/\/www.hoymercedes.com.ar\/principal\/wp-json\/wp\/v2\/posts\/98342\/revisions"}],"wp:featuredmedia":[{"embeddable":true,"href":"https:\/\/www.hoymercedes.com.ar\/principal\/wp-json\/wp\/v2\/media\/98343"}],"wp:attachment":[{"href":"https:\/\/www.hoymercedes.com.ar\/principal\/wp-json\/wp\/v2\/media?parent=98342"}],"wp:term":[{"taxonomy":"category","embeddable":true,"href":"https:\/\/www.hoymercedes.com.ar\/principal\/wp-json\/wp\/v2\/categories?post=98342"},{"taxonomy":"post_tag","embeddable":true,"href":"https:\/\/www.hoymercedes.com.ar\/principal\/wp-json\/wp\/v2\/tags?post=98342"}],"curies":[{"name":"wp","href":"https:\/\/api.w.org\/{rel}","templated":true}]}}