{"id":98354,"date":"2019-08-14T18:39:36","date_gmt":"2019-08-14T21:39:36","guid":{"rendered":"http:\/\/www.hoymercedes.com.ar\/principal\/?p=98354"},"modified":"2019-08-14T21:39:40","modified_gmt":"2019-08-15T00:39:40","slug":"se-viene-el-1-festival-mascotero-de-mercedes","status":"publish","type":"post","link":"https:\/\/www.hoymercedes.com.ar\/principal\/2019\/08\/14\/se-viene-el-1-festival-mascotero-de-mercedes\/","title":{"rendered":"Se viene el 1\u00b0 Festival Mascotero de Mercedes"},"content":{"rendered":"\n<figure class=\"wp-block-embed-youtube wp-block-embed is-type-video is-provider-youtube wp-embed-aspect-4-3 wp-has-aspect-ratio\"><div class=\"wp-block-embed__wrapper\">\n<span class=\"embed-youtube\" style=\"text-align:center; display: block;\"><iframe loading=\"lazy\" class=\"youtube-player\" width=\"1200\" height=\"675\" src=\"https:\/\/www.youtube.com\/embed\/1xU2p_JdlH8?version=3&#038;rel=1&#038;showsearch=0&#038;showinfo=1&#038;iv_load_policy=1&#038;fs=1&#038;hl=es-ES&#038;autohide=2&#038;wmode=transparent\" allowfullscreen=\"true\" style=\"border:0;\" sandbox=\"allow-scripts allow-same-origin allow-popups allow-presentation allow-popups-to-escape-sandbox\"><\/iframe><\/span>\n<\/div><figcaption>Invitaci\u00f3n del Dr. Romero<\/figcaption><\/figure>\n\n\n\n<p>El domingo 1 de septiembre se\nrealizar\u00e1 en el Complejo Cultural La Trocha el \u201cFestival Mascotero\u201d. Desde el\nMunicipio de Mercedes se invita a todos los vecinos a que concurran con sus\nmascotas a disfrutar de un d\u00eda lleno de sorpresas y entretenimiento. El mismo\nse llevar\u00e1 adelante de manera gratuita de 14:00 a 17:00 horas. <\/p>\n\n\n\n<p>El evento contar\u00e1 con la\npresencia del Doctor Juan Enrique Romero qui\u00e9n es uno de los m\u00e9dicos\nveterinarios m\u00e1s prestigiosos y reconocidos del pa\u00eds \u201clos espero a todos los\nvecinos de mercedes a que concurran a La Trocha con nuestros mejores amigos las\nmascotas\u201d invit\u00f3. <\/p>\n\n\n\n<p>Adem\u00e1s, para esta jornada se\nanuncian juegos, inflables y kermesse para que los m\u00e1s chicos tambi\u00e9n disfruten\nde este d\u00eda.&nbsp; <\/p>\n\n\n\n<p>Dentro de los objetivos del\nencuentro que se llevar\u00e1 a cabo en uno de los espacios verdes de la ciudad\naparece la tarea de concientizaci\u00f3n de la sociedad sobre la tenencia y el\ncuidado responsable de las mascotas; as\u00ed como tambi\u00e9n la importancia de las\ncastraciones.<\/p>\n\n\n\n<p>\u201cEl cuidado de las mascotas es\nalgo que sin duda nos involucra a todos. Los peque\u00f1os animales se convierten en\nmiembros de nuestras familias por eso la fuerte inversi\u00f3n que se viene haciendo\ndesde el \u00e1rea de veterinaria municipal en el cuidado de los mismos\u201d se\u00f1alaron\ndesde la comuna. <\/p>\n\n\n\n<p>Es importante destacar el significativo plan de vacunaci\u00f3n y castraci\u00f3n que viene desarrollando desde el Municipio de Mercedes a trav\u00e9s del quir\u00f3fano m\u00f3vil en toda la ciudad. Sumado a las reformas y mejoras en Centro de Zoonosis Municipal, lo que viene generando un crecimiento constante a\u00f1o a a\u00f1o de atenciones a mascotas.\u00a0 <\/p>\n\n\n\n<p>Info: Sec. de Salud<\/p>\n","protected":false},"excerpt":{"rendered":"<p>El domingo 1 de septiembre se realizar\u00e1 en el Complejo Cultural La Trocha el \u201cFestival Mascotero\u201d. Desde el Municipio de &#8230; <a title=\"Se viene el 1\u00b0 Festival Mascotero de Mercedes\" class=\"read-more\" href=\"https:\/\/www.hoymercedes.com.ar\/principal\/2019\/08\/14\/se-viene-el-1-festival-mascotero-de-mercedes\/\" aria-label=\"Leer m\u00e1s sobre Se viene el 1\u00b0 Festival Mascotero de Mercedes\">Leer m\u00e1s<\/a><\/p>\n","protected":false},"author":1,"featured_media":98355,"comment_status":"closed","ping_status":"open","sticky":false,"template":"","format":"standard","meta":{"_monsterinsights_skip_tracking":false,"_monsterinsights_sitenote_active":false,"_monsterinsights_sitenote_note":"","_monsterinsights_sitenote_category":0,"jetpack_post_was_ever_published":false,"_jetpack_newsletter_access":"","_jetpack_dont_email_post_to_subs":false,"_jetpack_newsletter_tier_id":0,"_jetpack_memberships_contains_paywalled_content":false,"_jetpack_memberships_contains_paid_content":false,"footnotes":"","jetpack_publicize_message":"","jetpack_publicize_feature_enabled":true,"jetpack_social_post_already_shared":true,"jetpack_social_options":{"image_generator_settings":{"template":"highway","default_image_id":0,"font":"","enabled":false},"version":2},"_wpas_customize_per_network":false},"categories":[30],"tags":[15643,3959,244],"class_list":["post-98354","post","type-post","status-publish","format-standard","has-post-thumbnail","hentry","category-municipio","tag-dr-romero","tag-la-trocha","tag-municipio-2","generate-columns","tablet-grid-50","mobile-grid-100","grid-parent","grid-50"],"jetpack_publicize_connections":[],"jetpack_featured_media_url":"https:\/\/www.hoymercedes.com.ar\/principal\/wp-content\/uploads\/2019\/08\/Festival.Mascotero.jpeg","wps_subtitle":"En La Trocha","jetpack_sharing_enabled":true,"_links":{"self":[{"href":"https:\/\/www.hoymercedes.com.ar\/principal\/wp-json\/wp\/v2\/posts\/98354","targetHints":{"allow":["GET"]}}],"collection":[{"href":"https:\/\/www.hoymercedes.com.ar\/principal\/wp-json\/wp\/v2\/posts"}],"about":[{"href":"https:\/\/www.hoymercedes.com.ar\/principal\/wp-json\/wp\/v2\/types\/post"}],"author":[{"embeddable":true,"href":"https:\/\/www.hoymercedes.com.ar\/principal\/wp-json\/wp\/v2\/users\/1"}],"replies":[{"embeddable":true,"href":"https:\/\/www.hoymercedes.com.ar\/principal\/wp-json\/wp\/v2\/comments?post=98354"}],"version-history":[{"count":0,"href":"https:\/\/www.hoymercedes.com.ar\/principal\/wp-json\/wp\/v2\/posts\/98354\/revisions"}],"wp:featuredmedia":[{"embeddable":true,"href":"https:\/\/www.hoymercedes.com.ar\/principal\/wp-json\/wp\/v2\/media\/98355"}],"wp:attachment":[{"href":"https:\/\/www.hoymercedes.com.ar\/principal\/wp-json\/wp\/v2\/media?parent=98354"}],"wp:term":[{"taxonomy":"category","embeddable":true,"href":"https:\/\/www.hoymercedes.com.ar\/principal\/wp-json\/wp\/v2\/categories?post=98354"},{"taxonomy":"post_tag","embeddable":true,"href":"https:\/\/www.hoymercedes.com.ar\/principal\/wp-json\/wp\/v2\/tags?post=98354"}],"curies":[{"name":"wp","href":"https:\/\/api.w.org\/{rel}","templated":true}]}}