{"id":98356,"date":"2019-08-14T19:10:09","date_gmt":"2019-08-14T22:10:09","guid":{"rendered":"http:\/\/www.hoymercedes.com.ar\/principal\/?p=98356"},"modified":"2019-08-14T22:20:46","modified_gmt":"2019-08-15T01:20:46","slug":"asesinato-de-empresario-en-open-door-detienen-a-su-esposa","status":"publish","type":"post","link":"https:\/\/www.hoymercedes.com.ar\/principal\/2019\/08\/14\/asesinato-de-empresario-en-open-door-detienen-a-su-esposa\/","title":{"rendered":"Asesinato de empresario en Open Door: detienen a su esposa"},"content":{"rendered":"\n<p>Una pericia fue clave para llevar a cabo la detenci\u00f3n de la esposa del empresario asesinado en Open Door. Sobre la base de datos recabados que surgieron de las pericias efectuadas con la colaboraci\u00f3n del Gabinete de Delitos Especiales de Polic\u00eda Cient\u00edfica de Mor\u00f3n, el fiscal de la UFI N\u00ba 10 descentralizada de Luj\u00e1n, Dr.\u00a0 Pablo Vieiro procedi\u00f3 a la detenci\u00f3n de la esposa de Rolando Nusbaum, fallecido el pasado lunes 12 de agosto en el club de campo La Ranita, en el l\u00edmite de Open Door-Manzanares, Luj\u00e1n.<\/p>\n\n\n\n<figure class=\"wp-block-image\"><img loading=\"lazy\" decoding=\"async\" width=\"750\" height=\"475\" data-attachment-id=\"98359\" data-permalink=\"https:\/\/www.hoymercedes.com.ar\/principal\/2019\/08\/14\/asesinato-de-empresario-en-open-door-detienen-a-su-esposa\/14-empresario-620x393\/#main\" data-orig-file=\"https:\/\/www.hoymercedes.com.ar\/principal\/wp-content\/uploads\/2019\/08\/14-empresario-620x393.jpg\" data-orig-size=\"750,475\" data-comments-opened=\"0\" data-image-meta=\"{&quot;aperture&quot;:&quot;0&quot;,&quot;credit&quot;:&quot;&quot;,&quot;camera&quot;:&quot;&quot;,&quot;caption&quot;:&quot;&quot;,&quot;created_timestamp&quot;:&quot;0&quot;,&quot;copyright&quot;:&quot;&quot;,&quot;focal_length&quot;:&quot;0&quot;,&quot;iso&quot;:&quot;0&quot;,&quot;shutter_speed&quot;:&quot;0&quot;,&quot;title&quot;:&quot;&quot;,&quot;orientation&quot;:&quot;0&quot;}\" data-image-title=\"14 empresario-620&amp;#215;393\" data-image-description=\"\" data-image-caption=\"\" data-large-file=\"https:\/\/www.hoymercedes.com.ar\/principal\/wp-content\/uploads\/2019\/08\/14-empresario-620x393.jpg\" src=\"https:\/\/www.hoymercedes.com.ar\/principal\/wp-content\/uploads\/2019\/08\/14-empresario-620x393.jpg\" alt=\"\" class=\"wp-image-98359\" srcset=\"https:\/\/www.hoymercedes.com.ar\/principal\/wp-content\/uploads\/2019\/08\/14-empresario-620x393.jpg 750w, https:\/\/www.hoymercedes.com.ar\/principal\/wp-content\/uploads\/2019\/08\/14-empresario-620x393-150x95.jpg 150w, https:\/\/www.hoymercedes.com.ar\/principal\/wp-content\/uploads\/2019\/08\/14-empresario-620x393-630x399.jpg 630w\" sizes=\"auto, (max-width: 750px) 100vw, 750px\" \/><\/figure>\n\n\n\n<p>En un primer\nmomento la investigaci\u00f3n rondaba sobre la presunta comisi\u00f3n de un robo\ncalificado en la vivienda, en el marco de la cual la v\u00edctima encontr\u00f3 la\nmuerte. Ello sobre la base de lo testificado por la \u00fanica testigo del hecho, su\nesposa de 39 a\u00f1os. En su declaraci\u00f3n, su pareja sostuvo que cuatro delincuentes\nentraron a cometer un asalto y escaparon con dinero y armas<\/p>\n\n\n\n<p>Sin descartar\nninguna hip\u00f3tesis, el fiscal orden\u00f3 una serie de medidas periciales con la\nfinalidad de recabar la mayor cantidad de elementos posibles para arribar al\nesclarecimiento del crimen.<\/p>\n\n\n\n<p>En la jornada del\nmartes se conoci\u00f3 que la autopsia practicada&nbsp;\na Nusbaum arroj\u00f3 preliminarmente que el deceso se produjo por un paro\ncardio traum\u00e1tico provocado por una lesi\u00f3n cerebral como consecuencia de la\nherida provocada por un proyectil de arma de fuego, realizado a corta\ndistancia.<\/p>\n\n\n\n<p>Gracias a la\ncolaboraci\u00f3n del Gabinete de Delitos Especiales de&nbsp; Mor\u00f3n se logr\u00f3 celeridad en la obtenci\u00f3n de turnos\npara desarrollar una serie de pericias. El resultado de una de ellas, que se\nconoci\u00f3 el mediod\u00eda de este mi\u00e9rcoles fue clave para que el dr. Viero tomara la\ndeterminaci\u00f3n \u2013 en la urgencia por la gravedad del hecho y ante la posibilidad\nde la existencia de peligros procesales \u2013 de llevar adelante la detenci\u00f3n de la\nesposa del empresario.<\/p>\n\n\n\n<p>La misma se\ndesarroll\u00f3 hace pocos minutos en la dependencia de la propia Unidad Funcional\nde Instrucci\u00f3n descentralizada Luj\u00e1n en la localidad hom\u00f3nima, donde se encontraba\nrealizando una serie de tr\u00e1mites.<\/p>\n\n\n\n<p>El fiscal ahora pondr\u00e1 en conocimiento al Juzgado de Garant\u00edas N\u00ba\u00a0 3 a cargo del Doctor Pablo Moran de la detenci\u00f3n en el marco de la causa que recaratul\u00f3 como \u201cHomicidio calificado por el vinculo y por su comision con alevosia en concurso ideal\u201d, por el que deber\u00e1 comparecer\u00a0 en la audiencia de declaraci\u00f3n en los t\u00e9rminos del art. 308 del C\u00f3digo Procesal Penal ma\u00f1ana jueves 15 de agosto.<\/p>\n\n\n\n<p>Fuente: Ministerio P\u00fablico Fiscal Bonaerense &#8211; Depto Judicial Mercedes<\/p>\n","protected":false},"excerpt":{"rendered":"<p>Una pericia fue clave para llevar a cabo la detenci\u00f3n de la esposa del empresario asesinado en Open Door. Sobre &#8230; <a title=\"Asesinato de empresario en Open Door: detienen a su esposa\" class=\"read-more\" href=\"https:\/\/www.hoymercedes.com.ar\/principal\/2019\/08\/14\/asesinato-de-empresario-en-open-door-detienen-a-su-esposa\/\" aria-label=\"Leer m\u00e1s sobre Asesinato de empresario en Open Door: detienen a su esposa\">Leer m\u00e1s<\/a><\/p>\n","protected":false},"author":1,"featured_media":98360,"comment_status":"closed","ping_status":"open","sticky":false,"template":"","format":"standard","meta":{"_monsterinsights_skip_tracking":false,"_monsterinsights_sitenote_active":false,"_monsterinsights_sitenote_note":"","_monsterinsights_sitenote_category":0,"jetpack_post_was_ever_published":false,"_jetpack_newsletter_access":"","_jetpack_dont_email_post_to_subs":false,"_jetpack_newsletter_tier_id":0,"_jetpack_memberships_contains_paywalled_content":false,"_jetpack_memberships_contains_paid_content":false,"footnotes":"","jetpack_publicize_message":"","jetpack_publicize_feature_enabled":true,"jetpack_social_post_already_shared":true,"jetpack_social_options":{"image_generator_settings":{"template":"highway","default_image_id":0,"font":"","enabled":false},"version":2},"_wpas_customize_per_network":false},"categories":[85],"tags":[86,15645,96,1057],"class_list":["post-98356","post","type-post","status-publish","format-standard","has-post-thumbnail","hentry","category-policial","tag-lujan","tag-open-door","tag-policial-2","tag-regional","generate-columns","tablet-grid-50","mobile-grid-100","grid-parent","grid-50"],"jetpack_publicize_connections":[],"jetpack_featured_media_url":"https:\/\/www.hoymercedes.com.ar\/principal\/wp-content\/uploads\/2019\/08\/14-empresario-foto-2.jpeg","wps_subtitle":"Giro inesperado","jetpack_sharing_enabled":true,"_links":{"self":[{"href":"https:\/\/www.hoymercedes.com.ar\/principal\/wp-json\/wp\/v2\/posts\/98356","targetHints":{"allow":["GET"]}}],"collection":[{"href":"https:\/\/www.hoymercedes.com.ar\/principal\/wp-json\/wp\/v2\/posts"}],"about":[{"href":"https:\/\/www.hoymercedes.com.ar\/principal\/wp-json\/wp\/v2\/types\/post"}],"author":[{"embeddable":true,"href":"https:\/\/www.hoymercedes.com.ar\/principal\/wp-json\/wp\/v2\/users\/1"}],"replies":[{"embeddable":true,"href":"https:\/\/www.hoymercedes.com.ar\/principal\/wp-json\/wp\/v2\/comments?post=98356"}],"version-history":[{"count":0,"href":"https:\/\/www.hoymercedes.com.ar\/principal\/wp-json\/wp\/v2\/posts\/98356\/revisions"}],"wp:featuredmedia":[{"embeddable":true,"href":"https:\/\/www.hoymercedes.com.ar\/principal\/wp-json\/wp\/v2\/media\/98360"}],"wp:attachment":[{"href":"https:\/\/www.hoymercedes.com.ar\/principal\/wp-json\/wp\/v2\/media?parent=98356"}],"wp:term":[{"taxonomy":"category","embeddable":true,"href":"https:\/\/www.hoymercedes.com.ar\/principal\/wp-json\/wp\/v2\/categories?post=98356"},{"taxonomy":"post_tag","embeddable":true,"href":"https:\/\/www.hoymercedes.com.ar\/principal\/wp-json\/wp\/v2\/tags?post=98356"}],"curies":[{"name":"wp","href":"https:\/\/api.w.org\/{rel}","templated":true}]}}