{"id":98367,"date":"2019-08-14T21:24:13","date_gmt":"2019-08-15T00:24:13","guid":{"rendered":"http:\/\/www.hoymercedes.com.ar\/principal\/?p=98367"},"modified":"2019-08-14T21:39:29","modified_gmt":"2019-08-15T00:39:29","slug":"campana-municipal-de-vacunacion","status":"publish","type":"post","link":"https:\/\/www.hoymercedes.com.ar\/principal\/2019\/08\/14\/campana-municipal-de-vacunacion\/","title":{"rendered":"Campa\u00f1a Municipal de Vacunaci\u00f3n"},"content":{"rendered":"\n<p>A trav\u00e9s de un cuerpo interdisciplinario del \u00e1rea de salud municipal, se contin\u00faa llevando adelante jornadas de vacunaci\u00f3n en toda la ciudad. La misma se viene ejecutando de manera planificada mediante un cronograma anual impulsando acciones de prevenci\u00f3n de enfermedades y promoci\u00f3n de la salud. El pr\u00f3ximo se llevar\u00e1 adelante el \u00faltimo fin de semana de agosto en el barrio La Pampita de la localidad de Gowland.<\/p>\n\n\n\n<figure class=\"wp-block-image\"><img loading=\"lazy\" decoding=\"async\" width=\"750\" height=\"563\" data-attachment-id=\"98368\" data-permalink=\"https:\/\/www.hoymercedes.com.ar\/principal\/2019\/08\/14\/campana-municipal-de-vacunacion\/14-vacunacion\/#main\" data-orig-file=\"https:\/\/www.hoymercedes.com.ar\/principal\/wp-content\/uploads\/2019\/08\/14-Vacunacion-.jpeg\" data-orig-size=\"750,563\" data-comments-opened=\"0\" data-image-meta=\"{&quot;aperture&quot;:&quot;0&quot;,&quot;credit&quot;:&quot;&quot;,&quot;camera&quot;:&quot;&quot;,&quot;caption&quot;:&quot;&quot;,&quot;created_timestamp&quot;:&quot;0&quot;,&quot;copyright&quot;:&quot;&quot;,&quot;focal_length&quot;:&quot;0&quot;,&quot;iso&quot;:&quot;0&quot;,&quot;shutter_speed&quot;:&quot;0&quot;,&quot;title&quot;:&quot;&quot;,&quot;orientation&quot;:&quot;0&quot;}\" data-image-title=\"14 Vacunacion-\" data-image-description=\"\" data-image-caption=\"\" data-large-file=\"https:\/\/www.hoymercedes.com.ar\/principal\/wp-content\/uploads\/2019\/08\/14-Vacunacion-.jpeg\" src=\"https:\/\/www.hoymercedes.com.ar\/principal\/wp-content\/uploads\/2019\/08\/14-Vacunacion-.jpeg\" alt=\"\" class=\"wp-image-98368\" srcset=\"https:\/\/www.hoymercedes.com.ar\/principal\/wp-content\/uploads\/2019\/08\/14-Vacunacion-.jpeg 750w, https:\/\/www.hoymercedes.com.ar\/principal\/wp-content\/uploads\/2019\/08\/14-Vacunacion--150x113.jpeg 150w, https:\/\/www.hoymercedes.com.ar\/principal\/wp-content\/uploads\/2019\/08\/14-Vacunacion--630x473.jpeg 630w, https:\/\/www.hoymercedes.com.ar\/principal\/wp-content\/uploads\/2019\/08\/14-Vacunacion--320x240.jpeg 320w, https:\/\/www.hoymercedes.com.ar\/principal\/wp-content\/uploads\/2019\/08\/14-Vacunacion--100x75.jpeg 100w\" sizes=\"auto, (max-width: 750px) 100vw, 750px\" \/><\/figure>\n\n\n\n<p>Emilia Marfia, Directora de Atenci\u00f3n Primaria de la Salud, se\u00f1al\u00f3 \u201cnos acercamos casa por casa con la vacunaci\u00f3n, con un equipo grande de enfermeras\u201d y afirm\u00f3 \u201csiempre hemos tenido muy buena respuesta por parte de los vecinos\u201d.<\/p>\n\n\n\n<p>\u201cEsto ser\u00e1 un s\u00e1bado a partir de las 10:30 horas, iremos casa por casa explicando cu\u00e1l es el objetivo de la campa\u00f1a y en caso de ser necesario ingresamos y realizamos la vacunaci\u00f3n\u201d manifest\u00f3 la Directora y agreg\u00f3 \u201cacercamos todos los servicios municipales \u2013que son muchos- dependiendo las necesidades\u201d.<\/p>\n\n\n\n<p>Por otro lado, Emilia Marfia destac\u00f3 \u201cencontramos que mucha gente realiza, sobre todo en ni\u00f1os, los controles de salud correspondientes, de esa manera cuentan con la vacunaci\u00f3n\u201d y a su vez remarc\u00f3 \u201cdonde encontramos una carencia en la vacuna Memveo &#8211; previene la meningitis- que no est\u00e1n enviando desde Naci\u00f3n o las dosis no llegan a cubrir la gran demanda, algo que hasta la fecha no se ha resuelto\u201d.<\/p>\n\n\n\n<p>\u201cAlgo que termina siendo un derecho vulnerado y principalmente de los ni\u00f1os, donde desde nuestro lugar es muy dif\u00edcil solucionar\u201d asever\u00f3 Marfia y a\u00f1adi\u00f3 \u201cdesde la mitad del a\u00f1o 2018 que se viene dando esta falta de vacunas, con lo que mandan no se llega a cubrir el 10 por ciento de la poblaci\u00f3n\u201d.<\/p>\n\n\n\n<p>Conjuntamente, expres\u00f3 \u201cestar\u00edamos necesitando 2.500 vacunas para poder cubrir esta poblaci\u00f3n y a esta altura a la Secretaria de Salud municipal llegaron 200 vacunas\u201d.<\/p>\n\n\n\n<p>En otro orden de cosas,\u00a0\u00a0Emilia Marfia indic\u00f3 \u201cvenimos trabajando en todos los CAPS de la ciudad prestando los servicios de atenci\u00f3n m\u00e9dicas y no m\u00e9dicas \u2013psicolog\u00edas, trabajo social, psicopedagog\u00eda- y con los diferentes programas que desde el Municipio se impulsan. Lo que tratamos de hacer es escuchar, contener y que la gente se vaya con una respuesta\u201d.\u00a0<\/p>\n\n\n\n<p>Fuente: prensa municipal<\/p>\n","protected":false},"excerpt":{"rendered":"<p>A trav\u00e9s de un cuerpo interdisciplinario del \u00e1rea de salud municipal, se contin\u00faa llevando adelante jornadas de vacunaci\u00f3n en toda &#8230; <a title=\"Campa\u00f1a Municipal de Vacunaci\u00f3n\" class=\"read-more\" href=\"https:\/\/www.hoymercedes.com.ar\/principal\/2019\/08\/14\/campana-municipal-de-vacunacion\/\" aria-label=\"Leer m\u00e1s sobre Campa\u00f1a Municipal de Vacunaci\u00f3n\">Leer m\u00e1s<\/a><\/p>\n","protected":false},"author":1,"featured_media":98368,"comment_status":"closed","ping_status":"open","sticky":false,"template":"","format":"standard","meta":{"_monsterinsights_skip_tracking":false,"_monsterinsights_sitenote_active":false,"_monsterinsights_sitenote_note":"","_monsterinsights_sitenote_category":0,"jetpack_post_was_ever_published":false,"_jetpack_newsletter_access":"","_jetpack_dont_email_post_to_subs":false,"_jetpack_newsletter_tier_id":0,"_jetpack_memberships_contains_paywalled_content":false,"_jetpack_memberships_contains_paid_content":false,"footnotes":"","jetpack_publicize_message":"","jetpack_publicize_feature_enabled":true,"jetpack_social_post_already_shared":true,"jetpack_social_options":{"image_generator_settings":{"template":"highway","default_image_id":0,"font":"","enabled":false},"version":2},"_wpas_customize_per_network":false},"categories":[30],"tags":[244,134,765],"class_list":["post-98367","post","type-post","status-publish","format-standard","has-post-thumbnail","hentry","category-municipio","tag-municipio-2","tag-salud","tag-vacunacion","generate-columns","tablet-grid-50","mobile-grid-100","grid-parent","grid-50"],"jetpack_publicize_connections":[],"jetpack_featured_media_url":"https:\/\/www.hoymercedes.com.ar\/principal\/wp-content\/uploads\/2019\/08\/14-Vacunacion-.jpeg","wps_subtitle":"","jetpack_sharing_enabled":true,"_links":{"self":[{"href":"https:\/\/www.hoymercedes.com.ar\/principal\/wp-json\/wp\/v2\/posts\/98367","targetHints":{"allow":["GET"]}}],"collection":[{"href":"https:\/\/www.hoymercedes.com.ar\/principal\/wp-json\/wp\/v2\/posts"}],"about":[{"href":"https:\/\/www.hoymercedes.com.ar\/principal\/wp-json\/wp\/v2\/types\/post"}],"author":[{"embeddable":true,"href":"https:\/\/www.hoymercedes.com.ar\/principal\/wp-json\/wp\/v2\/users\/1"}],"replies":[{"embeddable":true,"href":"https:\/\/www.hoymercedes.com.ar\/principal\/wp-json\/wp\/v2\/comments?post=98367"}],"version-history":[{"count":0,"href":"https:\/\/www.hoymercedes.com.ar\/principal\/wp-json\/wp\/v2\/posts\/98367\/revisions"}],"wp:featuredmedia":[{"embeddable":true,"href":"https:\/\/www.hoymercedes.com.ar\/principal\/wp-json\/wp\/v2\/media\/98368"}],"wp:attachment":[{"href":"https:\/\/www.hoymercedes.com.ar\/principal\/wp-json\/wp\/v2\/media?parent=98367"}],"wp:term":[{"taxonomy":"category","embeddable":true,"href":"https:\/\/www.hoymercedes.com.ar\/principal\/wp-json\/wp\/v2\/categories?post=98367"},{"taxonomy":"post_tag","embeddable":true,"href":"https:\/\/www.hoymercedes.com.ar\/principal\/wp-json\/wp\/v2\/tags?post=98367"}],"curies":[{"name":"wp","href":"https:\/\/api.w.org\/{rel}","templated":true}]}}