{"id":9842,"date":"2011-12-14T22:48:51","date_gmt":"2011-12-14T22:48:51","guid":{"rendered":"http:\/\/www.hoymercedes.com.ar\/principal\/?p=9842"},"modified":"2011-12-14T22:48:51","modified_gmt":"2011-12-14T22:48:51","slug":"frente-mercedino-anuncia-brindis-de-fin-de-ano-junto-a-mariotto","status":"publish","type":"post","link":"https:\/\/www.hoymercedes.com.ar\/principal\/2011\/12\/14\/frente-mercedino-anuncia-brindis-de-fin-de-ano-junto-a-mariotto\/","title":{"rendered":"Frente Mercedino anuncia brindis de fin de a\u00f1o junto a Mariotto"},"content":{"rendered":"<p>Seg\u00fan anuncia el Frente Mercedino para la Victoria este jueves estar\u00e1n realizando un brindis para despedir el a\u00f1o junto al Vice Gobernador de la provincia de Buenos Aires.<\/p>\n<p>De esta manera el Frente Mercedino informa:<\/p>\n<p><em>El dia jueves 15 de diciembre el Frente Mercedino para la Victoria despide el a\u00f1o con un brindis.<\/em><\/p>\n<p><em>Esto se llevara a cabo en la Sociedad de Fomento del barrio San Jose (calle 50 entre 19 y 21) a partir de las 19:30 hs. Entre los presentes se encontraran el Diputado Provincial Alberto \u00abCucho\u00bb Espa\u00f1a, el Diputado Nacional Eduardo \u00abWado\u00bb De Pedro, la consejera escolar Graciela Alvis, los concejales del Frente Mercedino para la Victoria (Juan Pablo Lopez, Pablo Perazzo, Celeste Burone y Roberto Cirillo), el maximo referente a nivel local del Frente Mercedino Juan Ignacio Ustarroz y el Vicegobernador de la Provincia de Buenos Aires Juan Gabriel Mariotto.<\/em><\/p>\n<p>De esta forma el Frente Mercedino vuelve a ser noticia y a efectuar uno de sus tradicionales mensajes a la prensa y la comunidad con la noticia de que nada m\u00e1s y nada menos estar\u00e1n con el Vice Gobernador de la provincia de Buenos Aires en el barrio San Jos\u00e9 despidiendo el a\u00f1o.<\/p>\n","protected":false},"excerpt":{"rendered":"<p>Seg\u00fan anuncia el Frente Mercedino para la Victoria este jueves estar\u00e1n realizando un brindis para despedir el a\u00f1o junto al &#8230; <a title=\"Frente Mercedino anuncia brindis de fin de a\u00f1o junto a Mariotto\" class=\"read-more\" href=\"https:\/\/www.hoymercedes.com.ar\/principal\/2011\/12\/14\/frente-mercedino-anuncia-brindis-de-fin-de-ano-junto-a-mariotto\/\" aria-label=\"Leer m\u00e1s sobre Frente Mercedino anuncia brindis de fin de a\u00f1o junto a Mariotto\">Leer m\u00e1s<\/a><\/p>\n","protected":false},"author":1,"featured_media":0,"comment_status":"open","ping_status":"open","sticky":false,"template":"","format":"standard","meta":{"_monsterinsights_skip_tracking":false,"_monsterinsights_sitenote_active":false,"_monsterinsights_sitenote_note":"","_monsterinsights_sitenote_category":0,"jetpack_post_was_ever_published":false,"_jetpack_newsletter_access":"","_jetpack_dont_email_post_to_subs":false,"_jetpack_newsletter_tier_id":0,"_jetpack_memberships_contains_paywalled_content":false,"_jetpack_memberships_contains_paid_content":false,"footnotes":"","jetpack_publicize_message":"","jetpack_publicize_feature_enabled":true,"jetpack_social_post_already_shared":false,"jetpack_social_options":{"image_generator_settings":{"template":"highway","default_image_id":0,"font":"","enabled":false},"version":2},"_wpas_customize_per_network":false},"categories":[5],"tags":[1720,379,728,273,1505,281],"class_list":["post-9842","post","type-post","status-publish","format-standard","hentry","category-politica","tag-celeste-burone","tag-frente-mercedino-para-la-victoria","tag-gabriel-mariotto","tag-juan-pablo-lopez","tag-pablo-perazzo","tag-wado-de-pedro","generate-columns","tablet-grid-50","mobile-grid-100","grid-parent","grid-50"],"jetpack_publicize_connections":[],"jetpack_featured_media_url":"","wps_subtitle":"","jetpack_sharing_enabled":true,"_links":{"self":[{"href":"https:\/\/www.hoymercedes.com.ar\/principal\/wp-json\/wp\/v2\/posts\/9842","targetHints":{"allow":["GET"]}}],"collection":[{"href":"https:\/\/www.hoymercedes.com.ar\/principal\/wp-json\/wp\/v2\/posts"}],"about":[{"href":"https:\/\/www.hoymercedes.com.ar\/principal\/wp-json\/wp\/v2\/types\/post"}],"author":[{"embeddable":true,"href":"https:\/\/www.hoymercedes.com.ar\/principal\/wp-json\/wp\/v2\/users\/1"}],"replies":[{"embeddable":true,"href":"https:\/\/www.hoymercedes.com.ar\/principal\/wp-json\/wp\/v2\/comments?post=9842"}],"version-history":[{"count":0,"href":"https:\/\/www.hoymercedes.com.ar\/principal\/wp-json\/wp\/v2\/posts\/9842\/revisions"}],"wp:attachment":[{"href":"https:\/\/www.hoymercedes.com.ar\/principal\/wp-json\/wp\/v2\/media?parent=9842"}],"wp:term":[{"taxonomy":"category","embeddable":true,"href":"https:\/\/www.hoymercedes.com.ar\/principal\/wp-json\/wp\/v2\/categories?post=9842"},{"taxonomy":"post_tag","embeddable":true,"href":"https:\/\/www.hoymercedes.com.ar\/principal\/wp-json\/wp\/v2\/tags?post=9842"}],"curies":[{"name":"wp","href":"https:\/\/api.w.org\/{rel}","templated":true}]}}