{"id":9845,"date":"2011-12-15T11:21:34","date_gmt":"2011-12-15T11:21:34","guid":{"rendered":"http:\/\/www.hoymercedes.com.ar\/principal\/?p=9845"},"modified":"2011-12-15T11:21:34","modified_gmt":"2011-12-15T11:21:34","slug":"se-realizo-el-primer-torneo-de-futbol-tenis-en-el-martin-rodriguez","status":"publish","type":"post","link":"https:\/\/www.hoymercedes.com.ar\/principal\/2011\/12\/15\/se-realizo-el-primer-torneo-de-futbol-tenis-en-el-martin-rodriguez\/","title":{"rendered":"Se realiz\u00f3 el primer torneo de futbol tenis en el Mart\u00edn Rodr\u00edguez"},"content":{"rendered":"<p>Entre el 12 y 13 de diciembre se llevo a cabo en las instalaciones del ex instituto Mart\u00edn Rodr\u00edguez el primer torneo de\u00a0f\u00fatbol-tenis organizado por la direcci\u00f3n de deportes de la municipalidad de Mercedes, estrenando la nueva cancha incorporada al play\u00f3n a cielo abierto, dicho campeonato se dividi\u00f3 en dos categor\u00edas, una hasta 15 a\u00f1os y la restante mayores de 15 a\u00f1os.<\/p>\n<p>Resultados: final de la categor\u00eda menores de 15; Nicol\u00e1s Ortiz-Nahuel guerra vencieron a Alexis Fontana-Cristian Aguero por 21-7 y 21-17.<\/p>\n<p>Categor\u00eda mayores de 15 a\u00f1os; en esta categor\u00eda tuvo que realizarse con la modalidad de todos contra todos al ser de la partida 5 parejas.<\/p>\n<p>Primera fecha: Bergerot-Subirain vencieron a Giacoy-Mart\u00ednez 21-15 y 21-11<\/p>\n<p>Pereyra,m-Pereyra,b a Ortiz-Guerra 21-15 y 21-13<\/p>\n<p>Segunda fecha: Bergerot-Subirain a Pereyre,m &#8211; Pereyra,b 21-20 y 21-19<\/p>\n<p>giacoy-martinez a manrrique-rolhaiser 21-20 y 21-20<\/p>\n<p>Tercera fecha: Bergerot-Subirain a Ortiz-Guerra 21-15 y 21-16<\/p>\n<p>Manrrique-Rolhaiser a Pereyra-Pereyra por w.o.<\/p>\n<p>Cuarta fecha: Ortiz-guerra a Manrrique-Rolhaiser 21-17 y 21-17<\/p>\n<p>Martinez-Giacoy a Pereyra-Pereyra por w.o.<\/p>\n<p>Quinta fecha: Bergerot-Subirain a Manrrique-Rolhaiser 21-7 y 21-6<\/p>\n<p>Ortiz-Guerra a Giacoy-Mart\u00ednez 21-5 y 21-17<\/p>\n<p>Vonsagr\u00e1ndose campe\u00f3n la pareja integrada por Juan mart\u00edn Bergerot y Franco Subirain.<\/p>\n<p>llev\u00e1ndose a continuaci\u00f3n la entrega de premios a los ganadores, de trofos y medallas.<\/p>\n<p>quedando comprometido para la realizaci\u00f3n de mas torneos de este tipo para el a\u00f1o 2012, ya que esta nueva modalidad a despertado mucho entusiasmo e inter\u00e9s entre los participantes<\/p>\n<p>&nbsp;<\/p>\n","protected":false},"excerpt":{"rendered":"<p>Entre el 12 y 13 de diciembre se llevo a cabo en las instalaciones del ex instituto Mart\u00edn Rodr\u00edguez el &#8230; <a title=\"Se realiz\u00f3 el primer torneo de futbol tenis en el Mart\u00edn Rodr\u00edguez\" class=\"read-more\" href=\"https:\/\/www.hoymercedes.com.ar\/principal\/2011\/12\/15\/se-realizo-el-primer-torneo-de-futbol-tenis-en-el-martin-rodriguez\/\" aria-label=\"Leer m\u00e1s sobre Se realiz\u00f3 el primer torneo de futbol tenis en el Mart\u00edn Rodr\u00edguez\">Leer m\u00e1s<\/a><\/p>\n","protected":false},"author":1,"featured_media":0,"comment_status":"open","ping_status":"open","sticky":false,"template":"","format":"standard","meta":{"_monsterinsights_skip_tracking":false,"_monsterinsights_sitenote_active":false,"_monsterinsights_sitenote_note":"","_monsterinsights_sitenote_category":0,"jetpack_post_was_ever_published":false,"_jetpack_newsletter_access":"","_jetpack_dont_email_post_to_subs":false,"_jetpack_newsletter_tier_id":0,"_jetpack_memberships_contains_paywalled_content":false,"_jetpack_memberships_contains_paid_content":false,"footnotes":"","jetpack_publicize_message":"","jetpack_publicize_feature_enabled":true,"jetpack_social_post_already_shared":false,"jetpack_social_options":{"image_generator_settings":{"template":"highway","default_image_id":0,"font":"","enabled":false},"version":2},"_wpas_customize_per_network":false},"categories":[21],"tags":[1721],"class_list":["post-9845","post","type-post","status-publish","format-standard","hentry","category-deportes","tag-futbol-tenis","generate-columns","tablet-grid-50","mobile-grid-100","grid-parent","grid-50"],"jetpack_publicize_connections":[],"jetpack_featured_media_url":"","wps_subtitle":"","jetpack_sharing_enabled":true,"_links":{"self":[{"href":"https:\/\/www.hoymercedes.com.ar\/principal\/wp-json\/wp\/v2\/posts\/9845","targetHints":{"allow":["GET"]}}],"collection":[{"href":"https:\/\/www.hoymercedes.com.ar\/principal\/wp-json\/wp\/v2\/posts"}],"about":[{"href":"https:\/\/www.hoymercedes.com.ar\/principal\/wp-json\/wp\/v2\/types\/post"}],"author":[{"embeddable":true,"href":"https:\/\/www.hoymercedes.com.ar\/principal\/wp-json\/wp\/v2\/users\/1"}],"replies":[{"embeddable":true,"href":"https:\/\/www.hoymercedes.com.ar\/principal\/wp-json\/wp\/v2\/comments?post=9845"}],"version-history":[{"count":0,"href":"https:\/\/www.hoymercedes.com.ar\/principal\/wp-json\/wp\/v2\/posts\/9845\/revisions"}],"wp:attachment":[{"href":"https:\/\/www.hoymercedes.com.ar\/principal\/wp-json\/wp\/v2\/media?parent=9845"}],"wp:term":[{"taxonomy":"category","embeddable":true,"href":"https:\/\/www.hoymercedes.com.ar\/principal\/wp-json\/wp\/v2\/categories?post=9845"},{"taxonomy":"post_tag","embeddable":true,"href":"https:\/\/www.hoymercedes.com.ar\/principal\/wp-json\/wp\/v2\/tags?post=9845"}],"curies":[{"name":"wp","href":"https:\/\/api.w.org\/{rel}","templated":true}]}}