{"id":98489,"date":"2019-08-17T16:56:13","date_gmt":"2019-08-17T19:56:13","guid":{"rendered":"http:\/\/www.hoymercedes.com.ar\/principal\/?p=98489"},"modified":"2019-08-17T18:08:01","modified_gmt":"2019-08-17T21:08:01","slug":"marcela-daff-dara-herramientas-para-potenciar-la-imagen-personal","status":"publish","type":"post","link":"https:\/\/www.hoymercedes.com.ar\/principal\/2019\/08\/17\/marcela-daff-dara-herramientas-para-potenciar-la-imagen-personal\/","title":{"rendered":"Marcela Daff dar\u00e1 herramientas para potenciar la imagen personal"},"content":{"rendered":"\n<p><em>Las dise\u00f1adora de modas internacional brindar\u00e1 una charla el d\u00eda martes 27, 14:30 horas en la sede de la C\u00e1mara Econ\u00f3mica Mercedina. La charla es abierta orientada comerciantes de los rubros indumentaria, maquillaje y peluquer\u00eda para que puedan orientar a sus clientes. <\/em><\/p>\n\n\n\n<figure class=\"wp-block-image\"><img loading=\"lazy\" decoding=\"async\" width=\"750\" height=\"500\" data-attachment-id=\"91102\" data-permalink=\"https:\/\/www.hoymercedes.com.ar\/principal\/2019\/04\/09\/los-vestidos-marcela-daff-suben-a-la-pasarela-madrilena\/06-marcela-daff-3\/#main\" data-orig-file=\"https:\/\/www.hoymercedes.com.ar\/principal\/wp-content\/uploads\/2019\/04\/06-marcela-Daff-3.jpeg\" data-orig-size=\"750,500\" data-comments-opened=\"0\" data-image-meta=\"{&quot;aperture&quot;:&quot;6.3&quot;,&quot;credit&quot;:&quot;&quot;,&quot;camera&quot;:&quot;Canon EOS 6D&quot;,&quot;caption&quot;:&quot;&quot;,&quot;created_timestamp&quot;:&quot;1552743998&quot;,&quot;copyright&quot;:&quot;&quot;,&quot;focal_length&quot;:&quot;50&quot;,&quot;iso&quot;:&quot;2000&quot;,&quot;shutter_speed&quot;:&quot;0.01&quot;,&quot;title&quot;:&quot;&quot;,&quot;orientation&quot;:&quot;1&quot;}\" data-image-title=\"06 marcela Daff 3\" data-image-description=\"\" data-image-caption=\"\" data-large-file=\"https:\/\/www.hoymercedes.com.ar\/principal\/wp-content\/uploads\/2019\/04\/06-marcela-Daff-3.jpeg\" src=\"https:\/\/www.hoymercedes.com.ar\/principal\/wp-content\/uploads\/2019\/04\/06-marcela-Daff-3.jpeg\" alt=\"\" class=\"wp-image-91102\" srcset=\"https:\/\/www.hoymercedes.com.ar\/principal\/wp-content\/uploads\/2019\/04\/06-marcela-Daff-3.jpeg 750w, https:\/\/www.hoymercedes.com.ar\/principal\/wp-content\/uploads\/2019\/04\/06-marcela-Daff-3-150x100.jpeg 150w, https:\/\/www.hoymercedes.com.ar\/principal\/wp-content\/uploads\/2019\/04\/06-marcela-Daff-3-630x420.jpeg 630w, https:\/\/www.hoymercedes.com.ar\/principal\/wp-content\/uploads\/2019\/04\/06-marcela-Daff-3-720x480.jpeg 720w, https:\/\/www.hoymercedes.com.ar\/principal\/wp-content\/uploads\/2019\/04\/06-marcela-Daff-3-360x240.jpeg 360w\" sizes=\"auto, (max-width: 750px) 100vw, 750px\" \/><\/figure>\n\n\n\n<p>La C\u00e1mara Econ\u00f3mica Mercedina (CEM) contin\u00faa con sus\nactividades abiertas al p\u00fablico en general. En esta oportunidad, propone una\ncharla que tiene como fin brindar herramientas para asesorar en la imagen\npersonal. La dise\u00f1adora de modas Marcela Daff ser\u00e1 la responsable de la jornada\npara \u201cpotenciar la imagen\u201d. Ser\u00e1 el martes 27 de agosto, a partir de la hora\n14:30. La propuesta es gratuita, aunque el cupo es limitado.&nbsp; <\/p>\n\n\n\n<p>La propuesta que en agosto est\u00e1n presentando las Mujeres\nCEM es una charla de asesor\u00eda de imagen dictado por la dise\u00f1adora de moda,\nMarcela Daff. Ser\u00e1 una oportunidad para aprender y adquirir herramientas, ideal\npara aquellas personas que trabajan en la venta de ropa, maquillaje,\npeluquer\u00eda, por ejemplo, que les permitir\u00e1 asesorar a sus clientes.<\/p>\n\n\n\n<p>A modo de adelanto, Marcela Daff, dise\u00f1adora radicada en Mercedes que hace algunos meses particip\u00f3 de las pasarelas espa\u00f1olas con sus vestidos, adelant\u00f3 que la intenci\u00f3n de la charla es que quienes participen aprendan a destacar su belleza individual, a que reconozcan su silueta y que puedan tener \u201ctips\u201d en materia de colorimetr\u00eda y que conozcan que \u201clook\u201d y tendencias favorecen a cada tipo de cuerpo teniendo en cuenta las vestimentas b\u00e1sicas para el guardarropa.  La charla ser\u00e1 el martes 27 de agosto. Es abierta, libre y gratuita. No obstante, se recomienda informar a la C\u00e1mara Econ\u00f3mica Mercedina ya que los cupos son limitados. La inscripci\u00f3n se puede hacer al tel\u00e9fono 420502 o en la sede de la CEM donde se dar\u00e1 la charla en avenida 29 N\u00b0  638. <\/p>\n\n\n\n<p>Fuente: Prensa CEM<\/p>\n","protected":false},"excerpt":{"rendered":"<p>Las dise\u00f1adora de modas internacional brindar\u00e1 una charla el d\u00eda martes 27, 14:30 horas en la sede de la C\u00e1mara &#8230; <a title=\"Marcela Daff dar\u00e1 herramientas para potenciar la imagen personal\" class=\"read-more\" href=\"https:\/\/www.hoymercedes.com.ar\/principal\/2019\/08\/17\/marcela-daff-dara-herramientas-para-potenciar-la-imagen-personal\/\" aria-label=\"Leer m\u00e1s sobre Marcela Daff dar\u00e1 herramientas para potenciar la imagen personal\">Leer m\u00e1s<\/a><\/p>\n","protected":false},"author":1,"featured_media":91102,"comment_status":"closed","ping_status":"open","sticky":false,"template":"","format":"standard","meta":{"_monsterinsights_skip_tracking":false,"_monsterinsights_sitenote_active":false,"_monsterinsights_sitenote_note":"","_monsterinsights_sitenote_category":0,"jetpack_post_was_ever_published":false,"_jetpack_newsletter_access":"","_jetpack_dont_email_post_to_subs":false,"_jetpack_newsletter_tier_id":0,"_jetpack_memberships_contains_paywalled_content":false,"_jetpack_memberships_contains_paid_content":false,"footnotes":"","jetpack_publicize_message":"","jetpack_publicize_feature_enabled":true,"jetpack_social_post_already_shared":true,"jetpack_social_options":{"image_generator_settings":{"template":"highway","default_image_id":0,"font":"","enabled":false},"version":2},"_wpas_customize_per_network":false},"categories":[8],"tags":[267,8656,9616,14833],"class_list":["post-98489","post","type-post","status-publish","format-standard","has-post-thumbnail","hentry","category-sociedad","tag-camara-economica-mercedina","tag-capacitacion","tag-charlas","tag-marcela-daff","generate-columns","tablet-grid-50","mobile-grid-100","grid-parent","grid-50"],"jetpack_publicize_connections":[],"jetpack_featured_media_url":"https:\/\/www.hoymercedes.com.ar\/principal\/wp-content\/uploads\/2019\/04\/06-marcela-Daff-3.jpeg","wps_subtitle":"Charla gratuita","jetpack_sharing_enabled":true,"jetpack-related-posts":[{"id":105112,"url":"https:\/\/www.hoymercedes.com.ar\/principal\/2020\/01\/15\/la-disenadora-marcela-daff-participara-de-programa-de-tv\/","url_meta":{"origin":98489,"position":0},"title":"La dise\u00f1adora Marcela Daff participar\u00e1 de programa de TV","author":"hoymercedes","date":"15 enero, 2020","format":false,"excerpt":"En la tarde del d\u00eda mi\u00e9rcoles, la dise\u00f1adora radicada en Mercedes, Marcela Daff, participar\u00e1 del reality show Corte y Confecci\u00f3n, programa televisivo dedicado al mundo de la moda. El programa televisivo que conduce Andrea Politti invit\u00f3 a la dise\u00f1adora a realizar un casting en vivo. Marcela Daff acept\u00f3 el desaf\u00edo\u2026","rel":"","context":"En \u00abCultura\u00bb","block_context":{"text":"Cultura","link":"https:\/\/www.hoymercedes.com.ar\/principal\/category\/cultura\/"},"img":{"alt_text":"","src":"https:\/\/i0.wp.com\/www.hoymercedes.com.ar\/principal\/wp-content\/uploads\/2019\/04\/06-marcela-Daff-3.jpeg?resize=350%2C200&ssl=1","width":350,"height":200,"srcset":"https:\/\/i0.wp.com\/www.hoymercedes.com.ar\/principal\/wp-content\/uploads\/2019\/04\/06-marcela-Daff-3.jpeg?resize=350%2C200&ssl=1 1x, https:\/\/i0.wp.com\/www.hoymercedes.com.ar\/principal\/wp-content\/uploads\/2019\/04\/06-marcela-Daff-3.jpeg?resize=525%2C300&ssl=1 1.5x, https:\/\/i0.wp.com\/www.hoymercedes.com.ar\/principal\/wp-content\/uploads\/2019\/04\/06-marcela-Daff-3.jpeg?resize=700%2C400&ssl=1 2x"},"classes":[]},{"id":134596,"url":"https:\/\/www.hoymercedes.com.ar\/principal\/2021\/08\/07\/marcela-daff-convocada-nuevamente-para-el-madrid-bridal-fashion\/","url_meta":{"origin":98489,"position":1},"title":"Marcela Daff convocada nuevamente para el Madrid Bridal Fashion","author":"hoymercedes","date":"7 agosto, 2021","format":false,"excerpt":"Por segunda vez, la dise\u00f1adora mercedina formar\u00e1 parte de uno de los eventos m\u00e1s importantes de la moda europea. Los dise\u00f1os para novia est\u00e1n inspirados en las c\u00fapulas de edificios, especialmente del Pante\u00f3n de Agripa de Roma. El evento ser\u00e1 virtual entre el 6 y el 9 de septiembre. Son\u2026","rel":"","context":"En \u00abCultura\u00bb","block_context":{"text":"Cultura","link":"https:\/\/www.hoymercedes.com.ar\/principal\/category\/cultura\/"},"img":{"alt_text":"","src":"https:\/\/i0.wp.com\/www.hoymercedes.com.ar\/principal\/wp-content\/uploads\/2021\/07\/IMG_46802.jpeg?resize=350%2C200&ssl=1","width":350,"height":200,"srcset":"https:\/\/i0.wp.com\/www.hoymercedes.com.ar\/principal\/wp-content\/uploads\/2021\/07\/IMG_46802.jpeg?resize=350%2C200&ssl=1 1x, https:\/\/i0.wp.com\/www.hoymercedes.com.ar\/principal\/wp-content\/uploads\/2021\/07\/IMG_46802.jpeg?resize=525%2C300&ssl=1 1.5x, https:\/\/i0.wp.com\/www.hoymercedes.com.ar\/principal\/wp-content\/uploads\/2021\/07\/IMG_46802.jpeg?resize=700%2C400&ssl=1 2x"},"classes":[]},{"id":106180,"url":"https:\/\/www.hoymercedes.com.ar\/principal\/2020\/02\/14\/marcela-daff-dejo-el-reality-televisivo\/","url_meta":{"origin":98489,"position":2},"title":"Marcela Daff dej\u00f3 el reality televisivo","author":"hoymercedes","date":"14 febrero, 2020","format":false,"excerpt":"Motivada por su cansancio y stress de viajar todos los d\u00edas, de estar frente a las c\u00e1maras de televisi\u00f3n diariamente por m\u00e1s de una hora y por mantener y cumplir en tiempo y forma con sus clientas particulares, la dise\u00f1adora de modas radicada en Mercedes, Marcela Daff, decidi\u00f3 dejar el\u2026","rel":"","context":"En \u00abCultura\u00bb","block_context":{"text":"Cultura","link":"https:\/\/www.hoymercedes.com.ar\/principal\/category\/cultura\/"},"img":{"alt_text":"","src":"https:\/\/i0.wp.com\/www.hoymercedes.com.ar\/principal\/wp-content\/uploads\/2020\/02\/14-Marce-Daff1.jpg?resize=350%2C200&ssl=1","width":350,"height":200,"srcset":"https:\/\/i0.wp.com\/www.hoymercedes.com.ar\/principal\/wp-content\/uploads\/2020\/02\/14-Marce-Daff1.jpg?resize=350%2C200&ssl=1 1x, https:\/\/i0.wp.com\/www.hoymercedes.com.ar\/principal\/wp-content\/uploads\/2020\/02\/14-Marce-Daff1.jpg?resize=525%2C300&ssl=1 1.5x, https:\/\/i0.wp.com\/www.hoymercedes.com.ar\/principal\/wp-content\/uploads\/2020\/02\/14-Marce-Daff1.jpg?resize=700%2C400&ssl=1 2x"},"classes":[]},{"id":139696,"url":"https:\/\/www.hoymercedes.com.ar\/principal\/2021\/11\/06\/mercedinas-finalistas-de-los-premios-mujer-empresaria-bonaerense\/","url_meta":{"origin":98489,"position":3},"title":"Mercedinas finalistas de los Premios Mujer Empresaria Bonaerense","author":"hoymercedes","date":"6 noviembre, 2021","format":false,"excerpt":"La C\u00e1mara Econ\u00f3mica Mercedina present\u00f3 cuatro pymes lideradas por mujeres para los premios que entrega MEFEBA. Karina Sirello de Neukar, la dise\u00f1adora Marcela Daff, Mar\u00eda Alejandra Mortarini y Julieta Arg\u00fcero de Digestivas y Fernanda Pozzi de La Pulper\u00eda de Cacho Di Catarina son finalistas en cada una de las categor\u00edas\u2026","rel":"","context":"En \u00abSociedad\u00bb","block_context":{"text":"Sociedad","link":"https:\/\/www.hoymercedes.com.ar\/principal\/category\/sociedad\/"},"img":{"alt_text":"","src":"https:\/\/i0.wp.com\/www.hoymercedes.com.ar\/principal\/wp-content\/uploads\/2021\/11\/2021-CEM-finalistas-mefeba-2-e1636221388499.jpg?resize=350%2C200&ssl=1","width":350,"height":200,"srcset":"https:\/\/i0.wp.com\/www.hoymercedes.com.ar\/principal\/wp-content\/uploads\/2021\/11\/2021-CEM-finalistas-mefeba-2-e1636221388499.jpg?resize=350%2C200&ssl=1 1x, https:\/\/i0.wp.com\/www.hoymercedes.com.ar\/principal\/wp-content\/uploads\/2021\/11\/2021-CEM-finalistas-mefeba-2-e1636221388499.jpg?resize=525%2C300&ssl=1 1.5x, https:\/\/i0.wp.com\/www.hoymercedes.com.ar\/principal\/wp-content\/uploads\/2021\/11\/2021-CEM-finalistas-mefeba-2-e1636221388499.jpg?resize=700%2C400&ssl=1 2x"},"classes":[]},{"id":105369,"url":"https:\/\/www.hoymercedes.com.ar\/principal\/2020\/01\/20\/marcela-daff-avanza-en-reality-show-y-prometio-salame-quintero-para-el-jurado\/","url_meta":{"origin":98489,"position":4},"title":"Marcela Daff avanza en reality show y prometi\u00f3 salame quintero para el jurado","author":"hoymercedes","date":"20 enero, 2020","format":false,"excerpt":"En la tarde de este lunes, la dise\u00f1adora de modas radicada en Mercedes, Marcela Daff, complet\u00f3 la segunda etapa del casting para ingresar al taller del programa televisivo \"Corte y Confecci\u00f3n\". La primera etapa fue dif\u00edcil para Marcela que casi queda afuera pese al vestido que realiz\u00f3 en media hora,\u2026","rel":"","context":"En \u00abCultura\u00bb","block_context":{"text":"Cultura","link":"https:\/\/www.hoymercedes.com.ar\/principal\/category\/cultura\/"},"img":{"alt_text":"","src":"https:\/\/i0.wp.com\/www.hoymercedes.com.ar\/principal\/wp-content\/uploads\/2020\/01\/Screenshot_20200120-142148-01-768x978-1.jpeg?resize=350%2C200&ssl=1","width":350,"height":200,"srcset":"https:\/\/i0.wp.com\/www.hoymercedes.com.ar\/principal\/wp-content\/uploads\/2020\/01\/Screenshot_20200120-142148-01-768x978-1.jpeg?resize=350%2C200&ssl=1 1x, https:\/\/i0.wp.com\/www.hoymercedes.com.ar\/principal\/wp-content\/uploads\/2020\/01\/Screenshot_20200120-142148-01-768x978-1.jpeg?resize=525%2C300&ssl=1 1.5x, https:\/\/i0.wp.com\/www.hoymercedes.com.ar\/principal\/wp-content\/uploads\/2020\/01\/Screenshot_20200120-142148-01-768x978-1.jpeg?resize=700%2C400&ssl=1 2x"},"classes":[]},{"id":95096,"url":"https:\/\/www.hoymercedes.com.ar\/principal\/2019\/06\/13\/marcela-daff-estuvo-presente-en-los-martin-fierro\/","url_meta":{"origin":98489,"position":5},"title":"Marcela Daff estuvo presente en los Mart\u00edn Fierro","author":"hoymercedes","date":"13 junio, 2019","format":false,"excerpt":"La marca de origen mercedino que tiene la dise\u00f1adora de modas radicada en la ciudad, Marcela Daffonchio, estuvo presente en el escenario de la entrega de premios Mart\u00edn Fierro. La periodista y panelista Evelyn von Brocke eligi\u00f3 la marca Marcela Daff y recibi\u00f3 numerosos elogios por el vestido azul largo\u2026","rel":"","context":"En \u00abCultura\u00bb","block_context":{"text":"Cultura","link":"https:\/\/www.hoymercedes.com.ar\/principal\/category\/cultura\/"},"img":{"alt_text":"","src":"https:\/\/i0.wp.com\/www.hoymercedes.com.ar\/principal\/wp-content\/uploads\/2019\/06\/14-marce-daff-3-1.jpg?resize=350%2C200&ssl=1","width":350,"height":200,"srcset":"https:\/\/i0.wp.com\/www.hoymercedes.com.ar\/principal\/wp-content\/uploads\/2019\/06\/14-marce-daff-3-1.jpg?resize=350%2C200&ssl=1 1x, https:\/\/i0.wp.com\/www.hoymercedes.com.ar\/principal\/wp-content\/uploads\/2019\/06\/14-marce-daff-3-1.jpg?resize=525%2C300&ssl=1 1.5x, https:\/\/i0.wp.com\/www.hoymercedes.com.ar\/principal\/wp-content\/uploads\/2019\/06\/14-marce-daff-3-1.jpg?resize=700%2C400&ssl=1 2x"},"classes":[]}],"_links":{"self":[{"href":"https:\/\/www.hoymercedes.com.ar\/principal\/wp-json\/wp\/v2\/posts\/98489","targetHints":{"allow":["GET"]}}],"collection":[{"href":"https:\/\/www.hoymercedes.com.ar\/principal\/wp-json\/wp\/v2\/posts"}],"about":[{"href":"https:\/\/www.hoymercedes.com.ar\/principal\/wp-json\/wp\/v2\/types\/post"}],"author":[{"embeddable":true,"href":"https:\/\/www.hoymercedes.com.ar\/principal\/wp-json\/wp\/v2\/users\/1"}],"replies":[{"embeddable":true,"href":"https:\/\/www.hoymercedes.com.ar\/principal\/wp-json\/wp\/v2\/comments?post=98489"}],"version-history":[{"count":0,"href":"https:\/\/www.hoymercedes.com.ar\/principal\/wp-json\/wp\/v2\/posts\/98489\/revisions"}],"wp:featuredmedia":[{"embeddable":true,"href":"https:\/\/www.hoymercedes.com.ar\/principal\/wp-json\/wp\/v2\/media\/91102"}],"wp:attachment":[{"href":"https:\/\/www.hoymercedes.com.ar\/principal\/wp-json\/wp\/v2\/media?parent=98489"}],"wp:term":[{"taxonomy":"category","embeddable":true,"href":"https:\/\/www.hoymercedes.com.ar\/principal\/wp-json\/wp\/v2\/categories?post=98489"},{"taxonomy":"post_tag","embeddable":true,"href":"https:\/\/www.hoymercedes.com.ar\/principal\/wp-json\/wp\/v2\/tags?post=98489"}],"curies":[{"name":"wp","href":"https:\/\/api.w.org\/{rel}","templated":true}]}}