{"id":98492,"date":"2019-08-17T17:50:58","date_gmt":"2019-08-17T20:50:58","guid":{"rendered":"http:\/\/www.hoymercedes.com.ar\/principal\/?p=98492"},"modified":"2019-08-17T18:07:40","modified_gmt":"2019-08-17T21:07:40","slug":"entregan-nuevas-plantas-de-durazno-para-el-programa-resurgir","status":"publish","type":"post","link":"https:\/\/www.hoymercedes.com.ar\/principal\/2019\/08\/17\/entregan-nuevas-plantas-de-durazno-para-el-programa-resurgir\/","title":{"rendered":"Entregan nuevas plantas de durazno para el Programa Resurgir"},"content":{"rendered":"\n<p>Este es un trabajo mancomunado entre la Direcci\u00f3n de producci\u00f3n municipal y el Grupo Resurgir que a\u00f1o a a\u00f1o se renueva y fortalece. De esta manera y ante una gran afluencia de vecinos el intendente Juan Ignacio Ustarroz se\u00f1al\u00f3 \u201cpara nosotros como municipio es un placer, un honor y una obligaci\u00f3n acompa\u00f1ar a nuestros productores, promover la ecolog\u00eda y la producci\u00f3n\u201d.\u00a0\u00a0El programa se viene efectuando de manera sostenida desde el a\u00f1o 2003.<\/p>\n\n\n\n<figure class=\"wp-block-image\"><img loading=\"lazy\" decoding=\"async\" width=\"800\" height=\"503\" data-attachment-id=\"98493\" data-permalink=\"https:\/\/www.hoymercedes.com.ar\/principal\/2019\/08\/17\/entregan-nuevas-plantas-de-durazno-para-el-programa-resurgir\/17-muni-durazno\/#main\" data-orig-file=\"https:\/\/www.hoymercedes.com.ar\/principal\/wp-content\/uploads\/2019\/08\/17-muni-durazno.jpg\" data-orig-size=\"800,503\" data-comments-opened=\"0\" data-image-meta=\"{&quot;aperture&quot;:&quot;0&quot;,&quot;credit&quot;:&quot;&quot;,&quot;camera&quot;:&quot;&quot;,&quot;caption&quot;:&quot;&quot;,&quot;created_timestamp&quot;:&quot;0&quot;,&quot;copyright&quot;:&quot;&quot;,&quot;focal_length&quot;:&quot;0&quot;,&quot;iso&quot;:&quot;0&quot;,&quot;shutter_speed&quot;:&quot;0&quot;,&quot;title&quot;:&quot;&quot;,&quot;orientation&quot;:&quot;0&quot;}\" data-image-title=\"17 muni durazno\" data-image-description=\"\" data-image-caption=\"\" data-large-file=\"https:\/\/www.hoymercedes.com.ar\/principal\/wp-content\/uploads\/2019\/08\/17-muni-durazno.jpg\" src=\"https:\/\/www.hoymercedes.com.ar\/principal\/wp-content\/uploads\/2019\/08\/17-muni-durazno.jpg\" alt=\"\" class=\"wp-image-98493\" srcset=\"https:\/\/www.hoymercedes.com.ar\/principal\/wp-content\/uploads\/2019\/08\/17-muni-durazno.jpg 800w, https:\/\/www.hoymercedes.com.ar\/principal\/wp-content\/uploads\/2019\/08\/17-muni-durazno-150x94.jpg 150w, https:\/\/www.hoymercedes.com.ar\/principal\/wp-content\/uploads\/2019\/08\/17-muni-durazno-630x396.jpg 630w\" sizes=\"auto, (max-width: 800px) 100vw, 800px\" \/><\/figure>\n\n\n\n<p>Encabezaron esta entrega, el intendente municipal, el Director de Producci\u00f3n, Marcelo Den\u00e1pole y Susana Castagneto una de las principales referentes del grupo Resurgir. Fue as\u00ed que se hizo entrega de las 3000 plantas que el municipio de mercedes todos los a\u00f1os adquiere y entrega a los vecinos, con la clara intenci\u00f3n de reforestar con estas plantas cuyo fruto tiene su fiesta nacional en nuestra ciudad.\u00a0<\/p>\n\n\n\n<p>Ustarroz manifest\u00f3 \u201ces importante que como Estado tengamos continuidad en las pol\u00edticas p\u00fablicas, este no es un programa que haya surgido en nuestra gesti\u00f3n y sin embargo desde un primer momento decidimos continuarlo\u201d y agreg\u00f3 \u201cesto tiene que ver con preservar nuestra idiosincrasia, promover la cultura del trabajo, la producci\u00f3n, y nada m\u00e1s ni nada menos que de los alimentos\u201d.<\/p>\n\n\n\n<p>\u201cEstamos muy agradecidos a todo el grupo \u201cResurgir\u201d quienes todos los a\u00f1os se ponen al frente de esta tarea tan importante\u201d subray\u00f3 el intendente Ustarroz.&nbsp;&nbsp;<\/p>\n\n\n\n<p>Por su parte, el Director de Producci\u00f3n, Marcelo Den\u00e1pole expres\u00f3 \u201cagradecido a todos los que participan de esta iniciativa, al intendente municipal por el hecho que en Mercedes seguimos apoyando a todos los proyectos productivos, haciendo todo lo que hay que hacer en estos tiempos de emergencia econ\u00f3mica\u201d y destac\u00f3 \u201cno hemos frenado ning\u00fan proyecto desde el punto de vista productivo para incluir social y econ\u00f3micamente a los vecinos\u201d.<\/p>\n\n\n\n<p>\u201cEsta iniciativa nos sirve como base de la Fiesta Nacional del Durazno y para encontrarnos y estar todos juntos, ir aprendiendo y creciendo\u201d apunt\u00f3 Den\u00e1pole.&nbsp;&nbsp;<\/p>\n\n\n\n<p>Susana Castagneto una de las principales referentes del grupo Resurgir se\u00f1al\u00f3 \u201cestamos muy felices, sabemos que es un esfuerzo muy grande que hace el municipio comprando las plantas para su posterior entrega a todos los vecinos\u201d.<\/p>\n\n\n\n<p>Fuente: Prensa Municipal<\/p>\n","protected":false},"excerpt":{"rendered":"<p>Este es un trabajo mancomunado entre la Direcci\u00f3n de producci\u00f3n municipal y el Grupo Resurgir que a\u00f1o a a\u00f1o se &#8230; <a title=\"Entregan nuevas plantas de durazno para el Programa Resurgir\" class=\"read-more\" href=\"https:\/\/www.hoymercedes.com.ar\/principal\/2019\/08\/17\/entregan-nuevas-plantas-de-durazno-para-el-programa-resurgir\/\" aria-label=\"Leer m\u00e1s sobre Entregan nuevas plantas de durazno para el Programa Resurgir\">Leer m\u00e1s<\/a><\/p>\n","protected":false},"author":1,"featured_media":98493,"comment_status":"closed","ping_status":"open","sticky":false,"template":"","format":"standard","meta":{"_monsterinsights_skip_tracking":false,"_monsterinsights_sitenote_active":false,"_monsterinsights_sitenote_note":"","_monsterinsights_sitenote_category":0,"jetpack_post_was_ever_published":false,"_jetpack_newsletter_access":"","_jetpack_dont_email_post_to_subs":false,"_jetpack_newsletter_tier_id":0,"_jetpack_memberships_contains_paywalled_content":false,"_jetpack_memberships_contains_paid_content":false,"footnotes":"","jetpack_publicize_message":"","jetpack_publicize_feature_enabled":true,"jetpack_social_post_already_shared":true,"jetpack_social_options":{"image_generator_settings":{"template":"highway","default_image_id":0,"font":"","enabled":false},"version":2},"_wpas_customize_per_network":false},"categories":[30],"tags":[4939,2315,244],"class_list":["post-98492","post","type-post","status-publish","format-standard","has-post-thumbnail","hentry","category-municipio","tag-direccion-de-produccion","tag-durazno","tag-municipio-2","generate-columns","tablet-grid-50","mobile-grid-100","grid-parent","grid-50"],"jetpack_publicize_connections":[],"jetpack_featured_media_url":"https:\/\/www.hoymercedes.com.ar\/principal\/wp-content\/uploads\/2019\/08\/17-muni-durazno.jpg","wps_subtitle":"Direcci\u00f3n de Producci\u00f3n","jetpack_sharing_enabled":true,"_links":{"self":[{"href":"https:\/\/www.hoymercedes.com.ar\/principal\/wp-json\/wp\/v2\/posts\/98492","targetHints":{"allow":["GET"]}}],"collection":[{"href":"https:\/\/www.hoymercedes.com.ar\/principal\/wp-json\/wp\/v2\/posts"}],"about":[{"href":"https:\/\/www.hoymercedes.com.ar\/principal\/wp-json\/wp\/v2\/types\/post"}],"author":[{"embeddable":true,"href":"https:\/\/www.hoymercedes.com.ar\/principal\/wp-json\/wp\/v2\/users\/1"}],"replies":[{"embeddable":true,"href":"https:\/\/www.hoymercedes.com.ar\/principal\/wp-json\/wp\/v2\/comments?post=98492"}],"version-history":[{"count":0,"href":"https:\/\/www.hoymercedes.com.ar\/principal\/wp-json\/wp\/v2\/posts\/98492\/revisions"}],"wp:featuredmedia":[{"embeddable":true,"href":"https:\/\/www.hoymercedes.com.ar\/principal\/wp-json\/wp\/v2\/media\/98493"}],"wp:attachment":[{"href":"https:\/\/www.hoymercedes.com.ar\/principal\/wp-json\/wp\/v2\/media?parent=98492"}],"wp:term":[{"taxonomy":"category","embeddable":true,"href":"https:\/\/www.hoymercedes.com.ar\/principal\/wp-json\/wp\/v2\/categories?post=98492"},{"taxonomy":"post_tag","embeddable":true,"href":"https:\/\/www.hoymercedes.com.ar\/principal\/wp-json\/wp\/v2\/tags?post=98492"}],"curies":[{"name":"wp","href":"https:\/\/api.w.org\/{rel}","templated":true}]}}