{"id":98513,"date":"2019-08-18T10:00:10","date_gmt":"2019-08-18T13:00:10","guid":{"rendered":"http:\/\/www.hoymercedes.com.ar\/principal\/?p=98513"},"modified":"2019-08-20T09:40:36","modified_gmt":"2019-08-20T12:40:36","slug":"inauguraron-la-plaza-en-marchetti-con-el-nombre-de-madre-teresa","status":"publish","type":"post","link":"https:\/\/www.hoymercedes.com.ar\/principal\/2019\/08\/18\/inauguraron-la-plaza-en-marchetti-con-el-nombre-de-madre-teresa\/","title":{"rendered":"Inauguraron la plaza en Marchetti con el nombre de Madre Teresa"},"content":{"rendered":"\n<p>La tarde del s\u00e1bado, en el Barrio Marchetti se inaugur\u00f3 oficialmente la plaza que lleva como nombre Madre Teresa a elecciones de los ni\u00f1os que asisten a la iglesia del barrio. El acto se sum\u00f3 a los festejos por el d\u00eda del ni\u00f1o. <\/p>\n\n\n\n<figure class=\"wp-block-image\"><img loading=\"lazy\" decoding=\"async\" width=\"750\" height=\"500\" data-attachment-id=\"98514\" data-permalink=\"https:\/\/www.hoymercedes.com.ar\/principal\/2019\/08\/18\/inauguraron-la-plaza-en-marchetti-con-el-nombre-de-madre-teresa\/18-muni-plaza-marchetti\/#main\" data-orig-file=\"https:\/\/www.hoymercedes.com.ar\/principal\/wp-content\/uploads\/2019\/08\/18-muni-plaza-marchetti.jpg\" data-orig-size=\"750,500\" data-comments-opened=\"0\" data-image-meta=\"{&quot;aperture&quot;:&quot;0&quot;,&quot;credit&quot;:&quot;&quot;,&quot;camera&quot;:&quot;&quot;,&quot;caption&quot;:&quot;&quot;,&quot;created_timestamp&quot;:&quot;0&quot;,&quot;copyright&quot;:&quot;&quot;,&quot;focal_length&quot;:&quot;0&quot;,&quot;iso&quot;:&quot;0&quot;,&quot;shutter_speed&quot;:&quot;0&quot;,&quot;title&quot;:&quot;&quot;,&quot;orientation&quot;:&quot;0&quot;}\" data-image-title=\"18 muni plaza marchetti\" data-image-description=\"\" data-image-caption=\"\" data-large-file=\"https:\/\/www.hoymercedes.com.ar\/principal\/wp-content\/uploads\/2019\/08\/18-muni-plaza-marchetti.jpg\" src=\"https:\/\/www.hoymercedes.com.ar\/principal\/wp-content\/uploads\/2019\/08\/18-muni-plaza-marchetti.jpg\" alt=\"\" class=\"wp-image-98514\" srcset=\"https:\/\/www.hoymercedes.com.ar\/principal\/wp-content\/uploads\/2019\/08\/18-muni-plaza-marchetti.jpg 750w, https:\/\/www.hoymercedes.com.ar\/principal\/wp-content\/uploads\/2019\/08\/18-muni-plaza-marchetti-150x100.jpg 150w, https:\/\/www.hoymercedes.com.ar\/principal\/wp-content\/uploads\/2019\/08\/18-muni-plaza-marchetti-630x420.jpg 630w, https:\/\/www.hoymercedes.com.ar\/principal\/wp-content\/uploads\/2019\/08\/18-muni-plaza-marchetti-720x480.jpg 720w, https:\/\/www.hoymercedes.com.ar\/principal\/wp-content\/uploads\/2019\/08\/18-muni-plaza-marchetti-360x240.jpg 360w\" sizes=\"auto, (max-width: 750px) 100vw, 750px\" \/><\/figure>\n\n\n\n<p>Silvio Albeberio, vecino del lugar, fue el primero en tomar la palabra en nombre de los vecinos y la comisi\u00f3n de trabajo del barrio y coment\u00f3 que \u201cqueremos agradecer al intendente por esta realidad. Hace mucho que dese\u00e1bamos ver esta plaza, vemos cosas que nunca se hab\u00edan hecho\u201d dijo y remarc\u00f3 que \u201cesto es muy lindo para todos los chicos\u201d.<\/p>\n\n\n\n<p>Por su parte, el intendente Ustarroz afirm\u00f3 ante los presentes que \u201cestamos nuevamente muy felices de estar en el querido barrio Marchetti con una nueva obra\u201d y \u201ces muy importante, como dec\u00eda Silvio, seguir trabajando por los ni\u00f1os\u201d y narr\u00f3 que \u201creci\u00e9n ven\u00edamos por la 26 y ve\u00edamos el hormig\u00f3n, la piedra, la canchita, el esfuerzo de todos los vecinos por cuidar y apoyar estos avances para el barrio. Muchas gracias a todos\u201d coment\u00f3 ante los presentes y aprovech\u00f3 para \u201cfelicitar a todos los miembros de la capilla, hoy nos encontramos con j\u00f3venes de la escuela Misericordia haciendo actividades sociales, religiosas y solidarias, felicitaciones\u201d.<\/p>\n\n\n\n<p>Antes de finalizar sus palabras el intendente tambi\u00e9n felicit\u00f3 \u201ca todos los trabajadores municipales que una vez m\u00e1s han realizado un gran trabajo pensando en el beneficio de los vecinos\u201d donde tambi\u00e9n hay una cancha de f\u00fatbol tenis y juegos para la ejercitaci\u00f3n y la salud.<\/p>\n\n\n\n<p>En la plaza del barrio, adem\u00e1s, hubo f\u00fatbol, chocolatada, inflables, kermesse, dulces y el espect\u00e1culo del querido por todos los ni\u00f1os y ni\u00f1as \u201cPayaso Pelambre\u201d. De la fiesta participaron concejales del oficialismo, funcionarios, y especialmente los vecinos del barrio, de las comisiones de trabajo y aquellos que d\u00eda a d\u00eda trabajan por un barrio y ciudad mejor.<\/p>\n\n\n\n<p>Fueron los ni\u00f1os del barrio que asisten a la Parroquia los que eligieron el nombre de la Plaza del Barrio Marchetti. En la \u00faltima sesi\u00f3n del HCD ingres\u00f3 el proyecto con el nombre Madre Teresa para la plaza, aunque el cartel con el nombre estaba desde el viernes anterior. <\/p>\n\n\n\n<figure class=\"wp-block-image\"><img loading=\"lazy\" decoding=\"async\" width=\"800\" height=\"533\" data-attachment-id=\"98515\" data-permalink=\"https:\/\/www.hoymercedes.com.ar\/principal\/2019\/08\/18\/inauguraron-la-plaza-en-marchetti-con-el-nombre-de-madre-teresa\/18-muni-plaza-marchetti1\/#main\" data-orig-file=\"https:\/\/www.hoymercedes.com.ar\/principal\/wp-content\/uploads\/2019\/08\/18-muni-plaza-marchetti1.jpg\" data-orig-size=\"800,533\" data-comments-opened=\"0\" data-image-meta=\"{&quot;aperture&quot;:&quot;0&quot;,&quot;credit&quot;:&quot;&quot;,&quot;camera&quot;:&quot;&quot;,&quot;caption&quot;:&quot;&quot;,&quot;created_timestamp&quot;:&quot;0&quot;,&quot;copyright&quot;:&quot;&quot;,&quot;focal_length&quot;:&quot;0&quot;,&quot;iso&quot;:&quot;0&quot;,&quot;shutter_speed&quot;:&quot;0&quot;,&quot;title&quot;:&quot;&quot;,&quot;orientation&quot;:&quot;0&quot;}\" data-image-title=\"18 muni plaza marchetti1\" data-image-description=\"\" data-image-caption=\"\" data-large-file=\"https:\/\/www.hoymercedes.com.ar\/principal\/wp-content\/uploads\/2019\/08\/18-muni-plaza-marchetti1.jpg\" src=\"https:\/\/www.hoymercedes.com.ar\/principal\/wp-content\/uploads\/2019\/08\/18-muni-plaza-marchetti1.jpg\" alt=\"\" class=\"wp-image-98515\" srcset=\"https:\/\/www.hoymercedes.com.ar\/principal\/wp-content\/uploads\/2019\/08\/18-muni-plaza-marchetti1.jpg 800w, https:\/\/www.hoymercedes.com.ar\/principal\/wp-content\/uploads\/2019\/08\/18-muni-plaza-marchetti1-150x100.jpg 150w, https:\/\/www.hoymercedes.com.ar\/principal\/wp-content\/uploads\/2019\/08\/18-muni-plaza-marchetti1-630x420.jpg 630w, https:\/\/www.hoymercedes.com.ar\/principal\/wp-content\/uploads\/2019\/08\/18-muni-plaza-marchetti1-720x480.jpg 720w, https:\/\/www.hoymercedes.com.ar\/principal\/wp-content\/uploads\/2019\/08\/18-muni-plaza-marchetti1-360x240.jpg 360w\" sizes=\"auto, (max-width: 800px) 100vw, 800px\" \/><\/figure>\n","protected":false},"excerpt":{"rendered":"<p>La tarde del s\u00e1bado, en el Barrio Marchetti se inaugur\u00f3 oficialmente la plaza que lleva como nombre Madre Teresa a &#8230; <a title=\"Inauguraron la plaza en Marchetti con el nombre de Madre Teresa\" class=\"read-more\" href=\"https:\/\/www.hoymercedes.com.ar\/principal\/2019\/08\/18\/inauguraron-la-plaza-en-marchetti-con-el-nombre-de-madre-teresa\/\" aria-label=\"Leer m\u00e1s sobre Inauguraron la plaza en Marchetti con el nombre de Madre Teresa\">Leer m\u00e1s<\/a><\/p>\n","protected":false},"author":1,"featured_media":98514,"comment_status":"closed","ping_status":"open","sticky":false,"template":"","format":"standard","meta":{"_monsterinsights_skip_tracking":false,"_monsterinsights_sitenote_active":false,"_monsterinsights_sitenote_note":"","_monsterinsights_sitenote_category":0,"jetpack_post_was_ever_published":false,"_jetpack_newsletter_access":"","_jetpack_dont_email_post_to_subs":false,"_jetpack_newsletter_tier_id":0,"_jetpack_memberships_contains_paywalled_content":false,"_jetpack_memberships_contains_paid_content":false,"footnotes":"","jetpack_publicize_message":"","jetpack_publicize_feature_enabled":true,"jetpack_social_post_already_shared":true,"jetpack_social_options":{"image_generator_settings":{"template":"highway","default_image_id":0,"font":"","enabled":false},"version":2},"_wpas_customize_per_network":false},"categories":[30],"tags":[244,15658],"class_list":["post-98513","post","type-post","status-publish","format-standard","has-post-thumbnail","hentry","category-municipio","tag-municipio-2","tag-plaza-marchetti","generate-columns","tablet-grid-50","mobile-grid-100","grid-parent","grid-50"],"jetpack_publicize_connections":[],"jetpack_featured_media_url":"https:\/\/www.hoymercedes.com.ar\/principal\/wp-content\/uploads\/2019\/08\/18-muni-plaza-marchetti.jpg","wps_subtitle":"Inauguraci\u00f3n oficial","jetpack_sharing_enabled":true,"_links":{"self":[{"href":"https:\/\/www.hoymercedes.com.ar\/principal\/wp-json\/wp\/v2\/posts\/98513","targetHints":{"allow":["GET"]}}],"collection":[{"href":"https:\/\/www.hoymercedes.com.ar\/principal\/wp-json\/wp\/v2\/posts"}],"about":[{"href":"https:\/\/www.hoymercedes.com.ar\/principal\/wp-json\/wp\/v2\/types\/post"}],"author":[{"embeddable":true,"href":"https:\/\/www.hoymercedes.com.ar\/principal\/wp-json\/wp\/v2\/users\/1"}],"replies":[{"embeddable":true,"href":"https:\/\/www.hoymercedes.com.ar\/principal\/wp-json\/wp\/v2\/comments?post=98513"}],"version-history":[{"count":0,"href":"https:\/\/www.hoymercedes.com.ar\/principal\/wp-json\/wp\/v2\/posts\/98513\/revisions"}],"wp:featuredmedia":[{"embeddable":true,"href":"https:\/\/www.hoymercedes.com.ar\/principal\/wp-json\/wp\/v2\/media\/98514"}],"wp:attachment":[{"href":"https:\/\/www.hoymercedes.com.ar\/principal\/wp-json\/wp\/v2\/media?parent=98513"}],"wp:term":[{"taxonomy":"category","embeddable":true,"href":"https:\/\/www.hoymercedes.com.ar\/principal\/wp-json\/wp\/v2\/categories?post=98513"},{"taxonomy":"post_tag","embeddable":true,"href":"https:\/\/www.hoymercedes.com.ar\/principal\/wp-json\/wp\/v2\/tags?post=98513"}],"curies":[{"name":"wp","href":"https:\/\/api.w.org\/{rel}","templated":true}]}}