{"id":98523,"date":"2019-08-18T15:27:04","date_gmt":"2019-08-18T18:27:04","guid":{"rendered":"http:\/\/www.hoymercedes.com.ar\/principal\/?p=98523"},"modified":"2019-08-20T09:40:56","modified_gmt":"2019-08-20T12:40:56","slug":"preparan-festejos-por-el-dia-del-nino-para-el-25-de-agoso","status":"publish","type":"post","link":"https:\/\/www.hoymercedes.com.ar\/principal\/2019\/08\/18\/preparan-festejos-por-el-dia-del-nino-para-el-25-de-agoso\/","title":{"rendered":"Preparan festejos por el d\u00eda del ni\u00f1o para el 25 de agoso"},"content":{"rendered":"\n<p>El pr\u00f3ximo 25 de agosto, la Municipalidad de Mercedes har\u00e1 un festejo por el D\u00eda del Ni\u00f1o. Anticiparon que habr\u00e1 \u201cCanticuentos\u201d, inflables, sorteos, juegos, entre otras propuestas para todas las familias. El festejo ser\u00e1 en el Mart\u00edn Rodr\u00edguez entre las 14 y las 17 horas con entrada libre y gratuita. <\/p>\n\n\n\n<figure class=\"wp-block-image\"><img loading=\"lazy\" decoding=\"async\" width=\"750\" height=\"750\" data-attachment-id=\"98525\" data-permalink=\"https:\/\/www.hoymercedes.com.ar\/principal\/2019\/08\/18\/preparan-festejos-por-el-dia-del-nino-para-el-25-de-agoso\/18-dianino\/#main\" data-orig-file=\"https:\/\/www.hoymercedes.com.ar\/principal\/wp-content\/uploads\/2019\/08\/18-DiaNi\u00f1o.jpeg\" data-orig-size=\"750,750\" data-comments-opened=\"0\" data-image-meta=\"{&quot;aperture&quot;:&quot;0&quot;,&quot;credit&quot;:&quot;&quot;,&quot;camera&quot;:&quot;&quot;,&quot;caption&quot;:&quot;&quot;,&quot;created_timestamp&quot;:&quot;0&quot;,&quot;copyright&quot;:&quot;&quot;,&quot;focal_length&quot;:&quot;0&quot;,&quot;iso&quot;:&quot;0&quot;,&quot;shutter_speed&quot;:&quot;0&quot;,&quot;title&quot;:&quot;&quot;,&quot;orientation&quot;:&quot;0&quot;}\" data-image-title=\"18 DiaNi\u00f1o\" data-image-description=\"\" data-image-caption=\"\" data-large-file=\"https:\/\/www.hoymercedes.com.ar\/principal\/wp-content\/uploads\/2019\/08\/18-DiaNi\u00f1o.jpeg\" src=\"https:\/\/www.hoymercedes.com.ar\/principal\/wp-content\/uploads\/2019\/08\/18-DiaNi\u00f1o.jpeg\" alt=\"\" class=\"wp-image-98525\" srcset=\"https:\/\/www.hoymercedes.com.ar\/principal\/wp-content\/uploads\/2019\/08\/18-DiaNi\u00f1o.jpeg 750w, https:\/\/www.hoymercedes.com.ar\/principal\/wp-content\/uploads\/2019\/08\/18-DiaNi\u00f1o-150x150.jpeg 150w, https:\/\/www.hoymercedes.com.ar\/principal\/wp-content\/uploads\/2019\/08\/18-DiaNi\u00f1o-620x620.jpeg 620w, https:\/\/www.hoymercedes.com.ar\/principal\/wp-content\/uploads\/2019\/08\/18-DiaNi\u00f1o-100x100.jpeg 100w\" sizes=\"auto, (max-width: 750px) 100vw, 750px\" \/><\/figure>\n","protected":false},"excerpt":{"rendered":"<p>El pr\u00f3ximo 25 de agosto, la Municipalidad de Mercedes har\u00e1 un festejo por el D\u00eda del Ni\u00f1o. Anticiparon que habr\u00e1 &#8230; <a title=\"Preparan festejos por el d\u00eda del ni\u00f1o para el 25 de agoso\" class=\"read-more\" href=\"https:\/\/www.hoymercedes.com.ar\/principal\/2019\/08\/18\/preparan-festejos-por-el-dia-del-nino-para-el-25-de-agoso\/\" aria-label=\"Leer m\u00e1s sobre Preparan festejos por el d\u00eda del ni\u00f1o para el 25 de agoso\">Leer m\u00e1s<\/a><\/p>\n","protected":false},"author":1,"featured_media":98525,"comment_status":"closed","ping_status":"open","sticky":false,"template":"","format":"standard","meta":{"_monsterinsights_skip_tracking":false,"_monsterinsights_sitenote_active":false,"_monsterinsights_sitenote_note":"","_monsterinsights_sitenote_category":0,"jetpack_post_was_ever_published":false,"_jetpack_newsletter_access":"","_jetpack_dont_email_post_to_subs":false,"_jetpack_newsletter_tier_id":0,"_jetpack_memberships_contains_paywalled_content":false,"_jetpack_memberships_contains_paid_content":false,"footnotes":"","jetpack_publicize_message":"","jetpack_publicize_feature_enabled":true,"jetpack_social_post_already_shared":true,"jetpack_social_options":{"image_generator_settings":{"template":"highway","default_image_id":0,"font":"","enabled":false},"version":2},"_wpas_customize_per_network":false},"categories":[30],"tags":[1174,244],"class_list":["post-98523","post","type-post","status-publish","format-standard","has-post-thumbnail","hentry","category-municipio","tag-dia-del-nino","tag-municipio-2","generate-columns","tablet-grid-50","mobile-grid-100","grid-parent","grid-50"],"jetpack_publicize_connections":[],"jetpack_featured_media_url":"https:\/\/www.hoymercedes.com.ar\/principal\/wp-content\/uploads\/2019\/08\/18-DiaNi\u00f1o.jpeg","wps_subtitle":"","jetpack_sharing_enabled":true,"_links":{"self":[{"href":"https:\/\/www.hoymercedes.com.ar\/principal\/wp-json\/wp\/v2\/posts\/98523","targetHints":{"allow":["GET"]}}],"collection":[{"href":"https:\/\/www.hoymercedes.com.ar\/principal\/wp-json\/wp\/v2\/posts"}],"about":[{"href":"https:\/\/www.hoymercedes.com.ar\/principal\/wp-json\/wp\/v2\/types\/post"}],"author":[{"embeddable":true,"href":"https:\/\/www.hoymercedes.com.ar\/principal\/wp-json\/wp\/v2\/users\/1"}],"replies":[{"embeddable":true,"href":"https:\/\/www.hoymercedes.com.ar\/principal\/wp-json\/wp\/v2\/comments?post=98523"}],"version-history":[{"count":0,"href":"https:\/\/www.hoymercedes.com.ar\/principal\/wp-json\/wp\/v2\/posts\/98523\/revisions"}],"wp:featuredmedia":[{"embeddable":true,"href":"https:\/\/www.hoymercedes.com.ar\/principal\/wp-json\/wp\/v2\/media\/98525"}],"wp:attachment":[{"href":"https:\/\/www.hoymercedes.com.ar\/principal\/wp-json\/wp\/v2\/media?parent=98523"}],"wp:term":[{"taxonomy":"category","embeddable":true,"href":"https:\/\/www.hoymercedes.com.ar\/principal\/wp-json\/wp\/v2\/categories?post=98523"},{"taxonomy":"post_tag","embeddable":true,"href":"https:\/\/www.hoymercedes.com.ar\/principal\/wp-json\/wp\/v2\/tags?post=98523"}],"curies":[{"name":"wp","href":"https:\/\/api.w.org\/{rel}","templated":true}]}}