{"id":9858,"date":"2011-12-15T12:20:19","date_gmt":"2011-12-15T12:20:19","guid":{"rendered":"http:\/\/www.hoymercedes.com.ar\/principal\/?p=9858"},"modified":"2011-12-15T11:35:04","modified_gmt":"2011-12-15T11:35:04","slug":"fmpv-no-estan-dadas-las-condiciones-para-tratar-el-presupuesto","status":"publish","type":"post","link":"https:\/\/www.hoymercedes.com.ar\/principal\/2011\/12\/15\/fmpv-no-estan-dadas-las-condiciones-para-tratar-el-presupuesto\/","title":{"rendered":"FMPV: no est\u00e1n dadas las condiciones para tratar el presupuesto"},"content":{"rendered":"<p><a href=\"https:\/\/www.hoymercedes.com.ar\/principal\/wp-content\/uploads\/2011\/12\/Lopez-Cirello.jpg\"><img loading=\"lazy\" decoding=\"async\" data-attachment-id=\"9866\" data-permalink=\"https:\/\/www.hoymercedes.com.ar\/principal\/2011\/12\/15\/fmpv-no-estan-dadas-las-condiciones-para-tratar-el-presupuesto\/lopez-cirello\/#main\" data-orig-file=\"https:\/\/www.hoymercedes.com.ar\/principal\/wp-content\/uploads\/2011\/12\/Lopez-Cirello.jpg\" data-orig-size=\"612,459\" data-comments-opened=\"1\" data-image-meta=\"{&quot;aperture&quot;:&quot;2.8&quot;,&quot;credit&quot;:&quot;&quot;,&quot;camera&quot;:&quot;COOLPIX L10&quot;,&quot;caption&quot;:&quot;&quot;,&quot;created_timestamp&quot;:&quot;1323677564&quot;,&quot;copyright&quot;:&quot;Copyright 2006&quot;,&quot;focal_length&quot;:&quot;6.2&quot;,&quot;iso&quot;:&quot;100&quot;,&quot;shutter_speed&quot;:&quot;0.033333333333333&quot;,&quot;title&quot;:&quot;&quot;}\" data-image-title=\"Lopez-Cirello\" data-image-description=\"\" data-image-caption=\"\" data-large-file=\"https:\/\/www.hoymercedes.com.ar\/principal\/wp-content\/uploads\/2011\/12\/Lopez-Cirello.jpg\" class=\"aligncenter size-full wp-image-9866\" title=\"Lopez-Cirello\" src=\"https:\/\/www.hoymercedes.com.ar\/principal\/wp-content\/uploads\/2011\/12\/Lopez-Cirello.jpg\" alt=\"\" width=\"612\" height=\"459\" \/><\/a><\/p>\n<p>La expresi\u00f3n corresponde la Dr. Juan Pablo L\u00f3pez presidente del bloque de concejales del FMPV quien agreg\u00f3 \u201cmis tres compa\u00f1eros que son nuevo tiene tan solo tres d\u00edas h\u00e1biles como ediles\u201d.<\/p>\n<p>Durante casi toda la ma\u00f1ana de ayer trabajaron en el bloque que se les asign\u00f3 ediles del Frente Mercedino en el estudio del proyecto de ordenanza para el presupuesto 2012 que como se informara ser\u00e1 tratado hoy a partir de las 9.00<\/p>\n<p>El concejal Juan Pablo L\u00f3pez sostuvo \u201ces evidente que en nuestro caso de ninguna manera podemos efectuar alg\u00fan adelanto acerca de nuestra posici\u00f3n porque como lo pueden ver seguimos trabajando de manera muy intensa en el estudio de la propuesta presentada.<\/p>\n<p>Lo que si puedo decir con total seguridad es que el tiempo de trabajo que se nos ha otorgado para poder realizar todos los estudios como corresponde no es el optimo teniendo en cuenta que el proyecto fue presentado en tiempo de prorroga 25 dias despu\u00e9s de lo que establecen las reglamentaciones vigentes y que el oficialismo quiere darle una sanci\u00f3n lo antes posible, entonces si tenemos en cuenta que reci\u00e9n se van a cumplir tres d\u00edas h\u00e1biles desde que juraron los ediles que se incorporaron mucho no s lo que se ha podido hacer, de cualquier manera seguimos trabajando aun sabiendo que no vamos a llegar, pero nuestra obligaci\u00f3n es hacer el esfuerzo hasta el \u00faltimo de los momentos.<\/p>\n<p>Es verdad que las prorrogas est\u00e1n contempladas en las disposiciones vigentes en caso que el ejecutivo no pueda llegar a tiempo y tambi\u00e9n es verdad que este a\u00f1o tuvimos un muy fuerte proceso electoral que seguramente hiso que se le debiera aportar m\u00e1s trabajo que el habitual por eso no es tanto estar en contra del momento en que se lo presento, pero si muy bien se pudo haber dispuesto desde el oficialismo una d\u00edas m\u00e1s para que todos nosotros, me refiero a todos los bloques. Estemos en condiciones de sentarnos para probar como corresponde nada menos que la utilizaci\u00f3n de los dineros de la poblaci\u00f3n, tranquilamente pudimos haber esperado una semana m\u00e1s y estar reuni\u00e9ndonos jueves o viernes de la semana pr\u00f3xima y as\u00ed poder conocer bien el objetivo y la direcci\u00f3n de este presupuesto y no solo lo que ahora conocemos que es simplemente la fr\u00eda colocaci\u00f3n sobre una hoja de fr\u00edos n\u00fameros.<\/p>\n<p>Por todo esto junto con el resto de mis compa\u00f1eros de bloques, entiendo que no est\u00e1n dadas las condiciones necesarias para sentarnos en u sesi\u00f3n a discutir como ser\u00e1 el presupuesto y luego el contenido del proyecto de ordenanza Impositiva para el 2012.<\/p>\n<p>El a\u00f1o pasado por ejemplo nos reunimos con absolutamente todos los funcionarios, este a\u00f1o n solo pudimos hacerlo hoy (por ayer) con el Secretario de Econom\u00eda por lo tanto no tenemos todas las informaciones precisas que hubi\u00e9semos necesitado para analizar lo que gastaremos el a\u00f1o pr\u00f3ximo y esto ocurre porque el bloque mayoritario cuenta con el numero suficiente para reunir la firmas necesarias y de esa manera convocar a la Extraordinaria que se llevar\u00e1 a cabo\u201d<\/p>\n<p>Por \u00faltimo el Dr. Juan Pablo L\u00f3pez reitero \u201cas\u00ed como de pronto los concejales tenemos la voluntad de otorgar una prorroga para que desde el Departamento Ejecutivo se pueda elaborar un presupuesto adecuado a las verdaderas necesidades que existen en la ciudad, tambi\u00e9n ser\u00eda muy bueno que al momento de tratarlo no seamos un mero ap\u00e9ndice de lo que es la gesti\u00f3n de gobierno sino porque se nos permita hacer un trabajo verdaderamente a conciencia utilizando toda la informaci\u00f3n que se pueda disponer apara llegar a tener resultados muy beneficiosos para toda la comunidad.<\/p>\n<p>No me gusta poner fechas, pero si digo que la voluntad de trabajo de quienes ahora integramos este nuevo bloque en el sentido de ponernos a trabajar con todas nuestras fuerzas en estos temas los d\u00edas que hubiesen sido necesarios estaba muy bien dispuesta sin ning\u00fan tipo de especulaciones pero esta urgencia que tiene el Ejecutivo no nos permite hacerlo\u201d.<\/p>\n","protected":false},"excerpt":{"rendered":"<p>La expresi\u00f3n corresponde la Dr. Juan Pablo L\u00f3pez presidente del bloque de concejales del FMPV quien agreg\u00f3 \u201cmis tres compa\u00f1eros &#8230; <a title=\"FMPV: no est\u00e1n dadas las condiciones para tratar el presupuesto\" class=\"read-more\" href=\"https:\/\/www.hoymercedes.com.ar\/principal\/2011\/12\/15\/fmpv-no-estan-dadas-las-condiciones-para-tratar-el-presupuesto\/\" aria-label=\"Leer m\u00e1s sobre FMPV: no est\u00e1n dadas las condiciones para tratar el presupuesto\">Leer m\u00e1s<\/a><\/p>\n","protected":false},"author":1,"featured_media":0,"comment_status":"open","ping_status":"open","sticky":false,"template":"","format":"standard","meta":{"_monsterinsights_skip_tracking":false,"_monsterinsights_sitenote_active":false,"_monsterinsights_sitenote_note":"","_monsterinsights_sitenote_category":0,"jetpack_post_was_ever_published":false,"_jetpack_newsletter_access":"","_jetpack_dont_email_post_to_subs":false,"_jetpack_newsletter_tier_id":0,"_jetpack_memberships_contains_paywalled_content":false,"_jetpack_memberships_contains_paid_content":false,"footnotes":"","jetpack_publicize_message":"","jetpack_publicize_feature_enabled":true,"jetpack_social_post_already_shared":false,"jetpack_social_options":{"image_generator_settings":{"template":"highway","default_image_id":0,"font":"","enabled":false},"version":2},"_wpas_customize_per_network":false},"categories":[5],"tags":[1723],"class_list":["post-9858","post","type-post","status-publish","format-standard","hentry","category-politica","tag-fmpv-no-estan-dadas-las-condiciones-para-tratar-el-presupuesto","generate-columns","tablet-grid-50","mobile-grid-100","grid-parent","grid-50"],"jetpack_publicize_connections":[],"jetpack_featured_media_url":"","wps_subtitle":"","jetpack_sharing_enabled":true,"_links":{"self":[{"href":"https:\/\/www.hoymercedes.com.ar\/principal\/wp-json\/wp\/v2\/posts\/9858","targetHints":{"allow":["GET"]}}],"collection":[{"href":"https:\/\/www.hoymercedes.com.ar\/principal\/wp-json\/wp\/v2\/posts"}],"about":[{"href":"https:\/\/www.hoymercedes.com.ar\/principal\/wp-json\/wp\/v2\/types\/post"}],"author":[{"embeddable":true,"href":"https:\/\/www.hoymercedes.com.ar\/principal\/wp-json\/wp\/v2\/users\/1"}],"replies":[{"embeddable":true,"href":"https:\/\/www.hoymercedes.com.ar\/principal\/wp-json\/wp\/v2\/comments?post=9858"}],"version-history":[{"count":0,"href":"https:\/\/www.hoymercedes.com.ar\/principal\/wp-json\/wp\/v2\/posts\/9858\/revisions"}],"wp:attachment":[{"href":"https:\/\/www.hoymercedes.com.ar\/principal\/wp-json\/wp\/v2\/media?parent=9858"}],"wp:term":[{"taxonomy":"category","embeddable":true,"href":"https:\/\/www.hoymercedes.com.ar\/principal\/wp-json\/wp\/v2\/categories?post=9858"},{"taxonomy":"post_tag","embeddable":true,"href":"https:\/\/www.hoymercedes.com.ar\/principal\/wp-json\/wp\/v2\/tags?post=9858"}],"curies":[{"name":"wp","href":"https:\/\/api.w.org\/{rel}","templated":true}]}}