{"id":98625,"date":"2019-08-20T20:54:47","date_gmt":"2019-08-20T23:54:47","guid":{"rendered":"http:\/\/www.hoymercedes.com.ar\/principal\/?p=98625"},"modified":"2019-08-20T20:56:20","modified_gmt":"2019-08-20T23:56:20","slug":"incendio-destruyo-totalmente-casa-en-calle-20","status":"publish","type":"post","link":"https:\/\/www.hoymercedes.com.ar\/principal\/2019\/08\/20\/incendio-destruyo-totalmente-casa-en-calle-20\/","title":{"rendered":"Incendio destruy\u00f3 totalmente casa en calle 20"},"content":{"rendered":"\n<p><em>En una vivienda de calle 20, entre 1 y 3, el fuego se inici\u00f3 pasadas la hora 17 del d\u00eda martes. Una pareja con tres ni\u00f1os peque\u00f1os viv\u00edan en la casa que en momentos del incendio no se encontraban. Tres dotaciones de bomberos trabajaron para extinguirlo. <\/em><\/p>\n\n\n\n<figure class=\"wp-block-image\"><img loading=\"lazy\" decoding=\"async\" width=\"800\" height=\"600\" data-attachment-id=\"98628\" data-permalink=\"https:\/\/www.hoymercedes.com.ar\/principal\/2019\/08\/20\/incendio-destruyo-totalmente-casa-en-calle-20\/incendio-casa20-2\/#main\" data-orig-file=\"https:\/\/www.hoymercedes.com.ar\/principal\/wp-content\/uploads\/2019\/08\/incendio-casa20-2.jpg\" data-orig-size=\"800,600\" data-comments-opened=\"0\" data-image-meta=\"{&quot;aperture&quot;:&quot;0&quot;,&quot;credit&quot;:&quot;&quot;,&quot;camera&quot;:&quot;&quot;,&quot;caption&quot;:&quot;&quot;,&quot;created_timestamp&quot;:&quot;0&quot;,&quot;copyright&quot;:&quot;&quot;,&quot;focal_length&quot;:&quot;0&quot;,&quot;iso&quot;:&quot;0&quot;,&quot;shutter_speed&quot;:&quot;0&quot;,&quot;title&quot;:&quot;&quot;,&quot;orientation&quot;:&quot;0&quot;}\" data-image-title=\"incendio casa20 2\" data-image-description=\"\" data-image-caption=\"\" data-large-file=\"https:\/\/www.hoymercedes.com.ar\/principal\/wp-content\/uploads\/2019\/08\/incendio-casa20-2.jpg\" src=\"https:\/\/www.hoymercedes.com.ar\/principal\/wp-content\/uploads\/2019\/08\/incendio-casa20-2.jpg\" alt=\"\" class=\"wp-image-98628\" srcset=\"https:\/\/www.hoymercedes.com.ar\/principal\/wp-content\/uploads\/2019\/08\/incendio-casa20-2.jpg 800w, https:\/\/www.hoymercedes.com.ar\/principal\/wp-content\/uploads\/2019\/08\/incendio-casa20-2-150x113.jpg 150w, https:\/\/www.hoymercedes.com.ar\/principal\/wp-content\/uploads\/2019\/08\/incendio-casa20-2-630x473.jpg 630w, https:\/\/www.hoymercedes.com.ar\/principal\/wp-content\/uploads\/2019\/08\/incendio-casa20-2-320x240.jpg 320w, https:\/\/www.hoymercedes.com.ar\/principal\/wp-content\/uploads\/2019\/08\/incendio-casa20-2-100x75.jpg 100w\" sizes=\"auto, (max-width: 800px) 100vw, 800px\" \/><\/figure>\n\n\n\n<p>Promediando\nla tarde del martes, una casa de la calle 20 entre 1 y 3 se vio destruida por\nel incendio que destruy\u00f3 la precaria vivienda de cocina, ba\u00f1o, living y\nhabitaci\u00f3n donde viv\u00eda una pareja con tres ni\u00f1os. El fuego destruy\u00f3 la\nconstrucci\u00f3n premoldeada. <\/p>\n\n\n\n<p>Tres dotaciones de Bomberos Voluntarios trabajaron en el servicio para sofocar las llamas que provocaron la destrucci\u00f3n total de la casa. El oficial Alejandro Massa inform\u00f3 que no debieron lamentar v\u00edctimas ya que los ocupantes no estaban en el momento del incendio. \u201cEs un matrimonio con tres chicos, pero no se encontraba ninguno dentro del domicilio\u201d, expres\u00f3 el Bombero pese a que los vecinos del barrio aseguraban que los ni\u00f1os estaban adentro en el momento del fuego. <\/p>\n\n\n\n<figure class=\"wp-block-image\"><img loading=\"lazy\" decoding=\"async\" width=\"800\" height=\"533\" data-attachment-id=\"98627\" data-permalink=\"https:\/\/www.hoymercedes.com.ar\/principal\/2019\/08\/20\/incendio-destruyo-totalmente-casa-en-calle-20\/incendio-casa20-4\/#main\" data-orig-file=\"https:\/\/www.hoymercedes.com.ar\/principal\/wp-content\/uploads\/2019\/08\/incendio-casa20-4.jpg\" data-orig-size=\"800,533\" data-comments-opened=\"0\" data-image-meta=\"{&quot;aperture&quot;:&quot;0&quot;,&quot;credit&quot;:&quot;&quot;,&quot;camera&quot;:&quot;&quot;,&quot;caption&quot;:&quot;&quot;,&quot;created_timestamp&quot;:&quot;0&quot;,&quot;copyright&quot;:&quot;&quot;,&quot;focal_length&quot;:&quot;0&quot;,&quot;iso&quot;:&quot;0&quot;,&quot;shutter_speed&quot;:&quot;0&quot;,&quot;title&quot;:&quot;&quot;,&quot;orientation&quot;:&quot;0&quot;}\" data-image-title=\"incendio casa20 4\" data-image-description=\"\" data-image-caption=\"\" data-large-file=\"https:\/\/www.hoymercedes.com.ar\/principal\/wp-content\/uploads\/2019\/08\/incendio-casa20-4.jpg\" src=\"https:\/\/www.hoymercedes.com.ar\/principal\/wp-content\/uploads\/2019\/08\/incendio-casa20-4.jpg\" alt=\"\" class=\"wp-image-98627\" srcset=\"https:\/\/www.hoymercedes.com.ar\/principal\/wp-content\/uploads\/2019\/08\/incendio-casa20-4.jpg 800w, https:\/\/www.hoymercedes.com.ar\/principal\/wp-content\/uploads\/2019\/08\/incendio-casa20-4-150x100.jpg 150w, https:\/\/www.hoymercedes.com.ar\/principal\/wp-content\/uploads\/2019\/08\/incendio-casa20-4-630x420.jpg 630w, https:\/\/www.hoymercedes.com.ar\/principal\/wp-content\/uploads\/2019\/08\/incendio-casa20-4-720x480.jpg 720w, https:\/\/www.hoymercedes.com.ar\/principal\/wp-content\/uploads\/2019\/08\/incendio-casa20-4-360x240.jpg 360w\" sizes=\"auto, (max-width: 800px) 100vw, 800px\" \/><\/figure>\n\n\n\n<p>\u201cS\u00ed, las p\u00e9rdidas fueron totales. No tenemos certezas de qu\u00e9 ocasion\u00f3 el incendio. Por lo que observamos, la instalaci\u00f3n el\u00e9ctrica era muy precaria. Preguntamos si ten\u00edan algo prendido, algo enchufado o alg\u00fan tipo de calefacci\u00f3n, pero el se\u00f1or no estaba en condiciones de respondernos. La vivienda era pre moldeada con la parte interna de madera y placas de fibrocemento. Los techos eran de machimbre de maderas, m\u00e1s las cosas de adentro de una casa que, al ser peque\u00f1a, ayud\u00f3 a la combusti\u00f3n\u201d, explic\u00f3 Massa. <\/p>\n\n\n\n<figure class=\"wp-block-image\"><img loading=\"lazy\" decoding=\"async\" width=\"718\" height=\"478\" data-attachment-id=\"98629\" data-permalink=\"https:\/\/www.hoymercedes.com.ar\/principal\/2019\/08\/20\/incendio-destruyo-totalmente-casa-en-calle-20\/incendio-casa20-1\/#main\" data-orig-file=\"https:\/\/www.hoymercedes.com.ar\/principal\/wp-content\/uploads\/2019\/08\/incendio-casa20-1.jpg\" data-orig-size=\"718,478\" data-comments-opened=\"0\" data-image-meta=\"{&quot;aperture&quot;:&quot;0&quot;,&quot;credit&quot;:&quot;&quot;,&quot;camera&quot;:&quot;&quot;,&quot;caption&quot;:&quot;&quot;,&quot;created_timestamp&quot;:&quot;0&quot;,&quot;copyright&quot;:&quot;&quot;,&quot;focal_length&quot;:&quot;0&quot;,&quot;iso&quot;:&quot;0&quot;,&quot;shutter_speed&quot;:&quot;0&quot;,&quot;title&quot;:&quot;&quot;,&quot;orientation&quot;:&quot;0&quot;}\" data-image-title=\"incendio casa20 1\" data-image-description=\"\" data-image-caption=\"\" data-large-file=\"https:\/\/www.hoymercedes.com.ar\/principal\/wp-content\/uploads\/2019\/08\/incendio-casa20-1.jpg\" src=\"https:\/\/www.hoymercedes.com.ar\/principal\/wp-content\/uploads\/2019\/08\/incendio-casa20-1.jpg\" alt=\"\" class=\"wp-image-98629\" srcset=\"https:\/\/www.hoymercedes.com.ar\/principal\/wp-content\/uploads\/2019\/08\/incendio-casa20-1.jpg 718w, https:\/\/www.hoymercedes.com.ar\/principal\/wp-content\/uploads\/2019\/08\/incendio-casa20-1-150x100.jpg 150w, https:\/\/www.hoymercedes.com.ar\/principal\/wp-content\/uploads\/2019\/08\/incendio-casa20-1-630x419.jpg 630w, https:\/\/www.hoymercedes.com.ar\/principal\/wp-content\/uploads\/2019\/08\/incendio-casa20-1-360x240.jpg 360w\" sizes=\"auto, (max-width: 718px) 100vw, 718px\" \/><\/figure>\n\n\n\n<p>Con la\nintervenci\u00f3n de tres dotaciones de Bomberos Voluntarios, el fuego fue\nextinguido sin afectar a las viviendas linderas. <\/p>\n\n\n\n<p>El siniestro tuvo la asistencia de SAME, Polic\u00eda y Protecci\u00f3n Civil que cort\u00f3 la circulaci\u00f3n de veh\u00edculos por la zona y atendi\u00f3 a una mujer que se encontraba en estado de shock emocional controlando su salud en las horas siguientes. Asimismo, la familia fue asistida por el \u00e1rea de Desarrollo Social ya que las p\u00e9rdidas fueron totales. Se les proporcion\u00f3 colchones y frazadas para acomodarse en la casa de un familiar. <\/p>\n\n\n\n<figure class=\"wp-block-image\"><img loading=\"lazy\" decoding=\"async\" width=\"778\" height=\"518\" data-attachment-id=\"98626\" data-permalink=\"https:\/\/www.hoymercedes.com.ar\/principal\/2019\/08\/20\/incendio-destruyo-totalmente-casa-en-calle-20\/incendio-casa20-5\/#main\" data-orig-file=\"https:\/\/www.hoymercedes.com.ar\/principal\/wp-content\/uploads\/2019\/08\/incendio-casa20-5.jpg\" data-orig-size=\"778,518\" data-comments-opened=\"0\" data-image-meta=\"{&quot;aperture&quot;:&quot;0&quot;,&quot;credit&quot;:&quot;&quot;,&quot;camera&quot;:&quot;&quot;,&quot;caption&quot;:&quot;&quot;,&quot;created_timestamp&quot;:&quot;0&quot;,&quot;copyright&quot;:&quot;&quot;,&quot;focal_length&quot;:&quot;0&quot;,&quot;iso&quot;:&quot;0&quot;,&quot;shutter_speed&quot;:&quot;0&quot;,&quot;title&quot;:&quot;&quot;,&quot;orientation&quot;:&quot;0&quot;}\" data-image-title=\"incendio casa20 5\" data-image-description=\"\" data-image-caption=\"\" data-large-file=\"https:\/\/www.hoymercedes.com.ar\/principal\/wp-content\/uploads\/2019\/08\/incendio-casa20-5.jpg\" src=\"https:\/\/www.hoymercedes.com.ar\/principal\/wp-content\/uploads\/2019\/08\/incendio-casa20-5.jpg\" alt=\"\" class=\"wp-image-98626\" srcset=\"https:\/\/www.hoymercedes.com.ar\/principal\/wp-content\/uploads\/2019\/08\/incendio-casa20-5.jpg 778w, https:\/\/www.hoymercedes.com.ar\/principal\/wp-content\/uploads\/2019\/08\/incendio-casa20-5-150x100.jpg 150w, https:\/\/www.hoymercedes.com.ar\/principal\/wp-content\/uploads\/2019\/08\/incendio-casa20-5-630x419.jpg 630w, https:\/\/www.hoymercedes.com.ar\/principal\/wp-content\/uploads\/2019\/08\/incendio-casa20-5-720x480.jpg 720w, https:\/\/www.hoymercedes.com.ar\/principal\/wp-content\/uploads\/2019\/08\/incendio-casa20-5-360x240.jpg 360w\" sizes=\"auto, (max-width: 778px) 100vw, 778px\" \/><\/figure>\n","protected":false},"excerpt":{"rendered":"<p>En una vivienda de calle 20, entre 1 y 3, el fuego se inici\u00f3 pasadas la hora 17 del d\u00eda &#8230; <a title=\"Incendio destruy\u00f3 totalmente casa en calle 20\" class=\"read-more\" href=\"https:\/\/www.hoymercedes.com.ar\/principal\/2019\/08\/20\/incendio-destruyo-totalmente-casa-en-calle-20\/\" aria-label=\"Leer m\u00e1s sobre Incendio destruy\u00f3 totalmente casa en calle 20\">Leer m\u00e1s<\/a><\/p>\n","protected":false},"author":1,"featured_media":98629,"comment_status":"closed","ping_status":"open","sticky":false,"template":"","format":"standard","meta":{"_monsterinsights_skip_tracking":false,"_monsterinsights_sitenote_active":false,"_monsterinsights_sitenote_note":"","_monsterinsights_sitenote_category":0,"jetpack_post_was_ever_published":false,"_jetpack_newsletter_access":"","_jetpack_dont_email_post_to_subs":false,"_jetpack_newsletter_tier_id":0,"_jetpack_memberships_contains_paywalled_content":false,"_jetpack_memberships_contains_paid_content":false,"footnotes":"","jetpack_publicize_message":"","jetpack_publicize_feature_enabled":true,"jetpack_social_post_already_shared":true,"jetpack_social_options":{"image_generator_settings":{"template":"highway","default_image_id":0,"font":"","enabled":false},"version":2},"_wpas_customize_per_network":false},"categories":[85],"tags":[865,286,96],"class_list":["post-98625","post","type-post","status-publish","format-standard","has-post-thumbnail","hentry","category-policial","tag-bomberos-voluntarios","tag-incendio","tag-policial-2","generate-columns","tablet-grid-50","mobile-grid-100","grid-parent","grid-50"],"jetpack_publicize_connections":[],"jetpack_featured_media_url":"https:\/\/www.hoymercedes.com.ar\/principal\/wp-content\/uploads\/2019\/08\/incendio-casa20-1.jpg","wps_subtitle":"Durante la tarde del martes","jetpack_sharing_enabled":true,"_links":{"self":[{"href":"https:\/\/www.hoymercedes.com.ar\/principal\/wp-json\/wp\/v2\/posts\/98625","targetHints":{"allow":["GET"]}}],"collection":[{"href":"https:\/\/www.hoymercedes.com.ar\/principal\/wp-json\/wp\/v2\/posts"}],"about":[{"href":"https:\/\/www.hoymercedes.com.ar\/principal\/wp-json\/wp\/v2\/types\/post"}],"author":[{"embeddable":true,"href":"https:\/\/www.hoymercedes.com.ar\/principal\/wp-json\/wp\/v2\/users\/1"}],"replies":[{"embeddable":true,"href":"https:\/\/www.hoymercedes.com.ar\/principal\/wp-json\/wp\/v2\/comments?post=98625"}],"version-history":[{"count":0,"href":"https:\/\/www.hoymercedes.com.ar\/principal\/wp-json\/wp\/v2\/posts\/98625\/revisions"}],"wp:featuredmedia":[{"embeddable":true,"href":"https:\/\/www.hoymercedes.com.ar\/principal\/wp-json\/wp\/v2\/media\/98629"}],"wp:attachment":[{"href":"https:\/\/www.hoymercedes.com.ar\/principal\/wp-json\/wp\/v2\/media?parent=98625"}],"wp:term":[{"taxonomy":"category","embeddable":true,"href":"https:\/\/www.hoymercedes.com.ar\/principal\/wp-json\/wp\/v2\/categories?post=98625"},{"taxonomy":"post_tag","embeddable":true,"href":"https:\/\/www.hoymercedes.com.ar\/principal\/wp-json\/wp\/v2\/tags?post=98625"}],"curies":[{"name":"wp","href":"https:\/\/api.w.org\/{rel}","templated":true}]}}