{"id":98699,"date":"2019-08-21T22:56:14","date_gmt":"2019-08-22T01:56:14","guid":{"rendered":"http:\/\/www.hoymercedes.com.ar\/principal\/?p=98699"},"modified":"2019-08-22T17:04:27","modified_gmt":"2019-08-22T20:04:27","slug":"comenzaron-las-reuniones-para-una-primavera-segura","status":"publish","type":"post","link":"https:\/\/www.hoymercedes.com.ar\/principal\/2019\/08\/21\/comenzaron-las-reuniones-para-una-primavera-segura\/","title":{"rendered":"Comenzaron las reuniones para una Primavera Segura"},"content":{"rendered":"\n<p>Buscando que la jornada del 21 de septiembre se desarrolle de la mejor manera, desde el Municipio de Mercedes se comenz\u00f3 a trabajar junto a padres, alumnos, profesores y directivos en la diagramaci\u00f3n de los festejos del d\u00eda del estudiante.\u00a0<\/p>\n\n\n\n<figure class=\"wp-block-image\"><img loading=\"lazy\" decoding=\"async\" width=\"750\" height=\"417\" data-attachment-id=\"98700\" data-permalink=\"https:\/\/www.hoymercedes.com.ar\/principal\/2019\/08\/21\/comenzaron-las-reuniones-para-una-primavera-segura\/21-muni-primavera\/#main\" data-orig-file=\"https:\/\/www.hoymercedes.com.ar\/principal\/wp-content\/uploads\/2019\/08\/21-muni-primavera.jpg\" data-orig-size=\"750,417\" data-comments-opened=\"0\" data-image-meta=\"{&quot;aperture&quot;:&quot;0&quot;,&quot;credit&quot;:&quot;&quot;,&quot;camera&quot;:&quot;&quot;,&quot;caption&quot;:&quot;&quot;,&quot;created_timestamp&quot;:&quot;0&quot;,&quot;copyright&quot;:&quot;&quot;,&quot;focal_length&quot;:&quot;0&quot;,&quot;iso&quot;:&quot;0&quot;,&quot;shutter_speed&quot;:&quot;0&quot;,&quot;title&quot;:&quot;&quot;,&quot;orientation&quot;:&quot;0&quot;}\" data-image-title=\"21 muni primavera\" data-image-description=\"\" data-image-caption=\"\" data-large-file=\"https:\/\/www.hoymercedes.com.ar\/principal\/wp-content\/uploads\/2019\/08\/21-muni-primavera.jpg\" src=\"https:\/\/www.hoymercedes.com.ar\/principal\/wp-content\/uploads\/2019\/08\/21-muni-primavera.jpg\" alt=\"\" class=\"wp-image-98700\" srcset=\"https:\/\/www.hoymercedes.com.ar\/principal\/wp-content\/uploads\/2019\/08\/21-muni-primavera.jpg 750w, https:\/\/www.hoymercedes.com.ar\/principal\/wp-content\/uploads\/2019\/08\/21-muni-primavera-150x83.jpg 150w, https:\/\/www.hoymercedes.com.ar\/principal\/wp-content\/uploads\/2019\/08\/21-muni-primavera-630x350.jpg 630w\" sizes=\"auto, (max-width: 750px) 100vw, 750px\" \/><\/figure>\n\n\n\n<p>Es as\u00ed como se realiz\u00f3 un primer encuentro en el palacio municipal donde particip\u00f3 el intendente Juan Ignacio Ustarroz junto a la Secretaria de Seguridad, Josefina Kelly, la coordinadora de Juventud, Eugenia C\u00f3dega, el consejero escolar Jos\u00e9 Pisano y directivos y representantes de las instituciones.<\/p>\n\n\n\n<p>\u201cNos parece muy importante poder Trabajar articuladamente con las distintas \u00e1reas ya que consideramos que este debe ser un trabajo interdisciplinario\u201d remarc\u00f3 el intendente Ustarroz al ser consultado.&nbsp;&nbsp;Tambi\u00e9n coment\u00f3 que \u201cesto se desenvuelve de la mejor manera gracias a las instituciones, su compromiso, nosotros lo que hacemos es darle marco y organizaci\u00f3n, teniendo dispositivos al servicio de los mercedinos\u201d sin olvidar que \u201ca\u00f1os anteriores se ha trabajado muy bien, apuntamos seguir unidos en esa direcci\u00f3n\u201d destac\u00f3 el jefe comunal.<\/p>\n\n\n\n<p>Al respecto, tambi\u00e9n la secretaria de seguridad, Josefina Kelly, coment\u00f3 que \u201carrancamos con la primera ronda de reuniones, nos juntamos con los directivos de varias instituciones, la cual fue muy positiva, intercambiamos experiencias\u201d y agreg\u00f3 \u201ctodos ten\u00edamos una misma mirada de la situaci\u00f3n y la idea es poder profundizarla, trabajar y articular con las instituciones los festejos de ese d\u00eda, que m\u00e1s all\u00e1 que no se realicen dentro de las mismas, los chicos se ven identificados con estas\u201d.<\/p>\n\n\n\n<p>\u201cA esta reuni\u00f3n le vamos a sumar una con los padres, madres y alumnos, la cual est\u00e1 abierta no solamente a los \u00faltimos a\u00f1os sino a todos aquellos que participen del festejo ese d\u00eda\u201d indic\u00f3 Kelly.&nbsp;&nbsp;<\/p>\n\n\n\n<p>Asimismo, la Secretaria de Seguridad manifest\u00f3 \u201ceste trabajo se viene haciendo hace muchos a\u00f1os en Mercedes, donde nosotros centralizamos en la contenci\u00f3n y acompa\u00f1amiento de los j\u00f3venes\u201d y agreg\u00f3 \u201cconsideramos que desde el \u00e1rea de juventud se ha podido crear una relaci\u00f3n muy buena y sana con los j\u00f3venes de la ciudad que permite que el di\u00e1logo sea mucho m\u00e1s franco y podamos trabajar en post de que este d\u00eda sea un festejo\u201d.<\/p>\n\n\n\n<p>Fuente: Prensa Municipal<\/p>\n","protected":false},"excerpt":{"rendered":"<p>Buscando que la jornada del 21 de septiembre se desarrolle de la mejor manera, desde el Municipio de Mercedes se &#8230; <a title=\"Comenzaron las reuniones para una Primavera Segura\" class=\"read-more\" href=\"https:\/\/www.hoymercedes.com.ar\/principal\/2019\/08\/21\/comenzaron-las-reuniones-para-una-primavera-segura\/\" aria-label=\"Leer m\u00e1s sobre Comenzaron las reuniones para una Primavera Segura\">Leer m\u00e1s<\/a><\/p>\n","protected":false},"author":1,"featured_media":98700,"comment_status":"closed","ping_status":"open","sticky":false,"template":"","format":"standard","meta":{"_monsterinsights_skip_tracking":false,"_monsterinsights_sitenote_active":false,"_monsterinsights_sitenote_note":"","_monsterinsights_sitenote_category":0,"jetpack_post_was_ever_published":false,"_jetpack_newsletter_access":"","_jetpack_dont_email_post_to_subs":false,"_jetpack_newsletter_tier_id":0,"_jetpack_memberships_contains_paywalled_content":false,"_jetpack_memberships_contains_paid_content":false,"footnotes":"","jetpack_publicize_message":"","jetpack_publicize_feature_enabled":true,"jetpack_social_post_already_shared":true,"jetpack_social_options":{"image_generator_settings":{"template":"highway","default_image_id":0,"font":"","enabled":false},"version":2},"_wpas_customize_per_network":false},"categories":[30],"tags":[244,11762,802],"class_list":["post-98699","post","type-post","status-publish","format-standard","has-post-thumbnail","hentry","category-municipio","tag-municipio-2","tag-primavera-segura","tag-seguridad","generate-columns","tablet-grid-50","mobile-grid-100","grid-parent","grid-50"],"jetpack_publicize_connections":[],"jetpack_featured_media_url":"https:\/\/www.hoymercedes.com.ar\/principal\/wp-content\/uploads\/2019\/08\/21-muni-primavera.jpg","wps_subtitle":"","jetpack_sharing_enabled":true,"_links":{"self":[{"href":"https:\/\/www.hoymercedes.com.ar\/principal\/wp-json\/wp\/v2\/posts\/98699","targetHints":{"allow":["GET"]}}],"collection":[{"href":"https:\/\/www.hoymercedes.com.ar\/principal\/wp-json\/wp\/v2\/posts"}],"about":[{"href":"https:\/\/www.hoymercedes.com.ar\/principal\/wp-json\/wp\/v2\/types\/post"}],"author":[{"embeddable":true,"href":"https:\/\/www.hoymercedes.com.ar\/principal\/wp-json\/wp\/v2\/users\/1"}],"replies":[{"embeddable":true,"href":"https:\/\/www.hoymercedes.com.ar\/principal\/wp-json\/wp\/v2\/comments?post=98699"}],"version-history":[{"count":0,"href":"https:\/\/www.hoymercedes.com.ar\/principal\/wp-json\/wp\/v2\/posts\/98699\/revisions"}],"wp:featuredmedia":[{"embeddable":true,"href":"https:\/\/www.hoymercedes.com.ar\/principal\/wp-json\/wp\/v2\/media\/98700"}],"wp:attachment":[{"href":"https:\/\/www.hoymercedes.com.ar\/principal\/wp-json\/wp\/v2\/media?parent=98699"}],"wp:term":[{"taxonomy":"category","embeddable":true,"href":"https:\/\/www.hoymercedes.com.ar\/principal\/wp-json\/wp\/v2\/categories?post=98699"},{"taxonomy":"post_tag","embeddable":true,"href":"https:\/\/www.hoymercedes.com.ar\/principal\/wp-json\/wp\/v2\/tags?post=98699"}],"curies":[{"name":"wp","href":"https:\/\/api.w.org\/{rel}","templated":true}]}}