{"id":98822,"date":"2019-08-24T11:51:31","date_gmt":"2019-08-24T14:51:31","guid":{"rendered":"http:\/\/www.hoymercedes.com.ar\/principal\/?p=98822"},"modified":"2019-08-24T12:35:03","modified_gmt":"2019-08-24T15:35:03","slug":"continua-el-programa-mercedes-sonrie","status":"publish","type":"post","link":"https:\/\/www.hoymercedes.com.ar\/principal\/2019\/08\/24\/continua-el-programa-mercedes-sonrie\/","title":{"rendered":"Contin\u00faa el programa Mercedes Sonr\u00ede"},"content":{"rendered":"\n<p>El programa \u201cMercedes Sonr\u00ede\u201d contin\u00faa brindando un servicio fundamental a vecinos de mercedes. Esta semana se instalaron 12 nuevas pr\u00f3tesis de manera gratuita a vecinos de la ciudad obteniendo la deseada alta m\u00e9dica. \u201cQuiero felicitar a todo este gran equipo que desde el primer d\u00eda han demostrado mucho compromiso y trabajo en beneficio de nuestra gente\u201d expres\u00f3 el intendente Juan Ignacio Ustarroz.<\/p>\n\n\n\n<figure class=\"wp-block-image\"><img loading=\"lazy\" decoding=\"async\" width=\"800\" height=\"533\" data-attachment-id=\"98824\" data-permalink=\"https:\/\/www.hoymercedes.com.ar\/principal\/2019\/08\/24\/continua-el-programa-mercedes-sonrie\/24-mercedessonrie\/#main\" data-orig-file=\"https:\/\/www.hoymercedes.com.ar\/principal\/wp-content\/uploads\/2019\/08\/24-MercedesSonrie.jpg\" data-orig-size=\"800,533\" data-comments-opened=\"0\" data-image-meta=\"{&quot;aperture&quot;:&quot;0&quot;,&quot;credit&quot;:&quot;&quot;,&quot;camera&quot;:&quot;&quot;,&quot;caption&quot;:&quot;&quot;,&quot;created_timestamp&quot;:&quot;0&quot;,&quot;copyright&quot;:&quot;&quot;,&quot;focal_length&quot;:&quot;0&quot;,&quot;iso&quot;:&quot;0&quot;,&quot;shutter_speed&quot;:&quot;0&quot;,&quot;title&quot;:&quot;&quot;,&quot;orientation&quot;:&quot;0&quot;}\" data-image-title=\"24 MercedesSonrie\" data-image-description=\"\" data-image-caption=\"\" data-large-file=\"https:\/\/www.hoymercedes.com.ar\/principal\/wp-content\/uploads\/2019\/08\/24-MercedesSonrie.jpg\" src=\"https:\/\/www.hoymercedes.com.ar\/principal\/wp-content\/uploads\/2019\/08\/24-MercedesSonrie.jpg\" alt=\"\" class=\"wp-image-98824\" srcset=\"https:\/\/www.hoymercedes.com.ar\/principal\/wp-content\/uploads\/2019\/08\/24-MercedesSonrie.jpg 800w, https:\/\/www.hoymercedes.com.ar\/principal\/wp-content\/uploads\/2019\/08\/24-MercedesSonrie-150x100.jpg 150w, https:\/\/www.hoymercedes.com.ar\/principal\/wp-content\/uploads\/2019\/08\/24-MercedesSonrie-630x420.jpg 630w, https:\/\/www.hoymercedes.com.ar\/principal\/wp-content\/uploads\/2019\/08\/24-MercedesSonrie-720x480.jpg 720w, https:\/\/www.hoymercedes.com.ar\/principal\/wp-content\/uploads\/2019\/08\/24-MercedesSonrie-360x240.jpg 360w\" sizes=\"auto, (max-width: 800px) 100vw, 800px\" \/><\/figure>\n\n\n\n<p>Ustarroz record\u00f3 \u201cen su momento el programa \u201cArgentina Sonr\u00ede\u201d se paraliz\u00f3, sin embargo producto de nuestro compromiso y la decisi\u00f3n pol\u00edtica de sostenerlo, no solamente hoy le estamos dando continuidad sino que pudimos desarrollar una pol\u00edtica p\u00fablica de salud bucal que no ten\u00eda la ciudad\u201d y a\u00f1adi\u00f3 \u201choy crece de mano del municipio y junto a la Facultad de Odontolog\u00eda de La Plata, sumado al gran grupo de trabajadores y trabajadoras, algo que la gente reconoce y valora mucho\u201d.<\/p>\n\n\n\n<p>\u201cLo m\u00e1s importante es la respuesta de los vecinos que valoran estos programas que funcionan bien, garantizan derechos y da respuesta a la gente\u201d subray\u00f3 el intendente Ustarroz.&nbsp;&nbsp;&nbsp;<\/p>\n\n\n\n<p>Pablo Cassiani, secretario de salud se\u00f1al\u00f3 \u201cmuy contento con todo el equipo al cual felicito por todo el empe\u00f1o y la pasi\u00f3n que ponen\u201d y agreg\u00f3 \u201ccuando arrancamos la gesti\u00f3n era impensado lograr todo lo que hemos conseguido\u201d y subray\u00f3 \u201cseremos uno de los dos municipios de los 135 que hay en la provincia de Buenos Aires que va a tener una residencia especialmente dise\u00f1ada, algo que nos pone muy orgullosos\u201d.<\/p>\n\n\n\n<p>La coordinadora del plan de salud bucal del municipio, Dra. Ver\u00f3nica Perigo, se\u00f1al\u00f3 \u201cestuvimos instalando pr\u00f3tesis nuevas a vecinos de mercedes quienes se van felices ante la respuesta que se le brinda y que claramente les mejora la vida\u201d sin olvidar que \u201ctenemos un equipo maravilloso, que nos llena de orgullo\u201d.<\/p>\n\n\n\n<p>En esta ocasi\u00f3n, las altas m\u00e9dicas, se dieron en el C.I.C, pero los trabajos de odontolog\u00eda tambi\u00e9n tienen correlato en La Trocha y en los CAPS San Jos\u00e9, Blandengues, Altamira, Agote y Lomas del Pac\u00edfico donde se han montado consultorios odontol\u00f3gicos municipales en los \u00faltimos tres a\u00f1os.<\/p>\n\n\n\n<p>Fuente: prensa Municipal<\/p>\n","protected":false},"excerpt":{"rendered":"<p>El programa \u201cMercedes Sonr\u00ede\u201d contin\u00faa brindando un servicio fundamental a vecinos de mercedes. Esta semana se instalaron 12 nuevas pr\u00f3tesis &#8230; <a title=\"Contin\u00faa el programa Mercedes Sonr\u00ede\" class=\"read-more\" href=\"https:\/\/www.hoymercedes.com.ar\/principal\/2019\/08\/24\/continua-el-programa-mercedes-sonrie\/\" aria-label=\"Leer m\u00e1s sobre Contin\u00faa el programa Mercedes Sonr\u00ede\">Leer m\u00e1s<\/a><\/p>\n","protected":false},"author":1,"featured_media":98824,"comment_status":"closed","ping_status":"open","sticky":false,"template":"","format":"standard","meta":{"_monsterinsights_skip_tracking":false,"_monsterinsights_sitenote_active":false,"_monsterinsights_sitenote_note":"","_monsterinsights_sitenote_category":0,"jetpack_post_was_ever_published":false,"_jetpack_newsletter_access":"","_jetpack_dont_email_post_to_subs":false,"_jetpack_newsletter_tier_id":0,"_jetpack_memberships_contains_paywalled_content":false,"_jetpack_memberships_contains_paid_content":false,"footnotes":"","jetpack_publicize_message":"","jetpack_publicize_feature_enabled":true,"jetpack_social_post_already_shared":true,"jetpack_social_options":{"image_generator_settings":{"template":"highway","default_image_id":0,"font":"","enabled":false},"version":2},"_wpas_customize_per_network":false},"categories":[30],"tags":[10152,244],"class_list":["post-98822","post","type-post","status-publish","format-standard","has-post-thumbnail","hentry","category-municipio","tag-mercedes-sonrie","tag-municipio-2","generate-columns","tablet-grid-50","mobile-grid-100","grid-parent","grid-50"],"jetpack_publicize_connections":[],"jetpack_featured_media_url":"https:\/\/www.hoymercedes.com.ar\/principal\/wp-content\/uploads\/2019\/08\/24-MercedesSonrie.jpg","wps_subtitle":"","jetpack_sharing_enabled":true,"_links":{"self":[{"href":"https:\/\/www.hoymercedes.com.ar\/principal\/wp-json\/wp\/v2\/posts\/98822","targetHints":{"allow":["GET"]}}],"collection":[{"href":"https:\/\/www.hoymercedes.com.ar\/principal\/wp-json\/wp\/v2\/posts"}],"about":[{"href":"https:\/\/www.hoymercedes.com.ar\/principal\/wp-json\/wp\/v2\/types\/post"}],"author":[{"embeddable":true,"href":"https:\/\/www.hoymercedes.com.ar\/principal\/wp-json\/wp\/v2\/users\/1"}],"replies":[{"embeddable":true,"href":"https:\/\/www.hoymercedes.com.ar\/principal\/wp-json\/wp\/v2\/comments?post=98822"}],"version-history":[{"count":0,"href":"https:\/\/www.hoymercedes.com.ar\/principal\/wp-json\/wp\/v2\/posts\/98822\/revisions"}],"wp:featuredmedia":[{"embeddable":true,"href":"https:\/\/www.hoymercedes.com.ar\/principal\/wp-json\/wp\/v2\/media\/98824"}],"wp:attachment":[{"href":"https:\/\/www.hoymercedes.com.ar\/principal\/wp-json\/wp\/v2\/media?parent=98822"}],"wp:term":[{"taxonomy":"category","embeddable":true,"href":"https:\/\/www.hoymercedes.com.ar\/principal\/wp-json\/wp\/v2\/categories?post=98822"},{"taxonomy":"post_tag","embeddable":true,"href":"https:\/\/www.hoymercedes.com.ar\/principal\/wp-json\/wp\/v2\/tags?post=98822"}],"curies":[{"name":"wp","href":"https:\/\/api.w.org\/{rel}","templated":true}]}}