{"id":98838,"date":"2019-08-24T19:47:48","date_gmt":"2019-08-24T22:47:48","guid":{"rendered":"http:\/\/www.hoymercedes.com.ar\/principal\/?p=98838"},"modified":"2019-08-24T12:57:09","modified_gmt":"2019-08-24T15:57:09","slug":"preparan-juguetes-artesanales-para-entregar-en-los-festejos-del-dia-del-nino","status":"publish","type":"post","link":"https:\/\/www.hoymercedes.com.ar\/principal\/2019\/08\/24\/preparan-juguetes-artesanales-para-entregar-en-los-festejos-del-dia-del-nino\/","title":{"rendered":"Preparan juguetes artesanales para entregar en los festejos del d\u00eda del ni\u00f1o"},"content":{"rendered":"\n<p>Desde el Municipio de Mercedes a trav\u00e9s de los talleres de carpinter\u00eda emplazados en el ex instituto Unzu\u00e9 y en un trabajo en conjunto con el DIAT (Dispositivo Integral de Abordaje Territorial) realizaron juguetes en madera para ser entregados este domingo 25 de agosto en el festejo del d\u00eda del ni\u00f1o a realizarse en el predio del ex Mart\u00edn Rodr\u00edguez.<\/p>\n\n\n\n<figure class=\"wp-block-image\"><img loading=\"lazy\" decoding=\"async\" width=\"800\" height=\"533\" data-attachment-id=\"98840\" data-permalink=\"https:\/\/www.hoymercedes.com.ar\/principal\/2019\/08\/24\/preparan-juguetes-artesanales-para-entregar-en-los-festejos-del-dia-del-nino\/24-didactivos-2\/#main\" data-orig-file=\"https:\/\/www.hoymercedes.com.ar\/principal\/wp-content\/uploads\/2019\/08\/24-Didactivos-2.jpg\" data-orig-size=\"800,533\" data-comments-opened=\"0\" data-image-meta=\"{&quot;aperture&quot;:&quot;0&quot;,&quot;credit&quot;:&quot;&quot;,&quot;camera&quot;:&quot;&quot;,&quot;caption&quot;:&quot;&quot;,&quot;created_timestamp&quot;:&quot;0&quot;,&quot;copyright&quot;:&quot;&quot;,&quot;focal_length&quot;:&quot;0&quot;,&quot;iso&quot;:&quot;0&quot;,&quot;shutter_speed&quot;:&quot;0&quot;,&quot;title&quot;:&quot;&quot;,&quot;orientation&quot;:&quot;0&quot;}\" data-image-title=\"24 Didactivos-2\" data-image-description=\"\" data-image-caption=\"\" data-large-file=\"https:\/\/www.hoymercedes.com.ar\/principal\/wp-content\/uploads\/2019\/08\/24-Didactivos-2.jpg\" src=\"https:\/\/www.hoymercedes.com.ar\/principal\/wp-content\/uploads\/2019\/08\/24-Didactivos-2.jpg\" alt=\"\" class=\"wp-image-98840\" srcset=\"https:\/\/www.hoymercedes.com.ar\/principal\/wp-content\/uploads\/2019\/08\/24-Didactivos-2.jpg 800w, https:\/\/www.hoymercedes.com.ar\/principal\/wp-content\/uploads\/2019\/08\/24-Didactivos-2-150x100.jpg 150w, https:\/\/www.hoymercedes.com.ar\/principal\/wp-content\/uploads\/2019\/08\/24-Didactivos-2-630x420.jpg 630w, https:\/\/www.hoymercedes.com.ar\/principal\/wp-content\/uploads\/2019\/08\/24-Didactivos-2-720x480.jpg 720w, https:\/\/www.hoymercedes.com.ar\/principal\/wp-content\/uploads\/2019\/08\/24-Didactivos-2-360x240.jpg 360w\" sizes=\"auto, (max-width: 800px) 100vw, 800px\" \/><\/figure>\n\n\n\n<p>Gabriela Olivella, directora de ni\u00f1ez y adolescencia se\u00f1al\u00f3 \u201cestamos recibiendo juguetes que hicieron desde el taller de carpinter\u00eda en conjunto con el DIAT (Dispositivo Integral de Abordaje Territorial). Yo vine con la propuesta y encontr\u00e9 una muy buena respuesta del equipo quienes enseguida se pusieron a pensar que juguetes pod\u00edan hacer desde la carpinter\u00eda\u201d y agreg\u00f3 \u201csurgieron tres opciones para diferentes edades que de manera solidaria ser\u00e1n entregadas a los chicos en su d\u00eda\u201d.<\/p>\n\n\n\n<p>Por otro lado, la directora indic\u00f3 \u201cestamos muy contentos con todos los preparativos del festejo del d\u00eda del ni\u00f1o que se realizar\u00e1 este domingo de 14:00 a 17:00 horas en el ex Mart\u00edn Rodr\u00edguez, al cual invitamos a todas las familias a que vayan con el mate para compartir una tarde en familia\u201d y a\u00f1adi\u00f3 \u201chabr\u00e1 grandes espect\u00e1culos como el del grupo musical Canticuenticos &#8211; M\u00fasica para chicos y familias sobre ritmos argentinos y latinoamericanos- adem\u00e1s de los inflables, la kermesse, y un gran n\u00famero de actividades que invitan a pasar una tarde hermosa y en familia\u201d.&nbsp;&nbsp;&nbsp;<\/p>\n\n\n\n<p>Por su parte, Tomas Heinrich, uno de los encargados del taller de carpinter\u00eda manifest\u00f3 \u201csurgi\u00f3 esta propuesta y nos gust\u00f3 mucho la idea y lo hicimos realidad\u201d e inform\u00f3 \u201chicimos juegos did\u00e1cticos, pizarras, de encastre, es decir juegos para las diferentes edades\u201d.<\/p>\n\n\n\n<figure class=\"wp-block-image\"><img loading=\"lazy\" decoding=\"async\" width=\"800\" height=\"533\" data-attachment-id=\"98839\" data-permalink=\"https:\/\/www.hoymercedes.com.ar\/principal\/2019\/08\/24\/preparan-juguetes-artesanales-para-entregar-en-los-festejos-del-dia-del-nino\/24-didactivos-1\/#main\" data-orig-file=\"https:\/\/www.hoymercedes.com.ar\/principal\/wp-content\/uploads\/2019\/08\/24-Didactivos-1.jpg\" data-orig-size=\"800,533\" data-comments-opened=\"0\" data-image-meta=\"{&quot;aperture&quot;:&quot;0&quot;,&quot;credit&quot;:&quot;&quot;,&quot;camera&quot;:&quot;&quot;,&quot;caption&quot;:&quot;&quot;,&quot;created_timestamp&quot;:&quot;0&quot;,&quot;copyright&quot;:&quot;&quot;,&quot;focal_length&quot;:&quot;0&quot;,&quot;iso&quot;:&quot;0&quot;,&quot;shutter_speed&quot;:&quot;0&quot;,&quot;title&quot;:&quot;&quot;,&quot;orientation&quot;:&quot;0&quot;}\" data-image-title=\"24 Didactivos-1\" data-image-description=\"\" data-image-caption=\"\" data-large-file=\"https:\/\/www.hoymercedes.com.ar\/principal\/wp-content\/uploads\/2019\/08\/24-Didactivos-1.jpg\" src=\"https:\/\/www.hoymercedes.com.ar\/principal\/wp-content\/uploads\/2019\/08\/24-Didactivos-1.jpg\" alt=\"\" class=\"wp-image-98839\" srcset=\"https:\/\/www.hoymercedes.com.ar\/principal\/wp-content\/uploads\/2019\/08\/24-Didactivos-1.jpg 800w, https:\/\/www.hoymercedes.com.ar\/principal\/wp-content\/uploads\/2019\/08\/24-Didactivos-1-150x100.jpg 150w, https:\/\/www.hoymercedes.com.ar\/principal\/wp-content\/uploads\/2019\/08\/24-Didactivos-1-630x420.jpg 630w, https:\/\/www.hoymercedes.com.ar\/principal\/wp-content\/uploads\/2019\/08\/24-Didactivos-1-720x480.jpg 720w, https:\/\/www.hoymercedes.com.ar\/principal\/wp-content\/uploads\/2019\/08\/24-Didactivos-1-360x240.jpg 360w\" sizes=\"auto, (max-width: 800px) 100vw, 800px\" \/><\/figure>\n","protected":false},"excerpt":{"rendered":"<p>Desde el Municipio de Mercedes a trav\u00e9s de los talleres de carpinter\u00eda emplazados en el ex instituto Unzu\u00e9 y en &#8230; <a title=\"Preparan juguetes artesanales para entregar en los festejos del d\u00eda del ni\u00f1o\" class=\"read-more\" href=\"https:\/\/www.hoymercedes.com.ar\/principal\/2019\/08\/24\/preparan-juguetes-artesanales-para-entregar-en-los-festejos-del-dia-del-nino\/\" aria-label=\"Leer m\u00e1s sobre Preparan juguetes artesanales para entregar en los festejos del d\u00eda del ni\u00f1o\">Leer m\u00e1s<\/a><\/p>\n","protected":false},"author":1,"featured_media":98839,"comment_status":"closed","ping_status":"open","sticky":false,"template":"","format":"standard","meta":{"_monsterinsights_skip_tracking":false,"_monsterinsights_sitenote_active":false,"_monsterinsights_sitenote_note":"","_monsterinsights_sitenote_category":0,"jetpack_post_was_ever_published":false,"_jetpack_newsletter_access":"","_jetpack_dont_email_post_to_subs":false,"_jetpack_newsletter_tier_id":0,"_jetpack_memberships_contains_paywalled_content":false,"_jetpack_memberships_contains_paid_content":false,"footnotes":"","jetpack_publicize_message":"","jetpack_publicize_feature_enabled":true,"jetpack_social_post_already_shared":true,"jetpack_social_options":{"image_generator_settings":{"template":"highway","default_image_id":0,"font":"","enabled":false},"version":2},"_wpas_customize_per_network":false},"categories":[30],"tags":[15683,244],"class_list":["post-98838","post","type-post","status-publish","format-standard","has-post-thumbnail","hentry","category-municipio","tag-juguetes-artesanales","tag-municipio-2","generate-columns","tablet-grid-50","mobile-grid-100","grid-parent","grid-50"],"jetpack_publicize_connections":[],"jetpack_featured_media_url":"https:\/\/www.hoymercedes.com.ar\/principal\/wp-content\/uploads\/2019\/08\/24-Didactivos-1.jpg","wps_subtitle":"Preparativos","jetpack_sharing_enabled":true,"_links":{"self":[{"href":"https:\/\/www.hoymercedes.com.ar\/principal\/wp-json\/wp\/v2\/posts\/98838","targetHints":{"allow":["GET"]}}],"collection":[{"href":"https:\/\/www.hoymercedes.com.ar\/principal\/wp-json\/wp\/v2\/posts"}],"about":[{"href":"https:\/\/www.hoymercedes.com.ar\/principal\/wp-json\/wp\/v2\/types\/post"}],"author":[{"embeddable":true,"href":"https:\/\/www.hoymercedes.com.ar\/principal\/wp-json\/wp\/v2\/users\/1"}],"replies":[{"embeddable":true,"href":"https:\/\/www.hoymercedes.com.ar\/principal\/wp-json\/wp\/v2\/comments?post=98838"}],"version-history":[{"count":0,"href":"https:\/\/www.hoymercedes.com.ar\/principal\/wp-json\/wp\/v2\/posts\/98838\/revisions"}],"wp:featuredmedia":[{"embeddable":true,"href":"https:\/\/www.hoymercedes.com.ar\/principal\/wp-json\/wp\/v2\/media\/98839"}],"wp:attachment":[{"href":"https:\/\/www.hoymercedes.com.ar\/principal\/wp-json\/wp\/v2\/media?parent=98838"}],"wp:term":[{"taxonomy":"category","embeddable":true,"href":"https:\/\/www.hoymercedes.com.ar\/principal\/wp-json\/wp\/v2\/categories?post=98838"},{"taxonomy":"post_tag","embeddable":true,"href":"https:\/\/www.hoymercedes.com.ar\/principal\/wp-json\/wp\/v2\/tags?post=98838"}],"curies":[{"name":"wp","href":"https:\/\/api.w.org\/{rel}","templated":true}]}}