{"id":98862,"date":"2019-08-26T14:38:30","date_gmt":"2019-08-26T17:38:30","guid":{"rendered":"http:\/\/www.hoymercedes.com.ar\/principal\/?p=98862"},"modified":"2019-08-26T15:56:17","modified_gmt":"2019-08-26T18:56:17","slug":"fallecio-mujer-motociclista-tras-siniestro-vial-con-patrullero","status":"publish","type":"post","link":"https:\/\/www.hoymercedes.com.ar\/principal\/2019\/08\/26\/fallecio-mujer-motociclista-tras-siniestro-vial-con-patrullero\/","title":{"rendered":"Falleci\u00f3 mujer motociclista tras siniestro vial con patrullero"},"content":{"rendered":"\n<p><em>Se trata de Valeria Jaquelina Cuello que falleci\u00f3 despu\u00e9s de un mes y medio de haber sido v\u00edctima de un siniestro vial en 39 y 18. La causa judicial se recaratul\u00f3 a \u00abHomicidio Culposo\u00bb que investiga la UFI 6. <\/em><\/p>\n\n\n\n<p>En la jornada del pasado 6 de julio, en calles 39 y 18 de la localidad de Mercedes se produjo un siniestro vial entre una motocicleta y un patrullero de la Polic\u00eda Comunal. Como consecuencia del mismo, una mujer de 27 a\u00f1os result\u00f3 con lesiones gravedad por lo que fue llevada en la urgencia al hospital Blas L. Dubarry de la misma localidad. Producto de las lesiones, politraumatismos varios, se produjo el deceso de la v\u00edctima en la jornada de este domingo 25 de agosto.<\/p>\n\n\n\n<p>La joven, adem\u00e1s, viajaba con otra persona que result\u00f3 con lesiones leves, as\u00ed como el conductor y acompa\u00f1antes del m\u00f3vil policial no resultaron con herida alguna.<\/p>\n\n\n\n<p>Por el hecho, que fue recaratulado en principio como \u201cHomicidio culposo\u201d bajo la direcci\u00f3n del doctor Luis Emilio Carcagno, a cargo de la U.F.I. y J. N.\u00ba 6 del Departamento Judicial Mercedes se solicit\u00f3 la intervenci\u00f3n de la Asesor\u00eda Pericial para la realizaci\u00f3n y valoraci\u00f3n de los distintos elementos de la investigaci\u00f3n que har\u00e1n a la pericia accidentol\u00f3gica, ya que por encontrarse m\u00f3vil y efectivos policiales implicados en el hecho no podr\u00e1n ser efectuados por dicha fuerza.<\/p>\n\n\n\n<p>Por estas horas se aguardaba la realizaci\u00f3n de la autopsia en Morgue Judicial del Instituto de Investigaci\u00f3n Criminal y Cs. Forenses de Lomas de Zamora.<\/p>\n\n\n\n<p>Adem\u00e1s, se cuentan con distintos elementos que fueron relevados oportunamente por la licenciada en Criminal\u00edstica del propio Ministerio P\u00fablico Fiscal que se hizo presente en la jornada del hecho y se hizo de los mismos para la investigaci\u00f3n.<\/p>\n","protected":false},"excerpt":{"rendered":"<p>Se trata de Valeria Jaquelina Cuello que falleci\u00f3 despu\u00e9s de un mes y medio de haber sido v\u00edctima de un &#8230; <a title=\"Falleci\u00f3 mujer motociclista tras siniestro vial con patrullero\" class=\"read-more\" href=\"https:\/\/www.hoymercedes.com.ar\/principal\/2019\/08\/26\/fallecio-mujer-motociclista-tras-siniestro-vial-con-patrullero\/\" aria-label=\"Leer m\u00e1s sobre Falleci\u00f3 mujer motociclista tras siniestro vial con patrullero\">Leer m\u00e1s<\/a><\/p>\n","protected":false},"author":1,"featured_media":77691,"comment_status":"closed","ping_status":"open","sticky":false,"template":"","format":"standard","meta":{"_monsterinsights_skip_tracking":false,"_monsterinsights_sitenote_active":false,"_monsterinsights_sitenote_note":"","_monsterinsights_sitenote_category":0,"jetpack_post_was_ever_published":false,"_jetpack_newsletter_access":"","_jetpack_dont_email_post_to_subs":false,"_jetpack_newsletter_tier_id":0,"_jetpack_memberships_contains_paywalled_content":false,"_jetpack_memberships_contains_paid_content":false,"footnotes":"","jetpack_publicize_message":"","jetpack_publicize_feature_enabled":true,"jetpack_social_post_already_shared":true,"jetpack_social_options":{"image_generator_settings":{"template":"highway","default_image_id":0,"font":"","enabled":false},"version":2},"_wpas_customize_per_network":false},"categories":[85],"tags":[8777,96,10395],"class_list":["post-98862","post","type-post","status-publish","format-standard","has-post-thumbnail","hentry","category-policial","tag-fallecimiento","tag-policial-2","tag-siniestro-vial","generate-columns","tablet-grid-50","mobile-grid-100","grid-parent","grid-50"],"jetpack_publicize_connections":[],"jetpack_featured_media_url":"https:\/\/www.hoymercedes.com.ar\/principal\/wp-content\/uploads\/2018\/06\/policia-operativo-2.jpg","wps_subtitle":"Despu\u00e9s de un mes y medio","jetpack_sharing_enabled":true,"_links":{"self":[{"href":"https:\/\/www.hoymercedes.com.ar\/principal\/wp-json\/wp\/v2\/posts\/98862","targetHints":{"allow":["GET"]}}],"collection":[{"href":"https:\/\/www.hoymercedes.com.ar\/principal\/wp-json\/wp\/v2\/posts"}],"about":[{"href":"https:\/\/www.hoymercedes.com.ar\/principal\/wp-json\/wp\/v2\/types\/post"}],"author":[{"embeddable":true,"href":"https:\/\/www.hoymercedes.com.ar\/principal\/wp-json\/wp\/v2\/users\/1"}],"replies":[{"embeddable":true,"href":"https:\/\/www.hoymercedes.com.ar\/principal\/wp-json\/wp\/v2\/comments?post=98862"}],"version-history":[{"count":0,"href":"https:\/\/www.hoymercedes.com.ar\/principal\/wp-json\/wp\/v2\/posts\/98862\/revisions"}],"wp:featuredmedia":[{"embeddable":true,"href":"https:\/\/www.hoymercedes.com.ar\/principal\/wp-json\/wp\/v2\/media\/77691"}],"wp:attachment":[{"href":"https:\/\/www.hoymercedes.com.ar\/principal\/wp-json\/wp\/v2\/media?parent=98862"}],"wp:term":[{"taxonomy":"category","embeddable":true,"href":"https:\/\/www.hoymercedes.com.ar\/principal\/wp-json\/wp\/v2\/categories?post=98862"},{"taxonomy":"post_tag","embeddable":true,"href":"https:\/\/www.hoymercedes.com.ar\/principal\/wp-json\/wp\/v2\/tags?post=98862"}],"curies":[{"name":"wp","href":"https:\/\/api.w.org\/{rel}","templated":true}]}}