{"id":98866,"date":"2019-08-26T21:44:01","date_gmt":"2019-08-27T00:44:01","guid":{"rendered":"http:\/\/www.hoymercedes.com.ar\/principal\/?p=98866"},"modified":"2019-08-26T15:55:42","modified_gmt":"2019-08-26T18:55:42","slug":"dos-detenidos-por-tenencia-de-estupefacientes","status":"publish","type":"post","link":"https:\/\/www.hoymercedes.com.ar\/principal\/2019\/08\/26\/dos-detenidos-por-tenencia-de-estupefacientes\/","title":{"rendered":"Dos detenidos por tenencia de estupefacientes"},"content":{"rendered":"\n<p>Durante el fin de semana, en el marco de un\noperativo del Destacamento Gowland de la Polic\u00eda Comunal Mercedes, se logr\u00f3\naprehender a un mayor y a un menor de edad por el delito de \u201cTenencia simple\u201d\nen el marco de la ley 23.737 (de drogas)<\/p>\n\n\n\n<p>De acuerdo a lo que surge de la investigaci\u00f3n,\nambos descendieron de una de las formaciones del ferrocarril Sarmiento, en la\nlocalidad y al observar la presencia policial comenzaron a huir a pie del\nlugar. Fueron interceptados por los uniformados a la brevedad.<\/p>\n\n\n\n<p>En el caso del mayor, se le encontr\u00f3 en su poder\ncuatro envoltorios conteniendo estupefacientes, y se logr\u00f3 acreditar que\nmientras emprend\u00eda la huida se hab\u00eda descartado de cuatro m\u00e1s. Qued\u00f3\naprehendido en sede policial.<\/p>\n\n\n\n<p>Se inici\u00f3 una investigaci\u00f3n penal preparatoria por ante la Unidad Funcional de Instrucci\u00f3n y Juicio N\u00ba 8 del Fuero de Responsabilidad Penal Juvenil \u2013 a cargo de la doctora Yanina Colicchio.<\/p>\n\n\n\n<p>El mayor comparecer\u00e1 en la jornada de este lunes\nante la agente fiscal en el marco de la audiencia de declaraci\u00f3n en los\nt\u00e9rminos del art. 308 del C\u00f3digo Procesal Penal.<\/p>\n\n\n\n<p>En el caso del menor de edad, el mismo fue\nentregado a sus progenitores una vez cumplimentados los recaudos legales.<\/p>\n","protected":false},"excerpt":{"rendered":"<p>Durante el fin de semana, en el marco de un operativo del Destacamento Gowland de la Polic\u00eda Comunal Mercedes, se &#8230; <a title=\"Dos detenidos por tenencia de estupefacientes\" class=\"read-more\" href=\"https:\/\/www.hoymercedes.com.ar\/principal\/2019\/08\/26\/dos-detenidos-por-tenencia-de-estupefacientes\/\" aria-label=\"Leer m\u00e1s sobre Dos detenidos por tenencia de estupefacientes\">Leer m\u00e1s<\/a><\/p>\n","protected":false},"author":1,"featured_media":92785,"comment_status":"closed","ping_status":"open","sticky":false,"template":"","format":"standard","meta":{"_monsterinsights_skip_tracking":false,"_monsterinsights_sitenote_active":false,"_monsterinsights_sitenote_note":"","_monsterinsights_sitenote_category":0,"jetpack_post_was_ever_published":false,"_jetpack_newsletter_access":"","_jetpack_dont_email_post_to_subs":false,"_jetpack_newsletter_tier_id":0,"_jetpack_memberships_contains_paywalled_content":false,"_jetpack_memberships_contains_paid_content":false,"footnotes":"","jetpack_publicize_message":"","jetpack_publicize_feature_enabled":true,"jetpack_social_post_already_shared":true,"jetpack_social_options":{"image_generator_settings":{"template":"highway","default_image_id":0,"font":"","enabled":false},"version":2},"_wpas_customize_per_network":false},"categories":[85],"tags":[26,27,96],"class_list":["post-98866","post","type-post","status-publish","format-standard","has-post-thumbnail","hentry","category-policial","tag-detenidos","tag-drogas","tag-policial-2","generate-columns","tablet-grid-50","mobile-grid-100","grid-parent","grid-50"],"jetpack_publicize_connections":[],"jetpack_featured_media_url":"https:\/\/www.hoymercedes.com.ar\/principal\/wp-content\/uploads\/2019\/05\/12-policia-patrulleros.jpg","wps_subtitle":"","jetpack_sharing_enabled":true,"_links":{"self":[{"href":"https:\/\/www.hoymercedes.com.ar\/principal\/wp-json\/wp\/v2\/posts\/98866","targetHints":{"allow":["GET"]}}],"collection":[{"href":"https:\/\/www.hoymercedes.com.ar\/principal\/wp-json\/wp\/v2\/posts"}],"about":[{"href":"https:\/\/www.hoymercedes.com.ar\/principal\/wp-json\/wp\/v2\/types\/post"}],"author":[{"embeddable":true,"href":"https:\/\/www.hoymercedes.com.ar\/principal\/wp-json\/wp\/v2\/users\/1"}],"replies":[{"embeddable":true,"href":"https:\/\/www.hoymercedes.com.ar\/principal\/wp-json\/wp\/v2\/comments?post=98866"}],"version-history":[{"count":0,"href":"https:\/\/www.hoymercedes.com.ar\/principal\/wp-json\/wp\/v2\/posts\/98866\/revisions"}],"wp:featuredmedia":[{"embeddable":true,"href":"https:\/\/www.hoymercedes.com.ar\/principal\/wp-json\/wp\/v2\/media\/92785"}],"wp:attachment":[{"href":"https:\/\/www.hoymercedes.com.ar\/principal\/wp-json\/wp\/v2\/media?parent=98866"}],"wp:term":[{"taxonomy":"category","embeddable":true,"href":"https:\/\/www.hoymercedes.com.ar\/principal\/wp-json\/wp\/v2\/categories?post=98866"},{"taxonomy":"post_tag","embeddable":true,"href":"https:\/\/www.hoymercedes.com.ar\/principal\/wp-json\/wp\/v2\/tags?post=98866"}],"curies":[{"name":"wp","href":"https:\/\/api.w.org\/{rel}","templated":true}]}}