{"id":98868,"date":"2019-08-27T09:58:30","date_gmt":"2019-08-27T12:58:30","guid":{"rendered":"http:\/\/www.hoymercedes.com.ar\/principal\/?p=98868"},"modified":"2019-08-26T15:45:06","modified_gmt":"2019-08-26T18:45:06","slug":"25-de-mayo-un-detenido-por-comercio-de-estupefacientes","status":"publish","type":"post","link":"https:\/\/www.hoymercedes.com.ar\/principal\/2019\/08\/27\/25-de-mayo-un-detenido-por-comercio-de-estupefacientes\/","title":{"rendered":"25 de Mayo: Un detenido por comercio de estupefacientes"},"content":{"rendered":"\n<p>A ra\u00edz de una denuncia recibida en\u00a0 los t\u00e9rminos del art. 34 bis de la Ley 23.737, que anoticiaba que un sujeto masculino de 61 a\u00f1os de edad, vend\u00eda dosis de estupefacientes en lugares de esparcimiento nocturno en el partido de 25 de Mayo (B). Se inici\u00f3 una investigaci\u00f3n penal bajo la direcci\u00f3n del doctor Luis Emilio Carcagno, a cargo de la U.F.I. y J. N\u00ba 6 del Departamento Judicial Mercedes, en la cual colaboraron la Ayudant\u00eda Fiscal de 25 de Mayo y la Ayudant\u00eda Fiscal Especializada en Estupefacientes, a cargo del Dr. Gabriel Courtade. <\/p>\n\n\n\n<p>Luego de numerosas tareas de vigilancia realizadas por el\npersonal policial local, se lograron recabar elementos suficientes para\nsolicitar&nbsp; al Juzgado de Garant\u00edas N.\u00ba 3\na cargo del dr. Pablo Mor\u00e1n una orden de registro domiciliario y secuestro. En\nel marco del mismo, se logr\u00f3 secuestrar, entre otros elementos, una balanza\ndigital con vestigios de una sustancia que, sometida a los reactivos\ncorrespondientes, result\u00f3 ser clorhidrato de coca\u00edna. Asimismo, se procedi\u00f3 al\nsecuestro de otros elementos de inter\u00e9s a ra\u00edz de los cuales se arrib\u00f3 a nuevos\ndatos e indicios que permitieron reunir nuevas evidencias contra el imputado.<\/p>\n\n\n\n<p>D\u00edas pasados, y con el convencimiento por parte del agente\nfiscal de que se tendr\u00eda por corroborado que el imputado vend\u00eda&nbsp; estupefacientes en la modalidad al menudeo\nsolicit\u00f3 al juez de Garant\u00edas una nueva orden de allanamiento y su detenci\u00f3n.\nEstas medidas fueron concedidas y en la jornada del jueves 22 del corriente se\nllevaron a cabo, logrando los agentes policiales efectivizar su detenci\u00f3n.<\/p>\n\n\n\n<p>El viernes \u00faltimo pasado, el imputado compareci\u00f3 ante la\nUFIJ N.\u00ba 6 donde se le recibi\u00f3 declaraci\u00f3n en los t\u00e9rminos del art. 308 p\u00e1rr. 1\ndel C\u00f3digo Procesal Penal por el delito de \u201cComercio de Estupefacientes en\ndosis fraccionadas destinadas directamente a los consumidores agravado por\ncometerse en locales de esparcimiento nocturno\u201d.<\/p>\n","protected":false},"excerpt":{"rendered":"<p>A ra\u00edz de una denuncia recibida en\u00a0 los t\u00e9rminos del art. 34 bis de la Ley 23.737, que anoticiaba que &#8230; <a title=\"25 de Mayo: Un detenido por comercio de estupefacientes\" class=\"read-more\" href=\"https:\/\/www.hoymercedes.com.ar\/principal\/2019\/08\/27\/25-de-mayo-un-detenido-por-comercio-de-estupefacientes\/\" aria-label=\"Leer m\u00e1s sobre 25 de Mayo: Un detenido por comercio de estupefacientes\">Leer m\u00e1s<\/a><\/p>\n","protected":false},"author":1,"featured_media":98869,"comment_status":"closed","ping_status":"open","sticky":false,"template":"","format":"standard","meta":{"_monsterinsights_skip_tracking":false,"_monsterinsights_sitenote_active":false,"_monsterinsights_sitenote_note":"","_monsterinsights_sitenote_category":0,"jetpack_post_was_ever_published":false,"_jetpack_newsletter_access":"","_jetpack_dont_email_post_to_subs":false,"_jetpack_newsletter_tier_id":0,"_jetpack_memberships_contains_paywalled_content":false,"_jetpack_memberships_contains_paid_content":false,"footnotes":"","jetpack_publicize_message":"","jetpack_publicize_feature_enabled":true,"jetpack_social_post_already_shared":true,"jetpack_social_options":{"image_generator_settings":{"template":"highway","default_image_id":0,"font":"","enabled":false},"version":2},"_wpas_customize_per_network":false},"categories":[85],"tags":[799,27,96,1057],"class_list":["post-98868","post","type-post","status-publish","format-standard","has-post-thumbnail","hentry","category-policial","tag-25-de-mayo","tag-drogas","tag-policial-2","tag-regional","generate-columns","tablet-grid-50","mobile-grid-100","grid-parent","grid-50"],"jetpack_publicize_connections":[],"jetpack_featured_media_url":"https:\/\/www.hoymercedes.com.ar\/principal\/wp-content\/uploads\/2019\/08\/27-policia-1-640x378.jpg","wps_subtitle":"Informaci\u00f3n regional","jetpack_sharing_enabled":true,"_links":{"self":[{"href":"https:\/\/www.hoymercedes.com.ar\/principal\/wp-json\/wp\/v2\/posts\/98868","targetHints":{"allow":["GET"]}}],"collection":[{"href":"https:\/\/www.hoymercedes.com.ar\/principal\/wp-json\/wp\/v2\/posts"}],"about":[{"href":"https:\/\/www.hoymercedes.com.ar\/principal\/wp-json\/wp\/v2\/types\/post"}],"author":[{"embeddable":true,"href":"https:\/\/www.hoymercedes.com.ar\/principal\/wp-json\/wp\/v2\/users\/1"}],"replies":[{"embeddable":true,"href":"https:\/\/www.hoymercedes.com.ar\/principal\/wp-json\/wp\/v2\/comments?post=98868"}],"version-history":[{"count":0,"href":"https:\/\/www.hoymercedes.com.ar\/principal\/wp-json\/wp\/v2\/posts\/98868\/revisions"}],"wp:featuredmedia":[{"embeddable":true,"href":"https:\/\/www.hoymercedes.com.ar\/principal\/wp-json\/wp\/v2\/media\/98869"}],"wp:attachment":[{"href":"https:\/\/www.hoymercedes.com.ar\/principal\/wp-json\/wp\/v2\/media?parent=98868"}],"wp:term":[{"taxonomy":"category","embeddable":true,"href":"https:\/\/www.hoymercedes.com.ar\/principal\/wp-json\/wp\/v2\/categories?post=98868"},{"taxonomy":"post_tag","embeddable":true,"href":"https:\/\/www.hoymercedes.com.ar\/principal\/wp-json\/wp\/v2\/tags?post=98868"}],"curies":[{"name":"wp","href":"https:\/\/api.w.org\/{rel}","templated":true}]}}