{"id":98877,"date":"2019-08-26T16:16:36","date_gmt":"2019-08-26T19:16:36","guid":{"rendered":"http:\/\/www.hoymercedes.com.ar\/principal\/?p=98877"},"modified":"2019-08-27T09:19:13","modified_gmt":"2019-08-27T12:19:13","slug":"zumba-para-las-internas-de-la-unidad-5","status":"publish","type":"post","link":"https:\/\/www.hoymercedes.com.ar\/principal\/2019\/08\/26\/zumba-para-las-internas-de-la-unidad-5\/","title":{"rendered":"Zumba para las internas de la Unidad 5"},"content":{"rendered":"\n<p>Con gran participaci\u00f3n y entusiasmo las internas del Anexo femenino de la Unidad N\u00ba 5, practican Zumba dos veces por semana, desde el mes de junio, a cargo de la instructora Nadia Julieta Pilia, que de manera desinteresada se ofreci\u00f3 para colaborar.<\/p>\n\n\n\n<figure class=\"wp-block-image\"><img loading=\"lazy\" decoding=\"async\" width=\"800\" height=\"598\" data-attachment-id=\"98878\" data-permalink=\"https:\/\/www.hoymercedes.com.ar\/principal\/2019\/08\/26\/zumba-para-las-internas-de-la-unidad-5\/26-zumba-carcel\/#main\" data-orig-file=\"https:\/\/www.hoymercedes.com.ar\/principal\/wp-content\/uploads\/2019\/08\/26-zumba-carcel.jpg\" data-orig-size=\"800,598\" data-comments-opened=\"0\" data-image-meta=\"{&quot;aperture&quot;:&quot;0&quot;,&quot;credit&quot;:&quot;&quot;,&quot;camera&quot;:&quot;&quot;,&quot;caption&quot;:&quot;&quot;,&quot;created_timestamp&quot;:&quot;0&quot;,&quot;copyright&quot;:&quot;&quot;,&quot;focal_length&quot;:&quot;0&quot;,&quot;iso&quot;:&quot;0&quot;,&quot;shutter_speed&quot;:&quot;0&quot;,&quot;title&quot;:&quot;&quot;,&quot;orientation&quot;:&quot;0&quot;}\" data-image-title=\"26-zumba-carcel\" data-image-description=\"\" data-image-caption=\"\" data-large-file=\"https:\/\/www.hoymercedes.com.ar\/principal\/wp-content\/uploads\/2019\/08\/26-zumba-carcel.jpg\" src=\"https:\/\/www.hoymercedes.com.ar\/principal\/wp-content\/uploads\/2019\/08\/26-zumba-carcel.jpg\" alt=\"\" class=\"wp-image-98878\" srcset=\"https:\/\/www.hoymercedes.com.ar\/principal\/wp-content\/uploads\/2019\/08\/26-zumba-carcel.jpg 800w, https:\/\/www.hoymercedes.com.ar\/principal\/wp-content\/uploads\/2019\/08\/26-zumba-carcel-150x112.jpg 150w, https:\/\/www.hoymercedes.com.ar\/principal\/wp-content\/uploads\/2019\/08\/26-zumba-carcel-630x471.jpg 630w, https:\/\/www.hoymercedes.com.ar\/principal\/wp-content\/uploads\/2019\/08\/26-zumba-carcel-320x240.jpg 320w, https:\/\/www.hoymercedes.com.ar\/principal\/wp-content\/uploads\/2019\/08\/26-zumba-carcel-100x75.jpg 100w\" sizes=\"auto, (max-width: 800px) 100vw, 800px\" \/><\/figure>\n\n\n\n<p>Cada lunes y mi\u00e9rcoles, se preparan y esperan con ansias la llegada de la \u201cProfe\u201d y su m\u00fasica y baile, para durante una hora del d\u00eda alejarse de la rutina carcelaria y encontrarse con las coreograf\u00edas y preocuparse solo de intentar coordinar y hacer los pasos, d\u00e1ndole al cuerpo y la mente un\u00a0\u00a0poco de desahogo.<\/p>\n\n\n\n<p>Nadia Pilia\u00a0es instructora desde hace un a\u00f1o y da clases en el Club San Luis, con gran cantidad de alumnas, y a trav\u00e9s de una de ellas, se le acerc\u00f3 la posibilidad de dar clases dentro de la Unidad, lo que le pareci\u00f3 una idea muy buena ya que iba a sumar experiencia en un grupo humano diferente. Consultada por las clases nos expreso:\u201d el 2 de junio d\u00ed mi primera clases, y ya desde ah\u00ed fue una gran experiencia, me recibieron con la mejor onda y fueron y son muy agradecidas las chicas. Las clases son re lindas y divertidas. Una de las alumnas en una de las clases, al final se me acerc\u00f3, me dio un abrazo y un beso y me dio las gracias, y me dijo: gracias profe por venir a pasar su tiempo con nosotras. Fue muy emocionante para mi cambiar aunque sea una hora de su d\u00eda, me imagin\u00f3 que debe ser muy duro el encierro\u201d.<\/p>\n\n\n\n<p>Luego continuo: \u201cEs muy gratificante ir dos veces por semana, compartirlo con ellas, me llena el alma, cuando me dicen que les llevo alegr\u00eda, o que las \u201csaco del encierro\u201d por un rato y las hago sentir libres. El numero de alumnas a veces varia, pero siempre se muestran s\u00faper respetuosas y agradecidas, me dicen lindas palabras o me sorprenden con algo rico o alg\u00fan cartel\u201d.\u00a0\u00a0\u00a0<\/p>\n\n\n\n<p>En este momento se est\u00e1 desarrollando un concurso virtual de Zumba, donde las internas de todas las Unidades, deben armar una corograf\u00eda y realizar un video de la muestra que es enviado por el Coordinador de Deportes de la Unidad a los organizadores de la competencia que es el Departamento Deportes, dependiente de la Direcci\u00f3n General de Asistencia y Tratamiento del Servicio Penitenciario Bonaerense. Los profesores de educaci\u00f3n f\u00edsica en \u00e9sta oportunidad contaron con la colaboraci\u00f3n de la Instructora Nadia Pilia.<\/p>\n\n\n\n<p>El Director de la Unidad Pablo Gregorini, junto al personal del Anexo Femenino y los docentes de Educaci\u00f3n F\u00edsica agradecen profundamente a la profesora Nadia Pilia y valorar esta actividad ya que mejora el estado de \u00e1nimo de las internas, ayuda a la relajaci\u00f3n y a la salud emocional de las mismas.<\/p>\n\n\n\n<p>Fuente: Prensa U5<\/p>\n","protected":false},"excerpt":{"rendered":"<p>Con gran participaci\u00f3n y entusiasmo las internas del Anexo femenino de la Unidad N\u00ba 5, practican Zumba dos veces por &#8230; <a title=\"Zumba para las internas de la Unidad 5\" class=\"read-more\" href=\"https:\/\/www.hoymercedes.com.ar\/principal\/2019\/08\/26\/zumba-para-las-internas-de-la-unidad-5\/\" aria-label=\"Leer m\u00e1s sobre Zumba para las internas de la Unidad 5\">Leer m\u00e1s<\/a><\/p>\n","protected":false},"author":1,"featured_media":98878,"comment_status":"closed","ping_status":"open","sticky":false,"template":"","format":"standard","meta":{"_monsterinsights_skip_tracking":false,"_monsterinsights_sitenote_active":false,"_monsterinsights_sitenote_note":"","_monsterinsights_sitenote_category":0,"jetpack_post_was_ever_published":false,"_jetpack_newsletter_access":"","_jetpack_dont_email_post_to_subs":false,"_jetpack_newsletter_tier_id":0,"_jetpack_memberships_contains_paywalled_content":false,"_jetpack_memberships_contains_paid_content":false,"footnotes":"","jetpack_publicize_message":"","jetpack_publicize_feature_enabled":true,"jetpack_social_post_already_shared":true,"jetpack_social_options":{"image_generator_settings":{"template":"highway","default_image_id":0,"font":"","enabled":false},"version":2},"_wpas_customize_per_network":false},"categories":[8],"tags":[1011,113,15686],"class_list":["post-98877","post","type-post","status-publish","format-standard","has-post-thumbnail","hentry","category-sociedad","tag-carcel","tag-unidad-5","tag-zumba","generate-columns","tablet-grid-50","mobile-grid-100","grid-parent","grid-50"],"jetpack_publicize_connections":[],"jetpack_featured_media_url":"https:\/\/www.hoymercedes.com.ar\/principal\/wp-content\/uploads\/2019\/08\/26-zumba-carcel.jpg","wps_subtitle":"","jetpack_sharing_enabled":true,"_links":{"self":[{"href":"https:\/\/www.hoymercedes.com.ar\/principal\/wp-json\/wp\/v2\/posts\/98877","targetHints":{"allow":["GET"]}}],"collection":[{"href":"https:\/\/www.hoymercedes.com.ar\/principal\/wp-json\/wp\/v2\/posts"}],"about":[{"href":"https:\/\/www.hoymercedes.com.ar\/principal\/wp-json\/wp\/v2\/types\/post"}],"author":[{"embeddable":true,"href":"https:\/\/www.hoymercedes.com.ar\/principal\/wp-json\/wp\/v2\/users\/1"}],"replies":[{"embeddable":true,"href":"https:\/\/www.hoymercedes.com.ar\/principal\/wp-json\/wp\/v2\/comments?post=98877"}],"version-history":[{"count":0,"href":"https:\/\/www.hoymercedes.com.ar\/principal\/wp-json\/wp\/v2\/posts\/98877\/revisions"}],"wp:featuredmedia":[{"embeddable":true,"href":"https:\/\/www.hoymercedes.com.ar\/principal\/wp-json\/wp\/v2\/media\/98878"}],"wp:attachment":[{"href":"https:\/\/www.hoymercedes.com.ar\/principal\/wp-json\/wp\/v2\/media?parent=98877"}],"wp:term":[{"taxonomy":"category","embeddable":true,"href":"https:\/\/www.hoymercedes.com.ar\/principal\/wp-json\/wp\/v2\/categories?post=98877"},{"taxonomy":"post_tag","embeddable":true,"href":"https:\/\/www.hoymercedes.com.ar\/principal\/wp-json\/wp\/v2\/tags?post=98877"}],"curies":[{"name":"wp","href":"https:\/\/api.w.org\/{rel}","templated":true}]}}