{"id":98902,"date":"2019-08-26T22:30:51","date_gmt":"2019-08-27T01:30:51","guid":{"rendered":"http:\/\/www.hoymercedes.com.ar\/principal\/?p=98902"},"modified":"2019-08-26T23:39:54","modified_gmt":"2019-08-27T02:39:54","slug":"98902","status":"publish","type":"post","link":"https:\/\/www.hoymercedes.com.ar\/principal\/2019\/08\/26\/98902\/","title":{"rendered":"Municipio inici\u00f3 repavimentaci\u00f3n de ingreso a Gowland"},"content":{"rendered":"\n<figure class=\"wp-block-image\"><img loading=\"lazy\" decoding=\"async\" width=\"1024\" height=\"576\" data-attachment-id=\"98903\" data-permalink=\"https:\/\/www.hoymercedes.com.ar\/principal\/2019\/08\/26\/98902\/dji_0015\/#main\" data-orig-file=\"https:\/\/www.hoymercedes.com.ar\/principal\/wp-content\/uploads\/2019\/08\/DJI_0015.jpg\" data-orig-size=\"1124,632\" data-comments-opened=\"0\" data-image-meta=\"{&quot;aperture&quot;:&quot;0&quot;,&quot;credit&quot;:&quot;&quot;,&quot;camera&quot;:&quot;&quot;,&quot;caption&quot;:&quot;&quot;,&quot;created_timestamp&quot;:&quot;0&quot;,&quot;copyright&quot;:&quot;&quot;,&quot;focal_length&quot;:&quot;0&quot;,&quot;iso&quot;:&quot;0&quot;,&quot;shutter_speed&quot;:&quot;0&quot;,&quot;title&quot;:&quot;&quot;,&quot;orientation&quot;:&quot;0&quot;}\" data-image-title=\"DJI_0015\" data-image-description=\"\" data-image-caption=\"\" data-large-file=\"https:\/\/www.hoymercedes.com.ar\/principal\/wp-content\/uploads\/2019\/08\/DJI_0015-1024x576.jpg\" src=\"https:\/\/www.hoymercedes.com.ar\/principal\/wp-content\/uploads\/2019\/08\/DJI_0015-1024x576.jpg\" alt=\"\" class=\"wp-image-98903\" srcset=\"https:\/\/www.hoymercedes.com.ar\/principal\/wp-content\/uploads\/2019\/08\/DJI_0015-1024x576.jpg 1024w, https:\/\/www.hoymercedes.com.ar\/principal\/wp-content\/uploads\/2019\/08\/DJI_0015-150x84.jpg 150w, https:\/\/www.hoymercedes.com.ar\/principal\/wp-content\/uploads\/2019\/08\/DJI_0015-630x354.jpg 630w, https:\/\/www.hoymercedes.com.ar\/principal\/wp-content\/uploads\/2019\/08\/DJI_0015.jpg 1124w\" sizes=\"auto, (max-width: 1024px) 100vw, 1024px\" \/><figcaption>Ingreso principal a Gowland<br><\/figcaption><\/figure>\n\n\n\n<p>Continuando\n con un cronograma de\ntrabajo en pavimento y obra p\u00fablica el Municipio de Mercedes ya finaliz\u00f3\n el levantamiento de la cinta asf\u00e1ltica y avanz\u00f3 con el denominadao \n\u00absuelo cal\u00bb para poder jerarquizar y poner a nueva la diagonal oeste de \nGowland, siendo este el acceso m\u00e1s importantes de la localidad. &nbsp;<\/p>\n\n\n\n<figure class=\"wp-block-image\"><img loading=\"lazy\" decoding=\"async\" width=\"948\" height=\"632\" data-attachment-id=\"98904\" data-permalink=\"https:\/\/www.hoymercedes.com.ar\/principal\/2019\/08\/26\/98902\/dsc_0028-3\/#main\" data-orig-file=\"https:\/\/www.hoymercedes.com.ar\/principal\/wp-content\/uploads\/2019\/08\/DSC_0028.jpg\" data-orig-size=\"948,632\" data-comments-opened=\"0\" data-image-meta=\"{&quot;aperture&quot;:&quot;0&quot;,&quot;credit&quot;:&quot;&quot;,&quot;camera&quot;:&quot;&quot;,&quot;caption&quot;:&quot;&quot;,&quot;created_timestamp&quot;:&quot;0&quot;,&quot;copyright&quot;:&quot;&quot;,&quot;focal_length&quot;:&quot;0&quot;,&quot;iso&quot;:&quot;0&quot;,&quot;shutter_speed&quot;:&quot;0&quot;,&quot;title&quot;:&quot;&quot;,&quot;orientation&quot;:&quot;0&quot;}\" data-image-title=\"DSC_0028\" data-image-description=\"\" data-image-caption=\"\" data-large-file=\"https:\/\/www.hoymercedes.com.ar\/principal\/wp-content\/uploads\/2019\/08\/DSC_0028.jpg\" src=\"https:\/\/www.hoymercedes.com.ar\/principal\/wp-content\/uploads\/2019\/08\/DSC_0028.jpg\" alt=\"\" class=\"wp-image-98904\" srcset=\"https:\/\/www.hoymercedes.com.ar\/principal\/wp-content\/uploads\/2019\/08\/DSC_0028.jpg 948w, https:\/\/www.hoymercedes.com.ar\/principal\/wp-content\/uploads\/2019\/08\/DSC_0028-150x100.jpg 150w, https:\/\/www.hoymercedes.com.ar\/principal\/wp-content\/uploads\/2019\/08\/DSC_0028-630x420.jpg 630w, https:\/\/www.hoymercedes.com.ar\/principal\/wp-content\/uploads\/2019\/08\/DSC_0028-720x480.jpg 720w, https:\/\/www.hoymercedes.com.ar\/principal\/wp-content\/uploads\/2019\/08\/DSC_0028-360x240.jpg 360w\" sizes=\"auto, (max-width: 948px) 100vw, 948px\" \/><figcaption>Obra en Gowland<\/figcaption><\/figure>\n\n\n\n<p>El jefe de gabinete, Mat\u00edas\nDematei inform\u00f3 \u201cestas calles se har\u00e1n totalmente en hormig\u00f3n, ten\u00eda un ancho\nde 6 metros y nosotros ahora la haremos de 7 metros\u201d y se incluyen \u201ctrabajos de\ndemarcaci\u00f3n, colocaci\u00f3n de reductores de velocidad lo que redundar\u00e1 en mayor\nseguridad vial\u201d.<\/p>\n\n\n\n<p>\u201cTendr\u00e1 un espesor de 20\ncent\u00edmetros de hormig\u00f3n, 20 cent\u00edmetros de suelo cal y 15 cent\u00edmetros de suelo\ncemento, lo que resultar\u00e1 un paquete estructural muy importante que tendr\u00e1 como\nresultante una obra que durar\u00e1 mucho tiempo\u201d asever\u00f3 Dematei.<\/p>\n\n\n\n<figure class=\"wp-block-image\"><img loading=\"lazy\" decoding=\"async\" width=\"948\" height=\"632\" data-attachment-id=\"98905\" data-permalink=\"https:\/\/www.hoymercedes.com.ar\/principal\/2019\/08\/26\/98902\/gowland1\/#main\" data-orig-file=\"https:\/\/www.hoymercedes.com.ar\/principal\/wp-content\/uploads\/2019\/08\/Gowland1.jpg\" data-orig-size=\"948,632\" data-comments-opened=\"0\" data-image-meta=\"{&quot;aperture&quot;:&quot;0&quot;,&quot;credit&quot;:&quot;&quot;,&quot;camera&quot;:&quot;&quot;,&quot;caption&quot;:&quot;&quot;,&quot;created_timestamp&quot;:&quot;0&quot;,&quot;copyright&quot;:&quot;&quot;,&quot;focal_length&quot;:&quot;0&quot;,&quot;iso&quot;:&quot;0&quot;,&quot;shutter_speed&quot;:&quot;0&quot;,&quot;title&quot;:&quot;&quot;,&quot;orientation&quot;:&quot;0&quot;}\" data-image-title=\"Gowland1\" data-image-description=\"\" data-image-caption=\"\" data-large-file=\"https:\/\/www.hoymercedes.com.ar\/principal\/wp-content\/uploads\/2019\/08\/Gowland1.jpg\" src=\"https:\/\/www.hoymercedes.com.ar\/principal\/wp-content\/uploads\/2019\/08\/Gowland1.jpg\" alt=\"\" class=\"wp-image-98905\" srcset=\"https:\/\/www.hoymercedes.com.ar\/principal\/wp-content\/uploads\/2019\/08\/Gowland1.jpg 948w, https:\/\/www.hoymercedes.com.ar\/principal\/wp-content\/uploads\/2019\/08\/Gowland1-150x100.jpg 150w, https:\/\/www.hoymercedes.com.ar\/principal\/wp-content\/uploads\/2019\/08\/Gowland1-630x420.jpg 630w, https:\/\/www.hoymercedes.com.ar\/principal\/wp-content\/uploads\/2019\/08\/Gowland1-720x480.jpg 720w, https:\/\/www.hoymercedes.com.ar\/principal\/wp-content\/uploads\/2019\/08\/Gowland1-360x240.jpg 360w\" sizes=\"auto, (max-width: 948px) 100vw, 948px\" \/><figcaption>Trabajos de repavimentaci\u00f3n <\/figcaption><\/figure>\n\n\n\n<p>\u201cEstas obras se pueden realizar\ngracias a que el Municipio tiene una econom\u00eda ordenada y saneada y a una clara\ndecisi\u00f3n del intendente Juan Ignacio Ustarroz\u201d destac\u00f3 Dematei<\/p>\n\n\n\n<p>Por\n su parte el intendente Ustarroz comento que \u00abGowland ha crecido mucho y\n esta obra se hac\u00eda muy necesaria\u00bb sostuvo y record\u00f3 tal como \u00abcuando \ninauguramos la primera delegaci\u00f3n del corral\u00f3n para la zona rural, el \nclub, los centros de atenci\u00f3n a la salud, el empedrado en casi todas sus\n cuadras, las vederas para que los ni\u00f1os y ni\u00f1as lleguen a la escuela, \nlas c\u00e1maras, es decir, todo un paquete de mejoras estructural para esta \nzona de la ciudad crece, haci\u00e9ndolo con gente muy comprometida, \nsolidaria y dedicada, coml el caso de Juli\u00e1n, que siempre est\u00e1 bregando \npor sus vecinos\u00bb, afirm\u00f3 entre otros conceptos. <br><\/p>\n\n\n\n<p>Juli\u00e1n\n Inzaugarat, quien adem\u00e1s tiene una plaza inclusiva a su nombra tras la \neleccci\u00f3n de los propios vecinos, expres\u00f3\n\u201cla gente est\u00e1 muy contenta con esta obra,&nbsp; fue anunciada\nhace myy poco tiempo y ya se est\u00e1 concretando\u201d y a\u00f1adi\u00f3 \u201ceste es un \ntramo muy largo e importante, es muy utilizado, estamos todos muy \nfelices\u00bb y remarc\u00f3 que \u00abesta obra &nbsp;beneficia a los vecinos de todas las \nzonas de\nla ciudad y principalmente de esta localidad que la estaba necesitando\u201d \nafirm\u00f3 Inzaugarat.\n&nbsp; <br><\/p>\n\n\n\n<p>La  obra se realiza con fondos municipales y tendr\u00e1 una amplia  jerarquizaci\u00f3n para la zona, con m\u00e1s iluminaci\u00f3n, los nuevos refugios,  forestaci\u00f3n, y todo aquello que premita \u00ablos vecinos tengan el ingreso a  la localidad que se merecen\u00bb<\/p>\n\n\n\n<p>Info: Sec. de Obras<\/p>\n","protected":false},"excerpt":{"rendered":"<p>Continuando con un cronograma de trabajo en pavimento y obra p\u00fablica el Municipio de Mercedes ya finaliz\u00f3 el levantamiento de &#8230; <a title=\"Municipio inici\u00f3 repavimentaci\u00f3n de ingreso a Gowland\" class=\"read-more\" href=\"https:\/\/www.hoymercedes.com.ar\/principal\/2019\/08\/26\/98902\/\" aria-label=\"Leer m\u00e1s sobre Municipio inici\u00f3 repavimentaci\u00f3n de ingreso a Gowland\">Leer m\u00e1s<\/a><\/p>\n","protected":false},"author":1,"featured_media":98904,"comment_status":"closed","ping_status":"open","sticky":false,"template":"","format":"standard","meta":{"_monsterinsights_skip_tracking":false,"_monsterinsights_sitenote_active":false,"_monsterinsights_sitenote_note":"","_monsterinsights_sitenote_category":0,"jetpack_post_was_ever_published":false,"_jetpack_newsletter_access":"","_jetpack_dont_email_post_to_subs":false,"_jetpack_newsletter_tier_id":0,"_jetpack_memberships_contains_paywalled_content":false,"_jetpack_memberships_contains_paid_content":false,"footnotes":"","jetpack_publicize_message":"","jetpack_publicize_feature_enabled":true,"jetpack_social_post_already_shared":true,"jetpack_social_options":{"image_generator_settings":{"template":"highway","default_image_id":0,"font":"","enabled":false},"version":2},"_wpas_customize_per_network":false},"categories":[30],"tags":[3810,13371],"class_list":["post-98902","post","type-post","status-publish","format-standard","has-post-thumbnail","hentry","category-municipio","tag-matias-dematei","tag-obra-publica-mercedes","generate-columns","tablet-grid-50","mobile-grid-100","grid-parent","grid-50"],"jetpack_publicize_connections":[],"jetpack_featured_media_url":"https:\/\/www.hoymercedes.com.ar\/principal\/wp-content\/uploads\/2019\/08\/DSC_0028.jpg","wps_subtitle":"","jetpack_sharing_enabled":true,"_links":{"self":[{"href":"https:\/\/www.hoymercedes.com.ar\/principal\/wp-json\/wp\/v2\/posts\/98902","targetHints":{"allow":["GET"]}}],"collection":[{"href":"https:\/\/www.hoymercedes.com.ar\/principal\/wp-json\/wp\/v2\/posts"}],"about":[{"href":"https:\/\/www.hoymercedes.com.ar\/principal\/wp-json\/wp\/v2\/types\/post"}],"author":[{"embeddable":true,"href":"https:\/\/www.hoymercedes.com.ar\/principal\/wp-json\/wp\/v2\/users\/1"}],"replies":[{"embeddable":true,"href":"https:\/\/www.hoymercedes.com.ar\/principal\/wp-json\/wp\/v2\/comments?post=98902"}],"version-history":[{"count":0,"href":"https:\/\/www.hoymercedes.com.ar\/principal\/wp-json\/wp\/v2\/posts\/98902\/revisions"}],"wp:featuredmedia":[{"embeddable":true,"href":"https:\/\/www.hoymercedes.com.ar\/principal\/wp-json\/wp\/v2\/media\/98904"}],"wp:attachment":[{"href":"https:\/\/www.hoymercedes.com.ar\/principal\/wp-json\/wp\/v2\/media?parent=98902"}],"wp:term":[{"taxonomy":"category","embeddable":true,"href":"https:\/\/www.hoymercedes.com.ar\/principal\/wp-json\/wp\/v2\/categories?post=98902"},{"taxonomy":"post_tag","embeddable":true,"href":"https:\/\/www.hoymercedes.com.ar\/principal\/wp-json\/wp\/v2\/tags?post=98902"}],"curies":[{"name":"wp","href":"https:\/\/api.w.org\/{rel}","templated":true}]}}