{"id":98980,"date":"2019-08-28T10:36:51","date_gmt":"2019-08-28T13:36:51","guid":{"rendered":"http:\/\/www.hoymercedes.com.ar\/principal\/?p=98980"},"modified":"2019-08-28T09:51:14","modified_gmt":"2019-08-28T12:51:14","slug":"lujan-dos-detenidos-por-comercio-de-estupefacientes","status":"publish","type":"post","link":"https:\/\/www.hoymercedes.com.ar\/principal\/2019\/08\/28\/lujan-dos-detenidos-por-comercio-de-estupefacientes\/","title":{"rendered":"Luj\u00e1n: Dos detenidos por comercio de estupefacientes"},"content":{"rendered":"\n<p>Durante el fin de semana, en Luj\u00e1n se llev\u00f3 a\ncabo la aprehensi\u00f3n de un hombre (de 35 a\u00f1os) y una mujer (38), en el marco de\nuna investigaci\u00f3n por presunta modalidad delivery de estupefacientes.<\/p>\n\n\n\n<p>Se inici\u00f3 una investigaci\u00f3n penal\npreparatoria por posible infracci\u00f3n de la Ley 23.737 en la localidad, por ante\nla Unidad Funcional de Instrucci\u00f3n N.\u00ba 10 \u2013 a cargo del doctor Pablo Vieiro \u2013\ncon colaboraci\u00f3n de la Ayudant\u00eda Fiscal Especializada en Estupefacientes del Departamento\nJudicial de Mercedes y la Delegaci\u00f3n Departamental Mercedes de Investigaciones\ndel Tr\u00e1fico de Drogas Il\u00edcitas y Crimen Organizado.<\/p>\n\n\n\n<p>Durante varios meses se llevaron\na cabo tareas de encubierto por parte de agentes policiales, y se fueron recabando\ndiferentes elementos de inter\u00e9s para la investigaci\u00f3n, logrando&nbsp; establecer que la investigada era la\nresponsable de la comercializaci\u00f3n de sustancias estupefacientes modalidad\ndelivery, dado que esta acordaba con los compradores mediante distintos medios\nde comunicaci\u00f3n la venta de sustancias estupefacientes para luego salir en\nalg\u00fan veh\u00edculo a realizar la entrega de la mencionada sustancia prohibida\nmayormente en la zona de Lujan y en horas nocturnas.<\/p>\n\n\n\n<p>En base a elementos recabados en la investigaci\u00f3n, el agente fiscal solicit\u00f3 al Juzgado de Garant\u00edas N\u00ba 2 Departamental a cargo del Dr. Facundo Oliva, \u00f3rdenes de allanamiento en tres domicilios de la ciudad de Luj\u00e1n en el marco de la causa caratulada como \u201cComercio de estupefacientes fraccionadas en dosis destinadas directamente a los consumidores\u201d.<\/p>\n\n\n\n<p>Personal de la Delegaci\u00f3n de\nInvestigaciones&nbsp; del Trafico de Drogas\nIl\u00edcitas y Crimen Organizado Mercedes,&nbsp;&nbsp;\nprocedi\u00f3 a efectivizar&nbsp; el allanamiento\nel pasado s\u00e1bado 24 del corriente, en horas de la noche. En el marco del mismo,\nse aprehendi\u00f3 en la urgencia a la mujer sospechosa.<\/p>\n\n\n\n<p>En tanto, previo allanar se\nobserv\u00f3 que un hombre que manejaba un veh\u00edculo Peugeot -que era investigado en\nesta causa-, sali\u00f3 del lugar y se dirigi\u00f3 al centro de la ciudad. Los pesquisas\nobservaron que realiz\u00f3 una maniobra compatible con la comercializaci\u00f3n de\nsustancias estupefacientes y lo aprehendieron. En la requisa se le incautan\nenvoltorios de nylon de color blanco los que contienen una sustancia\npolvorienta de color blanco&nbsp; de similares\ncaracter\u00edsticas al clorhidrato de coca\u00edna, dinero en efectivo y dem\u00e1s elementos\nde inter\u00e9s.<\/p>\n\n\n\n<p>Acto seguido se solicita la\npresencia de dos personas m\u00e1s para que oficien como testigos&nbsp;&nbsp; y luego se trasladan todos&nbsp; al domicilio de la calle Granaderos y la\nTradici\u00f3n con el fin de llevar a cabo la diligencia de allanamiento del\ndomicilio<\/p>\n\n\n\n<p>En el allanamiento en la vivienda\nse encontraron trozos compactos de marihuana (en total 50 gramos), envoltorios\ncon una sustancia polvorienta de color blanca de similares caracter\u00edsticas al\nclorhidrato de coca\u00edna, y dinero en efectivo (9 envoltorios).\n\nEn la jornada de este lunes 26 de agosto, ambos\nimputados comparecieron ante la agente fiscal en el marco de la audiencia de\ndeclaraci\u00f3n en los t\u00e9rminos del art. 308 del C\u00f3digo Procesal Penal. Tras ello,\nla UFI solicit\u00f3 al Juzgado de Garant\u00edas N.\u00ba 2 la conversi\u00f3n de la aprehensi\u00f3n\nen detenci\u00f3n de ambos.\n\n\n\n<\/p>\n","protected":false},"excerpt":{"rendered":"<p>Durante el fin de semana, en Luj\u00e1n se llev\u00f3 a cabo la aprehensi\u00f3n de un hombre (de 35 a\u00f1os) y &#8230; <a title=\"Luj\u00e1n: Dos detenidos por comercio de estupefacientes\" class=\"read-more\" href=\"https:\/\/www.hoymercedes.com.ar\/principal\/2019\/08\/28\/lujan-dos-detenidos-por-comercio-de-estupefacientes\/\" aria-label=\"Leer m\u00e1s sobre Luj\u00e1n: Dos detenidos por comercio de estupefacientes\">Leer m\u00e1s<\/a><\/p>\n","protected":false},"author":1,"featured_media":98981,"comment_status":"closed","ping_status":"open","sticky":false,"template":"","format":"standard","meta":{"_monsterinsights_skip_tracking":false,"_monsterinsights_sitenote_active":false,"_monsterinsights_sitenote_note":"","_monsterinsights_sitenote_category":0,"jetpack_post_was_ever_published":false,"_jetpack_newsletter_access":"","_jetpack_dont_email_post_to_subs":false,"_jetpack_newsletter_tier_id":0,"_jetpack_memberships_contains_paywalled_content":false,"_jetpack_memberships_contains_paid_content":false,"footnotes":"","jetpack_publicize_message":"","jetpack_publicize_feature_enabled":true,"jetpack_social_post_already_shared":true,"jetpack_social_options":{"image_generator_settings":{"template":"highway","default_image_id":0,"font":"","enabled":false},"version":2},"_wpas_customize_per_network":false},"categories":[85],"tags":[86,96,1057],"class_list":["post-98980","post","type-post","status-publish","format-standard","has-post-thumbnail","hentry","category-policial","tag-lujan","tag-policial-2","tag-regional","generate-columns","tablet-grid-50","mobile-grid-100","grid-parent","grid-50"],"jetpack_publicize_connections":[],"jetpack_featured_media_url":"https:\/\/www.hoymercedes.com.ar\/principal\/wp-content\/uploads\/2019\/08\/28-poli-lujan.jpg","wps_subtitle":"Informaci\u00f3n regional","jetpack_sharing_enabled":true,"_links":{"self":[{"href":"https:\/\/www.hoymercedes.com.ar\/principal\/wp-json\/wp\/v2\/posts\/98980","targetHints":{"allow":["GET"]}}],"collection":[{"href":"https:\/\/www.hoymercedes.com.ar\/principal\/wp-json\/wp\/v2\/posts"}],"about":[{"href":"https:\/\/www.hoymercedes.com.ar\/principal\/wp-json\/wp\/v2\/types\/post"}],"author":[{"embeddable":true,"href":"https:\/\/www.hoymercedes.com.ar\/principal\/wp-json\/wp\/v2\/users\/1"}],"replies":[{"embeddable":true,"href":"https:\/\/www.hoymercedes.com.ar\/principal\/wp-json\/wp\/v2\/comments?post=98980"}],"version-history":[{"count":0,"href":"https:\/\/www.hoymercedes.com.ar\/principal\/wp-json\/wp\/v2\/posts\/98980\/revisions"}],"wp:featuredmedia":[{"embeddable":true,"href":"https:\/\/www.hoymercedes.com.ar\/principal\/wp-json\/wp\/v2\/media\/98981"}],"wp:attachment":[{"href":"https:\/\/www.hoymercedes.com.ar\/principal\/wp-json\/wp\/v2\/media?parent=98980"}],"wp:term":[{"taxonomy":"category","embeddable":true,"href":"https:\/\/www.hoymercedes.com.ar\/principal\/wp-json\/wp\/v2\/categories?post=98980"},{"taxonomy":"post_tag","embeddable":true,"href":"https:\/\/www.hoymercedes.com.ar\/principal\/wp-json\/wp\/v2\/tags?post=98980"}],"curies":[{"name":"wp","href":"https:\/\/api.w.org\/{rel}","templated":true}]}}