{"id":98987,"date":"2019-08-28T14:07:21","date_gmt":"2019-08-28T17:07:21","guid":{"rendered":"http:\/\/www.hoymercedes.com.ar\/principal\/?p=98987"},"modified":"2019-08-28T15:28:26","modified_gmt":"2019-08-28T18:28:26","slug":"dibujo-puntura-y-escultura-en-arquitectos","status":"publish","type":"post","link":"https:\/\/www.hoymercedes.com.ar\/principal\/2019\/08\/28\/dibujo-puntura-y-escultura-en-arquitectos\/","title":{"rendered":"Dibujo, puntura y escultura en Arquitectos"},"content":{"rendered":"\n<p>El d\u00eda jueves 29 de agosto, 20 horas, se \u00a0inaugurar\u00e1 en la Sede Distrital del Colegio de Arquitectos de la provincia de Bs As D5, sita en Av. 30 N\u00b0 564 , Mercedes, una muestra colectiva de dibujo, pintura y escultura integrada por las artistas \u00a0Yolanda Sant\u00eda titulada \u00a0\u00abColores en L\u00ednea\u00bb (disciplina: pinturas)\u00bb, Margarita R\u00edos (disciplinas: dibujo, pintura y escultura) y Vanesa Quintana \u00a0\u00abFragmentos\u00bb (disciplinas: dibujo y pintura).  <\/p>\n\n\n\n<figure class=\"wp-block-image\"><img loading=\"lazy\" decoding=\"async\" width=\"681\" height=\"600\" data-attachment-id=\"98988\" data-permalink=\"https:\/\/www.hoymercedes.com.ar\/principal\/2019\/08\/28\/dibujo-puntura-y-escultura-en-arquitectos\/28-muestra-arquitectos\/#main\" data-orig-file=\"https:\/\/www.hoymercedes.com.ar\/principal\/wp-content\/uploads\/2019\/08\/28-muestra-arquitectos.jpg\" data-orig-size=\"681,600\" data-comments-opened=\"0\" data-image-meta=\"{&quot;aperture&quot;:&quot;0&quot;,&quot;credit&quot;:&quot;&quot;,&quot;camera&quot;:&quot;&quot;,&quot;caption&quot;:&quot;&quot;,&quot;created_timestamp&quot;:&quot;0&quot;,&quot;copyright&quot;:&quot;&quot;,&quot;focal_length&quot;:&quot;0&quot;,&quot;iso&quot;:&quot;0&quot;,&quot;shutter_speed&quot;:&quot;0&quot;,&quot;title&quot;:&quot;&quot;,&quot;orientation&quot;:&quot;0&quot;}\" data-image-title=\"28 muestra arquitectos\" data-image-description=\"\" data-image-caption=\"\" data-large-file=\"https:\/\/www.hoymercedes.com.ar\/principal\/wp-content\/uploads\/2019\/08\/28-muestra-arquitectos.jpg\" src=\"https:\/\/www.hoymercedes.com.ar\/principal\/wp-content\/uploads\/2019\/08\/28-muestra-arquitectos.jpg\" alt=\"\" class=\"wp-image-98988\" srcset=\"https:\/\/www.hoymercedes.com.ar\/principal\/wp-content\/uploads\/2019\/08\/28-muestra-arquitectos.jpg 681w, https:\/\/www.hoymercedes.com.ar\/principal\/wp-content\/uploads\/2019\/08\/28-muestra-arquitectos-150x132.jpg 150w, https:\/\/www.hoymercedes.com.ar\/principal\/wp-content\/uploads\/2019\/08\/28-muestra-arquitectos-630x555.jpg 630w\" sizes=\"auto, (max-width: 681px) 100vw, 681px\" \/><\/figure>\n\n\n\n<p>Yolanda Sant\u00eda (Navarro):\u00a0\u00abMis pinturas son mi reflejo. En ellas se aprecia la pasi\u00f3n con la que pinto.\u00a0Pasi\u00f3n que enloquece. Enloquece\u00a0cuando estoy frente al lienzo o cuando camino por la calle. Siempre pinto, en la tela o en mi mente\u00bb.<\/p>\n\n\n\n<p>Vanesa Quintana (Mercedes): Naci\u00f3\u00a0en Balcarce Bs. As. Estudiante de escuela de Arte de la ciudad de Mercedes.\u00a0 \u00abAlgunas ilustraciones surgen como interpretaci\u00f3n sobre poes\u00eda; en otras ilustraciones simplemente busco\u00a0la expresividad del cuerpo como lenguaje, la gestualidad&#8230;\u00bb <\/p>\n\n\n\n<p> Margarita R\u00edos (Lobos): \u00abDesde peque\u00f1a me cri\u00e9 dibujando y pintando.\u00a0Pas\u00e9 por distintas facetas en mis pinturas, abstractos, naturaleza muerta, pero lo que, as me ha llamado la atenci\u00f3n son las expresiones de los rostros. Esta es una nueva serie, hasta el momento siempre experiment\u00e9 con el blanco y negro, en esta serie incorporo el desaf\u00edo del color.\u00a0Con respecto a la escultura, comenc\u00e9 a los 16 a\u00f1os en un taller de herrer\u00eda y mi primera escultura fue el \u00abRobot con la mano en alto\u00bb; hoy en d\u00eda sigo aprendiendo de esta disciplina\u00bb <\/p>\n\n\n\n<p>La muestra es de acceso libre y gratuito y estar\u00e1 abierta lunes a viernes de 8 a 13 y 14 a 16 horas , hasta el d\u00eda 12 de septiembre.\u00a0 <\/p>\n","protected":false},"excerpt":{"rendered":"<p>El d\u00eda jueves 29 de agosto, 20 horas, se \u00a0inaugurar\u00e1 en la Sede Distrital del Colegio de Arquitectos de la &#8230; <a title=\"Dibujo, puntura y escultura en Arquitectos\" class=\"read-more\" href=\"https:\/\/www.hoymercedes.com.ar\/principal\/2019\/08\/28\/dibujo-puntura-y-escultura-en-arquitectos\/\" aria-label=\"Leer m\u00e1s sobre Dibujo, puntura y escultura en Arquitectos\">Leer m\u00e1s<\/a><\/p>\n","protected":false},"author":1,"featured_media":98988,"comment_status":"closed","ping_status":"open","sticky":false,"template":"","format":"standard","meta":{"_monsterinsights_skip_tracking":false,"_monsterinsights_sitenote_active":false,"_monsterinsights_sitenote_note":"","_monsterinsights_sitenote_category":0,"jetpack_post_was_ever_published":false,"_jetpack_newsletter_access":"","_jetpack_dont_email_post_to_subs":false,"_jetpack_newsletter_tier_id":0,"_jetpack_memberships_contains_paywalled_content":false,"_jetpack_memberships_contains_paid_content":false,"footnotes":"","jetpack_publicize_message":"","jetpack_publicize_feature_enabled":true,"jetpack_social_post_already_shared":true,"jetpack_social_options":{"image_generator_settings":{"template":"highway","default_image_id":0,"font":"","enabled":false},"version":2},"_wpas_customize_per_network":false},"categories":[104],"tags":[6816,7805,8715],"class_list":["post-98987","post","type-post","status-publish","format-standard","has-post-thumbnail","hentry","category-cultura","tag-colegio-de-arquitectos","tag-cultura","tag-muestra","generate-columns","tablet-grid-50","mobile-grid-100","grid-parent","grid-50"],"jetpack_publicize_connections":[],"jetpack_featured_media_url":"https:\/\/www.hoymercedes.com.ar\/principal\/wp-content\/uploads\/2019\/08\/28-muestra-arquitectos.jpg","wps_subtitle":"","jetpack_sharing_enabled":true,"_links":{"self":[{"href":"https:\/\/www.hoymercedes.com.ar\/principal\/wp-json\/wp\/v2\/posts\/98987","targetHints":{"allow":["GET"]}}],"collection":[{"href":"https:\/\/www.hoymercedes.com.ar\/principal\/wp-json\/wp\/v2\/posts"}],"about":[{"href":"https:\/\/www.hoymercedes.com.ar\/principal\/wp-json\/wp\/v2\/types\/post"}],"author":[{"embeddable":true,"href":"https:\/\/www.hoymercedes.com.ar\/principal\/wp-json\/wp\/v2\/users\/1"}],"replies":[{"embeddable":true,"href":"https:\/\/www.hoymercedes.com.ar\/principal\/wp-json\/wp\/v2\/comments?post=98987"}],"version-history":[{"count":0,"href":"https:\/\/www.hoymercedes.com.ar\/principal\/wp-json\/wp\/v2\/posts\/98987\/revisions"}],"wp:featuredmedia":[{"embeddable":true,"href":"https:\/\/www.hoymercedes.com.ar\/principal\/wp-json\/wp\/v2\/media\/98988"}],"wp:attachment":[{"href":"https:\/\/www.hoymercedes.com.ar\/principal\/wp-json\/wp\/v2\/media?parent=98987"}],"wp:term":[{"taxonomy":"category","embeddable":true,"href":"https:\/\/www.hoymercedes.com.ar\/principal\/wp-json\/wp\/v2\/categories?post=98987"},{"taxonomy":"post_tag","embeddable":true,"href":"https:\/\/www.hoymercedes.com.ar\/principal\/wp-json\/wp\/v2\/tags?post=98987"}],"curies":[{"name":"wp","href":"https:\/\/api.w.org\/{rel}","templated":true}]}}