{"id":98992,"date":"2019-08-28T16:16:52","date_gmt":"2019-08-28T19:16:52","guid":{"rendered":"http:\/\/www.hoymercedes.com.ar\/principal\/?p=98992"},"modified":"2019-08-28T16:22:59","modified_gmt":"2019-08-28T19:22:59","slug":"provincia-de-buenos-aires-62-femicidios-en-siete-meses","status":"publish","type":"post","link":"https:\/\/www.hoymercedes.com.ar\/principal\/2019\/08\/28\/provincia-de-buenos-aires-62-femicidios-en-siete-meses\/","title":{"rendered":"Provincia de Buenos Aires: 62 femicidios en siete meses"},"content":{"rendered":"\n<p><em>El Observatorio de Femicidios del Defensor del Pueblo de la Naci\u00f3n detect\u00f3, en todo el pa\u00eds, 155 femicidios durante el per\u00edodo comprendido entre el 1\u00ba de enero y el 31 de julio del 2019, de los cuales 18 son vinculados y seis son personas Trans.  La provincia en la que m\u00e1s casos se produjeron fue\u00a0Buenos Aires, con un total de 62\u00a0en lo que va del a\u00f1o<\/em>. <\/p>\n\n\n\n<figure class=\"wp-block-image\"><img loading=\"lazy\" decoding=\"async\" width=\"789\" height=\"592\" data-attachment-id=\"98993\" data-permalink=\"https:\/\/www.hoymercedes.com.ar\/principal\/2019\/08\/28\/provincia-de-buenos-aires-62-femicidios-en-siete-meses\/28-info-femicidios\/#main\" data-orig-file=\"https:\/\/www.hoymercedes.com.ar\/principal\/wp-content\/uploads\/2019\/08\/28-info-femicidios.jpg\" data-orig-size=\"789,592\" data-comments-opened=\"0\" data-image-meta=\"{&quot;aperture&quot;:&quot;0&quot;,&quot;credit&quot;:&quot;&quot;,&quot;camera&quot;:&quot;&quot;,&quot;caption&quot;:&quot;&quot;,&quot;created_timestamp&quot;:&quot;0&quot;,&quot;copyright&quot;:&quot;&quot;,&quot;focal_length&quot;:&quot;0&quot;,&quot;iso&quot;:&quot;0&quot;,&quot;shutter_speed&quot;:&quot;0&quot;,&quot;title&quot;:&quot;&quot;,&quot;orientation&quot;:&quot;0&quot;}\" data-image-title=\"28 info femicidios\" data-image-description=\"\" data-image-caption=\"\" data-large-file=\"https:\/\/www.hoymercedes.com.ar\/principal\/wp-content\/uploads\/2019\/08\/28-info-femicidios.jpg\" src=\"https:\/\/www.hoymercedes.com.ar\/principal\/wp-content\/uploads\/2019\/08\/28-info-femicidios.jpg\" alt=\"\" class=\"wp-image-98993\" srcset=\"https:\/\/www.hoymercedes.com.ar\/principal\/wp-content\/uploads\/2019\/08\/28-info-femicidios.jpg 789w, https:\/\/www.hoymercedes.com.ar\/principal\/wp-content\/uploads\/2019\/08\/28-info-femicidios-150x113.jpg 150w, https:\/\/www.hoymercedes.com.ar\/principal\/wp-content\/uploads\/2019\/08\/28-info-femicidios-630x473.jpg 630w, https:\/\/www.hoymercedes.com.ar\/principal\/wp-content\/uploads\/2019\/08\/28-info-femicidios-320x240.jpg 320w, https:\/\/www.hoymercedes.com.ar\/principal\/wp-content\/uploads\/2019\/08\/28-info-femicidios-100x75.jpg 100w\" sizes=\"auto, (max-width: 789px) 100vw, 789px\" \/><\/figure>\n\n\n\n<p>El trabajo contiene la totalidad de casos relevados de asesinatos a mujeres (ni\u00f1as, adolescentes y\/o adultas), personas Trans, perpetradas por hombres por razones asociadas con su g\u00e9nero, caratuladas como femicidio o por muerte dudosa bajo sospecha de femicidio &nbsp;y, tambi\u00e9n, incluye los casos de femicidios vinculados.<\/p>\n\n\n\n<p>De la informaci\u00f3n que refiere a las caracter\u00edsticas principales de las v\u00edctimas, se obtuvo casi la totalidad de las edades. Dentro del rango de v\u00edctimas menores de 18 a\u00f1os, se destacan&nbsp;<strong>13 casos de menores de 11 a\u00f1os<\/strong><strong>.<\/strong><\/p>\n\n\n\n<p>La mayor cantidad de casos fueron cometidos por hombres adultos. Sobre la modalidad,&nbsp;<strong>39 asesinatos fueron cometidos mediante el uso de<\/strong>&nbsp;<strong>armas de fuego, 38 por apu\u00f1alamiento<\/strong>, y un alto porcentaje de las v\u00edctimas fueron golpeadas o estranguladas.<\/p>\n\n\n\n<p>La provincia en la que m\u00e1s casos se produjeron fue&nbsp;<strong>Buenos Aires, con un total de 62<\/strong>&nbsp;en lo que va del a\u00f1o. Le siguen las provincias de&nbsp;<strong>C\u00f3rdoba con 14 casos<\/strong>;&nbsp;<strong>Santa F\u00e9 con 10 casos<\/strong>&nbsp;confirmados;&nbsp;<strong>Tucum\u00e1n con 9<\/strong>&nbsp;y en&nbsp;<strong>Chaco 8<\/strong>.<\/p>\n\n\n\n<p>En cuanto a las v\u00edctimas colaterales, se puede afirmar que&nbsp;<strong>103 ni\u00f1os quedaron sin madre<\/strong>, a los que se suman 13 hijos sin datos de edad.<\/p>\n\n\n\n<p>Al respecto, la Defensor\u00eda del Pueblo de la Naci\u00f3n redobla sus esfuerzos para que todas las herramientas legales que tiene a su alcance y los compromisos internacionales que ha asumido se conjuguen de manera compatible.<\/p>\n\n\n\n<p>En tal sentido, est\u00e1 elaborando propuestas de car\u00e1cter preventivo, asistenciales y medidas reparadoras.<\/p>\n\n\n\n<p>Como propuesta de car\u00e1cter preventivo se trabaja para el cumplimiento en todo el pa\u00eds de la Ley N\u00ba 26.150 de Educaci\u00f3n Sexual Integral (ESI) y la difusi\u00f3n e implementaci\u00f3n de la Ley N\u00ba 27.499 (denominada Ley Micaela), a los fines de garantizar la capacitaci\u00f3n obligatoria en la tem\u00e1tica de g\u00e9nero y violencia contra las mujeres para todas las personas que se desempe\u00f1en en la funci\u00f3n p\u00fablica.<\/p>\n\n\n\n<p>En cuanto a las asistenciales, se pretende garantizar el acceso a la Justicia por parte de las mujeres v\u00edctimas de violencia; esto es el acceso al debido asesoramiento y al patrocinio jur\u00eddico gratuito, como as\u00ed tambi\u00e9n, en los casos a r\u00e1pidas y eficientes medidas cautelares como el bot\u00f3n anti-p\u00e1nico o la disponibilidad de refugios y hogares para v\u00edctimas de violencia en todo el pa\u00eds.<\/p>\n\n\n\n<p>Finalmente, en el aspecto reparatorio se solicit\u00f3 el cumplimiento de la Ley Brisa en todo el pa\u00eds, agilizando los tr\u00e1mites que dependen de la ANSES para el pronto cobro de la reparaci\u00f3n econ\u00f3mica hacia los hijos de v\u00edctimas de femicidio.<\/p>\n\n\n\n<p>Fuente: Defensor del Pueblo de la Naci\u00f3n<\/p>\n","protected":false},"excerpt":{"rendered":"<p>El Observatorio de Femicidios del Defensor del Pueblo de la Naci\u00f3n detect\u00f3, en todo el pa\u00eds, 155 femicidios durante el &#8230; <a title=\"Provincia de Buenos Aires: 62 femicidios en siete meses\" class=\"read-more\" href=\"https:\/\/www.hoymercedes.com.ar\/principal\/2019\/08\/28\/provincia-de-buenos-aires-62-femicidios-en-siete-meses\/\" aria-label=\"Leer m\u00e1s sobre Provincia de Buenos Aires: 62 femicidios en siete meses\">Leer m\u00e1s<\/a><\/p>\n","protected":false},"author":1,"featured_media":98993,"comment_status":"closed","ping_status":"open","sticky":false,"template":"","format":"standard","meta":{"_monsterinsights_skip_tracking":false,"_monsterinsights_sitenote_active":false,"_monsterinsights_sitenote_note":"","_monsterinsights_sitenote_category":0,"jetpack_post_was_ever_published":false,"_jetpack_newsletter_access":"","_jetpack_dont_email_post_to_subs":false,"_jetpack_newsletter_tier_id":0,"_jetpack_memberships_contains_paywalled_content":false,"_jetpack_memberships_contains_paid_content":false,"footnotes":"","jetpack_publicize_message":"","jetpack_publicize_feature_enabled":true,"jetpack_social_post_already_shared":true,"jetpack_social_options":{"image_generator_settings":{"template":"highway","default_image_id":0,"font":"","enabled":false},"version":2},"_wpas_customize_per_network":false},"categories":[85],"tags":[10931,15693,96],"class_list":["post-98992","post","type-post","status-publish","format-standard","has-post-thumbnail","hentry","category-policial","tag-femicidios","tag-informe-nacional","tag-policial-2","generate-columns","tablet-grid-50","mobile-grid-100","grid-parent","grid-50"],"jetpack_publicize_connections":[],"jetpack_featured_media_url":"https:\/\/www.hoymercedes.com.ar\/principal\/wp-content\/uploads\/2019\/08\/28-info-femicidios.jpg","wps_subtitle":"","jetpack_sharing_enabled":true,"_links":{"self":[{"href":"https:\/\/www.hoymercedes.com.ar\/principal\/wp-json\/wp\/v2\/posts\/98992","targetHints":{"allow":["GET"]}}],"collection":[{"href":"https:\/\/www.hoymercedes.com.ar\/principal\/wp-json\/wp\/v2\/posts"}],"about":[{"href":"https:\/\/www.hoymercedes.com.ar\/principal\/wp-json\/wp\/v2\/types\/post"}],"author":[{"embeddable":true,"href":"https:\/\/www.hoymercedes.com.ar\/principal\/wp-json\/wp\/v2\/users\/1"}],"replies":[{"embeddable":true,"href":"https:\/\/www.hoymercedes.com.ar\/principal\/wp-json\/wp\/v2\/comments?post=98992"}],"version-history":[{"count":0,"href":"https:\/\/www.hoymercedes.com.ar\/principal\/wp-json\/wp\/v2\/posts\/98992\/revisions"}],"wp:featuredmedia":[{"embeddable":true,"href":"https:\/\/www.hoymercedes.com.ar\/principal\/wp-json\/wp\/v2\/media\/98993"}],"wp:attachment":[{"href":"https:\/\/www.hoymercedes.com.ar\/principal\/wp-json\/wp\/v2\/media?parent=98992"}],"wp:term":[{"taxonomy":"category","embeddable":true,"href":"https:\/\/www.hoymercedes.com.ar\/principal\/wp-json\/wp\/v2\/categories?post=98992"},{"taxonomy":"post_tag","embeddable":true,"href":"https:\/\/www.hoymercedes.com.ar\/principal\/wp-json\/wp\/v2\/tags?post=98992"}],"curies":[{"name":"wp","href":"https:\/\/api.w.org\/{rel}","templated":true}]}}