{"id":99069,"date":"2019-08-29T19:44:12","date_gmt":"2019-08-29T22:44:12","guid":{"rendered":"http:\/\/www.hoymercedes.com.ar\/principal\/?p=99069"},"modified":"2019-08-30T16:46:38","modified_gmt":"2019-08-30T19:46:38","slug":"ustarroz-presento-el-centro-regional-de-investigacion-de-politicas-publica-municipales","status":"publish","type":"post","link":"https:\/\/www.hoymercedes.com.ar\/principal\/2019\/08\/29\/ustarroz-presento-el-centro-regional-de-investigacion-de-politicas-publica-municipales\/","title":{"rendered":"Ustarroz present\u00f3 el \u201cCentro Regional de Investigaci\u00f3n de Pol\u00edticas P\u00fablica Municipales\u201d"},"content":{"rendered":"\n<figure class=\"wp-block-image\"><img loading=\"lazy\" decoding=\"async\" width=\"948\" height=\"632\" data-attachment-id=\"99070\" data-permalink=\"https:\/\/www.hoymercedes.com.ar\/principal\/2019\/08\/29\/ustarroz-presento-el-centro-regional-de-investigacion-de-politicas-publica-municipales\/5-9\/#main\" data-orig-file=\"https:\/\/www.hoymercedes.com.ar\/principal\/wp-content\/uploads\/2019\/08\/5.jpg\" data-orig-size=\"948,632\" data-comments-opened=\"0\" data-image-meta=\"{&quot;aperture&quot;:&quot;0&quot;,&quot;credit&quot;:&quot;SEBASTIANAMBROSSIO&quot;,&quot;camera&quot;:&quot;&quot;,&quot;caption&quot;:&quot;&quot;,&quot;created_timestamp&quot;:&quot;0&quot;,&quot;copyright&quot;:&quot;SebastianAmbrossio&quot;,&quot;focal_length&quot;:&quot;0&quot;,&quot;iso&quot;:&quot;0&quot;,&quot;shutter_speed&quot;:&quot;0&quot;,&quot;title&quot;:&quot;&quot;,&quot;orientation&quot;:&quot;0&quot;}\" data-image-title=\"5\" data-image-description=\"\" data-image-caption=\"\" data-large-file=\"https:\/\/www.hoymercedes.com.ar\/principal\/wp-content\/uploads\/2019\/08\/5.jpg\" src=\"https:\/\/www.hoymercedes.com.ar\/principal\/wp-content\/uploads\/2019\/08\/5.jpg\" alt=\"\" class=\"wp-image-99070\" srcset=\"https:\/\/www.hoymercedes.com.ar\/principal\/wp-content\/uploads\/2019\/08\/5.jpg 948w, https:\/\/www.hoymercedes.com.ar\/principal\/wp-content\/uploads\/2019\/08\/5-150x100.jpg 150w, https:\/\/www.hoymercedes.com.ar\/principal\/wp-content\/uploads\/2019\/08\/5-630x420.jpg 630w, https:\/\/www.hoymercedes.com.ar\/principal\/wp-content\/uploads\/2019\/08\/5-720x480.jpg 720w, https:\/\/www.hoymercedes.com.ar\/principal\/wp-content\/uploads\/2019\/08\/5-360x240.jpg 360w\" sizes=\"auto, (max-width: 948px) 100vw, 948px\" \/><figcaption>Presentaci\u00f3n <\/figcaption><\/figure>\n\n\n\n<p>El intendente Juan Ignacio\nUstarroz present\u00f3 el \u201cCentro Regional de Investigaci\u00f3n y Desarrollo de\nPol\u00edticas P\u00fablicas Municipales\u201d. Este ambicioso proyecto por medio de\nmetodolog\u00edas cient\u00edficas optimizar\u00e1n las pol\u00edticas p\u00fablicas con el objetivo de\nmejorar la calidad de vida de las personas. &nbsp;Articular\u00e1 con universidades, instituciones,\nespacios acad\u00e9micos, de investigaci\u00f3n y los municipios. Mercedes, de esta\nmanera, sigue convirti\u00e9ndose en una referencia de avance para toda la regi\u00f3n. <\/p>\n\n\n\n<p>El Dr. Ustarroz junto a\nreconocidos investigadores y cient\u00edficos de nuestro pa\u00eds en los que se\nencontraban Roberto Salvarezza, Pablo N\u00fa\u00f1ez, Miguel Palma, Federico Robledo y\nMarisa Herrera, expusieron y mostraron en sociedad este proyecto social. <\/p>\n\n\n\n<p>En primer lugar el intendente\nJuan Ignacio Ustarroz agradeci\u00f3 a todos los presentes, destacando el trabajo de\nlos investigadores \u201cque hacen ciencia implicada, involucrada, comprometida con\nnuestra sociedad y con el bienestar de todos\u201d y a su vez a los intendentes\npresentes \u201cporque este centro lo pensamos desde una perspectiva regional, y\nnosotros hace tiempo que venimos trabajando desde una l\u00ednea de pensar en t\u00e9rminos\nregionales, provinciales y nacionales\u201d.<\/p>\n\n\n\n<figure class=\"wp-block-image\"><img loading=\"lazy\" decoding=\"async\" width=\"948\" height=\"632\" data-attachment-id=\"99071\" data-permalink=\"https:\/\/www.hoymercedes.com.ar\/principal\/2019\/08\/29\/ustarroz-presento-el-centro-regional-de-investigacion-de-politicas-publica-municipales\/1-23\/#main\" data-orig-file=\"https:\/\/www.hoymercedes.com.ar\/principal\/wp-content\/uploads\/2019\/08\/1.jpg\" data-orig-size=\"948,632\" data-comments-opened=\"0\" data-image-meta=\"{&quot;aperture&quot;:&quot;0&quot;,&quot;credit&quot;:&quot;SEBASTIANAMBROSSIO&quot;,&quot;camera&quot;:&quot;&quot;,&quot;caption&quot;:&quot;&quot;,&quot;created_timestamp&quot;:&quot;0&quot;,&quot;copyright&quot;:&quot;SebastianAmbrossio&quot;,&quot;focal_length&quot;:&quot;0&quot;,&quot;iso&quot;:&quot;0&quot;,&quot;shutter_speed&quot;:&quot;0&quot;,&quot;title&quot;:&quot;&quot;,&quot;orientation&quot;:&quot;0&quot;}\" data-image-title=\"1\" data-image-description=\"\" data-image-caption=\"\" data-large-file=\"https:\/\/www.hoymercedes.com.ar\/principal\/wp-content\/uploads\/2019\/08\/1.jpg\" src=\"https:\/\/www.hoymercedes.com.ar\/principal\/wp-content\/uploads\/2019\/08\/1.jpg\" alt=\"\" class=\"wp-image-99071\" srcset=\"https:\/\/www.hoymercedes.com.ar\/principal\/wp-content\/uploads\/2019\/08\/1.jpg 948w, https:\/\/www.hoymercedes.com.ar\/principal\/wp-content\/uploads\/2019\/08\/1-150x100.jpg 150w, https:\/\/www.hoymercedes.com.ar\/principal\/wp-content\/uploads\/2019\/08\/1-630x420.jpg 630w, https:\/\/www.hoymercedes.com.ar\/principal\/wp-content\/uploads\/2019\/08\/1-720x480.jpg 720w, https:\/\/www.hoymercedes.com.ar\/principal\/wp-content\/uploads\/2019\/08\/1-360x240.jpg 360w\" sizes=\"auto, (max-width: 948px) 100vw, 948px\" \/><figcaption>Gran asistencia de instituciones, profesionales y vecinos<\/figcaption><\/figure>\n\n\n\n<p>Entre diversas expresiones el Dr.\nUstarroz habl\u00f3 sobre la planificaci\u00f3n y el proceso mediante por el cual se fue\nllevando adelante este ambicioso proyecto \u201cluego de realizar innumerables foros\nde las diferentes tem\u00e1ticas que hacen a las pol\u00edticas p\u00fablicas de un municipio\nfuimos pensando la manera de articular estas pol\u00edticas desde lo local y lo\nnacional\u201d y ahond\u00f3 \u201cdesde el saber cotidiano hacia un saber m\u00e1s involucrado y\nrelacionado a la ciencia\u201d.<\/p>\n\n\n\n<p>\u201cHoy el contexto no lo podemos\nsoslayar, nuestro pa\u00eds est\u00e1 atravesando una crisis muy profunda y esto requiere\nel compromiso de todos los actores, pensar desde la diversidad, pluralidad y\nfundamentalmente ser capaces que ese pensamiento tenga como s\u00edntesis la acci\u00f3n\ny el compromiso\u201d defini\u00f3 el intendente Ustarroz. <\/p>\n\n\n\n<figure class=\"wp-block-image\"><img loading=\"lazy\" decoding=\"async\" width=\"948\" height=\"632\" data-attachment-id=\"99072\" data-permalink=\"https:\/\/www.hoymercedes.com.ar\/principal\/2019\/08\/29\/ustarroz-presento-el-centro-regional-de-investigacion-de-politicas-publica-municipales\/sja_2377\/#main\" data-orig-file=\"https:\/\/www.hoymercedes.com.ar\/principal\/wp-content\/uploads\/2019\/08\/SJA_2377.jpg\" data-orig-size=\"948,632\" data-comments-opened=\"0\" data-image-meta=\"{&quot;aperture&quot;:&quot;0&quot;,&quot;credit&quot;:&quot;SEBASTIANAMBROSSIO&quot;,&quot;camera&quot;:&quot;&quot;,&quot;caption&quot;:&quot;&quot;,&quot;created_timestamp&quot;:&quot;0&quot;,&quot;copyright&quot;:&quot;SebastianAmbrossio&quot;,&quot;focal_length&quot;:&quot;0&quot;,&quot;iso&quot;:&quot;0&quot;,&quot;shutter_speed&quot;:&quot;0&quot;,&quot;title&quot;:&quot;&quot;,&quot;orientation&quot;:&quot;0&quot;}\" data-image-title=\"SJA_2377\" data-image-description=\"\" data-image-caption=\"\" data-large-file=\"https:\/\/www.hoymercedes.com.ar\/principal\/wp-content\/uploads\/2019\/08\/SJA_2377.jpg\" src=\"https:\/\/www.hoymercedes.com.ar\/principal\/wp-content\/uploads\/2019\/08\/SJA_2377.jpg\" alt=\"\" class=\"wp-image-99072\" srcset=\"https:\/\/www.hoymercedes.com.ar\/principal\/wp-content\/uploads\/2019\/08\/SJA_2377.jpg 948w, https:\/\/www.hoymercedes.com.ar\/principal\/wp-content\/uploads\/2019\/08\/SJA_2377-150x100.jpg 150w, https:\/\/www.hoymercedes.com.ar\/principal\/wp-content\/uploads\/2019\/08\/SJA_2377-630x420.jpg 630w, https:\/\/www.hoymercedes.com.ar\/principal\/wp-content\/uploads\/2019\/08\/SJA_2377-720x480.jpg 720w, https:\/\/www.hoymercedes.com.ar\/principal\/wp-content\/uploads\/2019\/08\/SJA_2377-360x240.jpg 360w\" sizes=\"auto, (max-width: 948px) 100vw, 948px\" \/><figcaption>Exposiciones<\/figcaption><\/figure>\n\n\n\n<p>Asimismo, el Dr. Ustarroz expres\u00f3\n\u201ctenemos que pensar este centro desde una perspectiva integral, ser capaces de\nconstruir una relaci\u00f3n donde todos aportemos como destinatarios de una casa\ncom\u00fan a la b\u00fasqueda de esas soluciones\u201d y recalc\u00f3 \u201ceste centro lo que busca es\ngenerar una nueva relaci\u00f3n, un nuevo paradigma de generaci\u00f3n de conocimiento\npara que el mismo est\u00e9 al servicio de la transformaci\u00f3n de la realidad\u201d.&nbsp;&nbsp; <\/p>\n\n\n\n<p>Estos son algunos de los\nconceptos expuestos por la mesa de reconocidas figuras que acompa\u00f1aron el\nlanzamiento de este centro: <\/p>\n\n\n\n<figure class=\"wp-block-image\"><img loading=\"lazy\" decoding=\"async\" width=\"948\" height=\"632\" data-attachment-id=\"99073\" data-permalink=\"https:\/\/www.hoymercedes.com.ar\/principal\/2019\/08\/29\/ustarroz-presento-el-centro-regional-de-investigacion-de-politicas-publica-municipales\/salvarezza\/#main\" data-orig-file=\"https:\/\/www.hoymercedes.com.ar\/principal\/wp-content\/uploads\/2019\/08\/Salvarezza.jpg\" data-orig-size=\"948,632\" data-comments-opened=\"0\" data-image-meta=\"{&quot;aperture&quot;:&quot;0&quot;,&quot;credit&quot;:&quot;SEBASTIANAMBROSSIO&quot;,&quot;camera&quot;:&quot;&quot;,&quot;caption&quot;:&quot;&quot;,&quot;created_timestamp&quot;:&quot;0&quot;,&quot;copyright&quot;:&quot;SebastianAmbrossio&quot;,&quot;focal_length&quot;:&quot;0&quot;,&quot;iso&quot;:&quot;0&quot;,&quot;shutter_speed&quot;:&quot;0&quot;,&quot;title&quot;:&quot;&quot;,&quot;orientation&quot;:&quot;0&quot;}\" data-image-title=\"Salvarezza\" data-image-description=\"\" data-image-caption=\"\" data-large-file=\"https:\/\/www.hoymercedes.com.ar\/principal\/wp-content\/uploads\/2019\/08\/Salvarezza.jpg\" src=\"https:\/\/www.hoymercedes.com.ar\/principal\/wp-content\/uploads\/2019\/08\/Salvarezza.jpg\" alt=\"\" class=\"wp-image-99073\" srcset=\"https:\/\/www.hoymercedes.com.ar\/principal\/wp-content\/uploads\/2019\/08\/Salvarezza.jpg 948w, https:\/\/www.hoymercedes.com.ar\/principal\/wp-content\/uploads\/2019\/08\/Salvarezza-150x100.jpg 150w, https:\/\/www.hoymercedes.com.ar\/principal\/wp-content\/uploads\/2019\/08\/Salvarezza-630x420.jpg 630w, https:\/\/www.hoymercedes.com.ar\/principal\/wp-content\/uploads\/2019\/08\/Salvarezza-720x480.jpg 720w, https:\/\/www.hoymercedes.com.ar\/principal\/wp-content\/uploads\/2019\/08\/Salvarezza-360x240.jpg 360w\" sizes=\"auto, (max-width: 948px) 100vw, 948px\" \/><figcaption>Salvarezza<\/figcaption><\/figure>\n\n\n\n<p>Roberto Salvarezza <\/p>\n\n\n\n<p>\u201cConstituir una herramienta como\nesta es necesaria e imprescindible ya que la clave del desarrollo econ\u00f3mico y\nsocioecon\u00f3mico depende justamente en esta etapa de la capacidad de las\nsociedades de apropiarse y ensamblar conocimiento\u201d. &nbsp;<\/p>\n\n\n\n<p>\u201cDesde el 2015 hemos tenido un\nretroceso evidente, hemos sido desfinanciado\u201d y subray\u00f3 \u201cestamos muy lejos de\nlos pa\u00edses desarrollados que nos multiplican por tres en inversi\u00f3n y por cuatro\nen n\u00fameros de investigadores\u201d.&nbsp; &nbsp;&nbsp;<\/p>\n\n\n\n<p>\u201cEste centro que hoy se inaugura\nme causa una gran satisfacci\u00f3n y espero que la sociedad que viene sea una\nsociedad y una econom\u00eda basada en el conocimiento\u201d.<\/p>\n\n\n\n<figure class=\"wp-block-image\"><img loading=\"lazy\" decoding=\"async\" width=\"948\" height=\"632\" data-attachment-id=\"99074\" data-permalink=\"https:\/\/www.hoymercedes.com.ar\/principal\/2019\/08\/29\/ustarroz-presento-el-centro-regional-de-investigacion-de-politicas-publica-municipales\/nunez\/#main\" data-orig-file=\"https:\/\/www.hoymercedes.com.ar\/principal\/wp-content\/uploads\/2019\/08\/Nu\u00f1ez.jpg\" data-orig-size=\"948,632\" data-comments-opened=\"0\" data-image-meta=\"{&quot;aperture&quot;:&quot;0&quot;,&quot;credit&quot;:&quot;SEBASTIANAMBROSSIO&quot;,&quot;camera&quot;:&quot;&quot;,&quot;caption&quot;:&quot;&quot;,&quot;created_timestamp&quot;:&quot;0&quot;,&quot;copyright&quot;:&quot;SebastianAmbrossio&quot;,&quot;focal_length&quot;:&quot;0&quot;,&quot;iso&quot;:&quot;0&quot;,&quot;shutter_speed&quot;:&quot;0&quot;,&quot;title&quot;:&quot;&quot;,&quot;orientation&quot;:&quot;0&quot;}\" data-image-title=\"Nu\u00f1ez\" data-image-description=\"\" data-image-caption=\"\" data-large-file=\"https:\/\/www.hoymercedes.com.ar\/principal\/wp-content\/uploads\/2019\/08\/Nu\u00f1ez.jpg\" src=\"https:\/\/www.hoymercedes.com.ar\/principal\/wp-content\/uploads\/2019\/08\/Nu\u00f1ez.jpg\" alt=\"\" class=\"wp-image-99074\" srcset=\"https:\/\/www.hoymercedes.com.ar\/principal\/wp-content\/uploads\/2019\/08\/Nu\u00f1ez.jpg 948w, https:\/\/www.hoymercedes.com.ar\/principal\/wp-content\/uploads\/2019\/08\/Nu\u00f1ez-150x100.jpg 150w, https:\/\/www.hoymercedes.com.ar\/principal\/wp-content\/uploads\/2019\/08\/Nu\u00f1ez-630x420.jpg 630w, https:\/\/www.hoymercedes.com.ar\/principal\/wp-content\/uploads\/2019\/08\/Nu\u00f1ez-720x480.jpg 720w, https:\/\/www.hoymercedes.com.ar\/principal\/wp-content\/uploads\/2019\/08\/Nu\u00f1ez-360x240.jpg 360w\" sizes=\"auto, (max-width: 948px) 100vw, 948px\" \/><figcaption>Pablo Nu\u00f1ez<\/figcaption><\/figure>\n\n\n\n<p>Pablo N\u00fa\u00f1ez<\/p>\n\n\n\n<p>\u201cEsta necesidad de crear un centro\nregional que sea la atracci\u00f3n y la demanda local, que sea el organismo y la\nherramienta institucional innovadora que recorra todas las problem\u00e1ticas de las\npol\u00edticas p\u00fablicas que tiene el desarrollo municipal desde la producci\u00f3n, la\nsalud, el trabajo, el ambiente, la inclusi\u00f3n social y que sea capaz de ser un\nactor que logre articular todo\u201d y se\u00f1al\u00f3 \u201cque piense el municipio que queremos\nen 15 o 20 a\u00f1os y ese es el trabajo y el desaf\u00edo que tiene este centro\nregional\u201d.<\/p>\n\n\n\n<figure class=\"wp-block-image\"><img loading=\"lazy\" decoding=\"async\" width=\"948\" height=\"632\" data-attachment-id=\"99075\" data-permalink=\"https:\/\/www.hoymercedes.com.ar\/principal\/2019\/08\/29\/ustarroz-presento-el-centro-regional-de-investigacion-de-politicas-publica-municipales\/palma\/#main\" data-orig-file=\"https:\/\/www.hoymercedes.com.ar\/principal\/wp-content\/uploads\/2019\/08\/Palma.jpg\" data-orig-size=\"948,632\" data-comments-opened=\"0\" data-image-meta=\"{&quot;aperture&quot;:&quot;0&quot;,&quot;credit&quot;:&quot;SEBASTIANAMBROSSIO&quot;,&quot;camera&quot;:&quot;&quot;,&quot;caption&quot;:&quot;&quot;,&quot;created_timestamp&quot;:&quot;0&quot;,&quot;copyright&quot;:&quot;SebastianAmbrossio&quot;,&quot;focal_length&quot;:&quot;0&quot;,&quot;iso&quot;:&quot;0&quot;,&quot;shutter_speed&quot;:&quot;0&quot;,&quot;title&quot;:&quot;&quot;,&quot;orientation&quot;:&quot;0&quot;}\" data-image-title=\"Palma\" data-image-description=\"\" data-image-caption=\"\" data-large-file=\"https:\/\/www.hoymercedes.com.ar\/principal\/wp-content\/uploads\/2019\/08\/Palma.jpg\" src=\"https:\/\/www.hoymercedes.com.ar\/principal\/wp-content\/uploads\/2019\/08\/Palma.jpg\" alt=\"\" class=\"wp-image-99075\" srcset=\"https:\/\/www.hoymercedes.com.ar\/principal\/wp-content\/uploads\/2019\/08\/Palma.jpg 948w, https:\/\/www.hoymercedes.com.ar\/principal\/wp-content\/uploads\/2019\/08\/Palma-150x100.jpg 150w, https:\/\/www.hoymercedes.com.ar\/principal\/wp-content\/uploads\/2019\/08\/Palma-630x420.jpg 630w, https:\/\/www.hoymercedes.com.ar\/principal\/wp-content\/uploads\/2019\/08\/Palma-720x480.jpg 720w, https:\/\/www.hoymercedes.com.ar\/principal\/wp-content\/uploads\/2019\/08\/Palma-360x240.jpg 360w\" sizes=\"auto, (max-width: 948px) 100vw, 948px\" \/><figcaption>Miguel Palma<\/figcaption><\/figure>\n\n\n\n<p>Miguel Palma <\/p>\n\n\n\n<p>\u201cGracias a la capacidad pol\u00edtica\ndel Dr. Juan Ignacio Ustarroz y su gran compromiso social pudimos llegar a este\nmomento en donde estamos presentando a ustedes un prototipo de lo que va a ser\nun centro de visi\u00f3n de conocimiento a nivel territorial donde se van a generar\npol\u00edticas p\u00fablicas que tienen como objetivo lograr el bienestar de la poblaci\u00f3n\u201d\ny a\u00f1adi\u00f3&nbsp; \u201cmediante la investigaci\u00f3n que\nhace perceptible lo imperceptible y eso que se logra es lo que tiene que\nredundar en el beneficio de la comunidad toda\u201d. <\/p>\n\n\n\n<figure class=\"wp-block-image\"><img loading=\"lazy\" decoding=\"async\" width=\"948\" height=\"632\" data-attachment-id=\"99076\" data-permalink=\"https:\/\/www.hoymercedes.com.ar\/principal\/2019\/08\/29\/ustarroz-presento-el-centro-regional-de-investigacion-de-politicas-publica-municipales\/robledo\/#main\" data-orig-file=\"https:\/\/www.hoymercedes.com.ar\/principal\/wp-content\/uploads\/2019\/08\/Robledo.jpg\" data-orig-size=\"948,632\" data-comments-opened=\"0\" data-image-meta=\"{&quot;aperture&quot;:&quot;0&quot;,&quot;credit&quot;:&quot;SEBASTIANAMBROSSIO&quot;,&quot;camera&quot;:&quot;&quot;,&quot;caption&quot;:&quot;&quot;,&quot;created_timestamp&quot;:&quot;0&quot;,&quot;copyright&quot;:&quot;SebastianAmbrossio&quot;,&quot;focal_length&quot;:&quot;0&quot;,&quot;iso&quot;:&quot;0&quot;,&quot;shutter_speed&quot;:&quot;0&quot;,&quot;title&quot;:&quot;&quot;,&quot;orientation&quot;:&quot;0&quot;}\" data-image-title=\"Robledo\" data-image-description=\"\" data-image-caption=\"\" data-large-file=\"https:\/\/www.hoymercedes.com.ar\/principal\/wp-content\/uploads\/2019\/08\/Robledo.jpg\" src=\"https:\/\/www.hoymercedes.com.ar\/principal\/wp-content\/uploads\/2019\/08\/Robledo.jpg\" alt=\"\" class=\"wp-image-99076\" srcset=\"https:\/\/www.hoymercedes.com.ar\/principal\/wp-content\/uploads\/2019\/08\/Robledo.jpg 948w, https:\/\/www.hoymercedes.com.ar\/principal\/wp-content\/uploads\/2019\/08\/Robledo-150x100.jpg 150w, https:\/\/www.hoymercedes.com.ar\/principal\/wp-content\/uploads\/2019\/08\/Robledo-630x420.jpg 630w, https:\/\/www.hoymercedes.com.ar\/principal\/wp-content\/uploads\/2019\/08\/Robledo-720x480.jpg 720w, https:\/\/www.hoymercedes.com.ar\/principal\/wp-content\/uploads\/2019\/08\/Robledo-360x240.jpg 360w\" sizes=\"auto, (max-width: 948px) 100vw, 948px\" \/><figcaption>Robledo<\/figcaption><\/figure>\n\n\n\n<p>Federico Robledo<\/p>\n\n\n\n<p>\u201cNada mejor que un centro con\nestas caracterices impulsado desde un municipio, en t\u00e9rminos personales no\nconozco otras instancias de estas con este marco conceptual donde empecemos a\nproducir conocimiento, la verdad que el punto de partida es muy auspicioso\u201d y\nmanifest\u00f3 \u201cel investigador bajando a terreno, a pensar la pregunta en conjunto\ncon el actor municipal, es algo que no ha pasado en la historia, esto es algo\nnovedoso\u201d.<\/p>\n\n\n\n<figure class=\"wp-block-image\"><img loading=\"lazy\" decoding=\"async\" width=\"948\" height=\"632\" data-attachment-id=\"99077\" data-permalink=\"https:\/\/www.hoymercedes.com.ar\/principal\/2019\/08\/29\/ustarroz-presento-el-centro-regional-de-investigacion-de-politicas-publica-municipales\/herrera\/#main\" data-orig-file=\"https:\/\/www.hoymercedes.com.ar\/principal\/wp-content\/uploads\/2019\/08\/Herrera.jpg\" data-orig-size=\"948,632\" data-comments-opened=\"0\" data-image-meta=\"{&quot;aperture&quot;:&quot;0&quot;,&quot;credit&quot;:&quot;SEBASTIANAMBROSSIO&quot;,&quot;camera&quot;:&quot;&quot;,&quot;caption&quot;:&quot;&quot;,&quot;created_timestamp&quot;:&quot;0&quot;,&quot;copyright&quot;:&quot;SebastianAmbrossio&quot;,&quot;focal_length&quot;:&quot;0&quot;,&quot;iso&quot;:&quot;0&quot;,&quot;shutter_speed&quot;:&quot;0&quot;,&quot;title&quot;:&quot;&quot;,&quot;orientation&quot;:&quot;0&quot;}\" data-image-title=\"Herrera\" data-image-description=\"\" data-image-caption=\"\" data-large-file=\"https:\/\/www.hoymercedes.com.ar\/principal\/wp-content\/uploads\/2019\/08\/Herrera.jpg\" src=\"https:\/\/www.hoymercedes.com.ar\/principal\/wp-content\/uploads\/2019\/08\/Herrera.jpg\" alt=\"\" class=\"wp-image-99077\" srcset=\"https:\/\/www.hoymercedes.com.ar\/principal\/wp-content\/uploads\/2019\/08\/Herrera.jpg 948w, https:\/\/www.hoymercedes.com.ar\/principal\/wp-content\/uploads\/2019\/08\/Herrera-150x100.jpg 150w, https:\/\/www.hoymercedes.com.ar\/principal\/wp-content\/uploads\/2019\/08\/Herrera-630x420.jpg 630w, https:\/\/www.hoymercedes.com.ar\/principal\/wp-content\/uploads\/2019\/08\/Herrera-720x480.jpg 720w, https:\/\/www.hoymercedes.com.ar\/principal\/wp-content\/uploads\/2019\/08\/Herrera-360x240.jpg 360w\" sizes=\"auto, (max-width: 948px) 100vw, 948px\" \/><figcaption>Herrera<\/figcaption><\/figure>\n\n\n\n<p>Marisa Herrera &nbsp;<\/p>\n\n\n\n<p>\u201cEste centro es algo superador,\nes algo incre\u00edble que revaloriza el trabajo que hacen los investigadores y me\nparece un elemento muy importante para poder generar informaci\u00f3n local\u201d y\nse\u00f1al\u00f3 \u201clas pol\u00edticas que se lleven a cabo reivindicar\u00e1n todo lo que tiene que\nver con lo social\u201d.<\/p>\n\n\n\n<p>Y a\u00f1adi\u00f3 \u201cdebemos conocer cu\u00e1les\nson las falencias para poder profundizar m\u00e1s las pol\u00edticas que se llevaran a\ncabo y a su vez interpelar el trabajo que desarrollamos d\u00eda a d\u00eda\u201d.&nbsp;&nbsp;&nbsp; <\/p>\n\n\n\n<figure class=\"wp-block-image\"><img loading=\"lazy\" decoding=\"async\" width=\"948\" height=\"632\" data-attachment-id=\"99078\" data-permalink=\"https:\/\/www.hoymercedes.com.ar\/principal\/2019\/08\/29\/ustarroz-presento-el-centro-regional-de-investigacion-de-politicas-publica-municipales\/2-18\/#main\" data-orig-file=\"https:\/\/www.hoymercedes.com.ar\/principal\/wp-content\/uploads\/2019\/08\/2.jpg\" data-orig-size=\"948,632\" data-comments-opened=\"0\" data-image-meta=\"{&quot;aperture&quot;:&quot;0&quot;,&quot;credit&quot;:&quot;SEBASTIANAMBROSSIO&quot;,&quot;camera&quot;:&quot;&quot;,&quot;caption&quot;:&quot;&quot;,&quot;created_timestamp&quot;:&quot;0&quot;,&quot;copyright&quot;:&quot;SebastianAmbrossio&quot;,&quot;focal_length&quot;:&quot;0&quot;,&quot;iso&quot;:&quot;0&quot;,&quot;shutter_speed&quot;:&quot;0&quot;,&quot;title&quot;:&quot;&quot;,&quot;orientation&quot;:&quot;0&quot;}\" data-image-title=\"2\" data-image-description=\"\" data-image-caption=\"\" data-large-file=\"https:\/\/www.hoymercedes.com.ar\/principal\/wp-content\/uploads\/2019\/08\/2.jpg\" src=\"https:\/\/www.hoymercedes.com.ar\/principal\/wp-content\/uploads\/2019\/08\/2.jpg\" alt=\"\" class=\"wp-image-99078\" srcset=\"https:\/\/www.hoymercedes.com.ar\/principal\/wp-content\/uploads\/2019\/08\/2.jpg 948w, https:\/\/www.hoymercedes.com.ar\/principal\/wp-content\/uploads\/2019\/08\/2-150x100.jpg 150w, https:\/\/www.hoymercedes.com.ar\/principal\/wp-content\/uploads\/2019\/08\/2-630x420.jpg 630w, https:\/\/www.hoymercedes.com.ar\/principal\/wp-content\/uploads\/2019\/08\/2-720x480.jpg 720w, https:\/\/www.hoymercedes.com.ar\/principal\/wp-content\/uploads\/2019\/08\/2-360x240.jpg 360w\" sizes=\"auto, (max-width: 948px) 100vw, 948px\" \/><figcaption>Diputados, intendentes, profesionales, vecinos, colegios de profesionales, entre otros<\/figcaption><\/figure>\n\n\n\n<p><strong>Gran asistencia<\/strong><\/p>\n\n\n\n<p>La reuni\u00f3n se efectu\u00f3 en el recinto del Honorable Concejo Deliberante, donde hubo una gran cantidad de vecinos y representaciones institucionales, de colegios de profesionales, espacios educativos, universidades nacionales, del CBC, los diputados Eduardo de Pedro, Carlos Selva, Florencia Lampreabe, Lucia Portos, los intendentes Leonardo Nardini, Santiago Magiotti, representantes de Luj\u00e1n, Pilar, Areco, Giles, Suipacha, Hurlingham, Moreno, CABA, entre otros lugares donde la noticia tuvo excelente recepci\u00f3n. <\/p>\n\n\n\n<p>Fuente: municipio<\/p>\n","protected":false},"excerpt":{"rendered":"<p>El intendente Juan Ignacio Ustarroz present\u00f3 el \u201cCentro Regional de Investigaci\u00f3n y Desarrollo de Pol\u00edticas P\u00fablicas Municipales\u201d. Este ambicioso proyecto &#8230; <a title=\"Ustarroz present\u00f3 el \u201cCentro Regional de Investigaci\u00f3n de Pol\u00edticas P\u00fablica Municipales\u201d\" class=\"read-more\" href=\"https:\/\/www.hoymercedes.com.ar\/principal\/2019\/08\/29\/ustarroz-presento-el-centro-regional-de-investigacion-de-politicas-publica-municipales\/\" aria-label=\"Leer m\u00e1s sobre Ustarroz present\u00f3 el \u201cCentro Regional de Investigaci\u00f3n de Pol\u00edticas P\u00fablica Municipales\u201d\">Leer m\u00e1s<\/a><\/p>\n","protected":false},"author":1,"featured_media":99071,"comment_status":"closed","ping_status":"open","sticky":false,"template":"","format":"standard","meta":{"_monsterinsights_skip_tracking":false,"_monsterinsights_sitenote_active":false,"_monsterinsights_sitenote_note":"","_monsterinsights_sitenote_category":0,"jetpack_post_was_ever_published":false,"_jetpack_newsletter_access":"","_jetpack_dont_email_post_to_subs":false,"_jetpack_newsletter_tier_id":0,"_jetpack_memberships_contains_paywalled_content":false,"_jetpack_memberships_contains_paid_content":false,"footnotes":"","jetpack_publicize_message":"","jetpack_publicize_feature_enabled":true,"jetpack_social_post_already_shared":true,"jetpack_social_options":{"image_generator_settings":{"template":"highway","default_image_id":0,"font":"","enabled":false},"version":2},"_wpas_customize_per_network":false},"categories":[30],"tags":[15709,15706,244],"class_list":["post-99069","post","type-post","status-publish","format-standard","has-post-thumbnail","hentry","category-municipio","tag-centro-de-investigaciones","tag-marisa-herrero","tag-municipio-2","generate-columns","tablet-grid-50","mobile-grid-100","grid-parent","grid-50"],"jetpack_publicize_connections":[],"jetpack_featured_media_url":"https:\/\/www.hoymercedes.com.ar\/principal\/wp-content\/uploads\/2019\/08\/1.jpg","wps_subtitle":"","jetpack_sharing_enabled":true,"_links":{"self":[{"href":"https:\/\/www.hoymercedes.com.ar\/principal\/wp-json\/wp\/v2\/posts\/99069","targetHints":{"allow":["GET"]}}],"collection":[{"href":"https:\/\/www.hoymercedes.com.ar\/principal\/wp-json\/wp\/v2\/posts"}],"about":[{"href":"https:\/\/www.hoymercedes.com.ar\/principal\/wp-json\/wp\/v2\/types\/post"}],"author":[{"embeddable":true,"href":"https:\/\/www.hoymercedes.com.ar\/principal\/wp-json\/wp\/v2\/users\/1"}],"replies":[{"embeddable":true,"href":"https:\/\/www.hoymercedes.com.ar\/principal\/wp-json\/wp\/v2\/comments?post=99069"}],"version-history":[{"count":0,"href":"https:\/\/www.hoymercedes.com.ar\/principal\/wp-json\/wp\/v2\/posts\/99069\/revisions"}],"wp:featuredmedia":[{"embeddable":true,"href":"https:\/\/www.hoymercedes.com.ar\/principal\/wp-json\/wp\/v2\/media\/99071"}],"wp:attachment":[{"href":"https:\/\/www.hoymercedes.com.ar\/principal\/wp-json\/wp\/v2\/media?parent=99069"}],"wp:term":[{"taxonomy":"category","embeddable":true,"href":"https:\/\/www.hoymercedes.com.ar\/principal\/wp-json\/wp\/v2\/categories?post=99069"},{"taxonomy":"post_tag","embeddable":true,"href":"https:\/\/www.hoymercedes.com.ar\/principal\/wp-json\/wp\/v2\/tags?post=99069"}],"curies":[{"name":"wp","href":"https:\/\/api.w.org\/{rel}","templated":true}]}}