{"id":991,"date":"2010-12-09T16:45:29","date_gmt":"2010-12-09T16:45:29","guid":{"rendered":"http:\/\/www.hoymercedes.com.ar\/principal\/?p=991"},"modified":"2010-12-09T16:45:29","modified_gmt":"2010-12-09T16:45:29","slug":"los-adornos-navidenos-en-la-plaza-y-la-municipalidad","status":"publish","type":"post","link":"https:\/\/www.hoymercedes.com.ar\/principal\/2010\/12\/09\/los-adornos-navidenos-en-la-plaza-y-la-municipalidad\/","title":{"rendered":"Los adornos Navide\u00f1os en la Plaza y la Municipalidad"},"content":{"rendered":"<p style=\"text-align: justify;\">En las \u00faltimas horas se pudo ver trabajando con mucha intensidad a varios equipos pertenecientes al gobierno municipal concretando tareas relacionadas con la ornamentaci\u00f3n de la Plaza San Mart\u00edn, y parte de la fachada del Palacio Municipal.<\/p>\n<p style=\"text-align: justify;\"><a href=\"https:\/\/www.hoymercedes.com.ar\/principal\/wp-content\/uploads\/2010\/12\/papanoel2010.jpg\"><img loading=\"lazy\" decoding=\"async\" data-attachment-id=\"993\" data-permalink=\"https:\/\/www.hoymercedes.com.ar\/principal\/2010\/12\/09\/los-adornos-navidenos-en-la-plaza-y-la-municipalidad\/papanoel2010\/#main\" data-orig-file=\"https:\/\/www.hoymercedes.com.ar\/principal\/wp-content\/uploads\/2010\/12\/papanoel2010.jpg\" data-orig-size=\"400,300\" data-comments-opened=\"1\" data-image-meta=\"{&quot;aperture&quot;:&quot;5.2&quot;,&quot;credit&quot;:&quot;&quot;,&quot;camera&quot;:&quot;COOLPIX L10&quot;,&quot;caption&quot;:&quot;&quot;,&quot;created_timestamp&quot;:&quot;1291647836&quot;,&quot;copyright&quot;:&quot;Copyright 2006&quot;,&quot;focal_length&quot;:&quot;18.6&quot;,&quot;iso&quot;:&quot;800&quot;,&quot;shutter_speed&quot;:&quot;0.016666666666667&quot;,&quot;title&quot;:&quot;&quot;}\" data-image-title=\"papanoel2010\" data-image-description=\"\" data-image-caption=\"\" data-large-file=\"https:\/\/www.hoymercedes.com.ar\/principal\/wp-content\/uploads\/2010\/12\/papanoel2010.jpg\" class=\"aligncenter size-full wp-image-993\" title=\"papanoel2010\" src=\"https:\/\/www.hoymercedes.com.ar\/principal\/wp-content\/uploads\/2010\/12\/papanoel2010.jpg\" alt=\"\" width=\"400\" height=\"300\" \/><\/a><\/p>\n<p style=\"text-align: justify;\">El motivo, muy sencillo, desear al pueblo de Mercedes Felices fiestas y en tal sentido en la plaza ya se puede observar como se le ha colocado cintas de varios colores a cada una de las columnas de alumbrado y como se han decorado con paquetes de \u201csupuestos \u201cregalos varios de los \u00e1rboles existentes en la misma.<\/p>\n<p style=\"text-align: justify;\"><a href=\"https:\/\/www.hoymercedes.com.ar\/principal\/wp-content\/uploads\/2010\/12\/arbolplaza2010.jpg\"><img loading=\"lazy\" decoding=\"async\" data-attachment-id=\"994\" data-permalink=\"https:\/\/www.hoymercedes.com.ar\/principal\/2010\/12\/09\/los-adornos-navidenos-en-la-plaza-y-la-municipalidad\/arbolplaza2010\/#main\" data-orig-file=\"https:\/\/www.hoymercedes.com.ar\/principal\/wp-content\/uploads\/2010\/12\/arbolplaza2010.jpg\" data-orig-size=\"400,300\" data-comments-opened=\"1\" data-image-meta=\"{&quot;aperture&quot;:&quot;2.8&quot;,&quot;credit&quot;:&quot;&quot;,&quot;camera&quot;:&quot;COOLPIX L10&quot;,&quot;caption&quot;:&quot;&quot;,&quot;created_timestamp&quot;:&quot;1291648109&quot;,&quot;copyright&quot;:&quot;Copyright 2006&quot;,&quot;focal_length&quot;:&quot;6.2&quot;,&quot;iso&quot;:&quot;400&quot;,&quot;shutter_speed&quot;:&quot;0.016666666666667&quot;,&quot;title&quot;:&quot;&quot;}\" data-image-title=\"arbolplaza2010\" data-image-description=\"\" data-image-caption=\"\" data-large-file=\"https:\/\/www.hoymercedes.com.ar\/principal\/wp-content\/uploads\/2010\/12\/arbolplaza2010.jpg\" class=\"aligncenter size-full wp-image-994\" title=\"arbolplaza2010\" src=\"https:\/\/www.hoymercedes.com.ar\/principal\/wp-content\/uploads\/2010\/12\/arbolplaza2010.jpg\" alt=\"\" width=\"400\" height=\"300\" srcset=\"https:\/\/www.hoymercedes.com.ar\/principal\/wp-content\/uploads\/2010\/12\/arbolplaza2010.jpg 400w, https:\/\/www.hoymercedes.com.ar\/principal\/wp-content\/uploads\/2010\/12\/arbolplaza2010-300x225.jpg 300w\" sizes=\"auto, (max-width: 400px) 100vw, 400px\" \/><\/a><\/p>\n<p style=\"text-align: justify;\">Pero sin duda alguna el principal atractivo se encuentra en la parte superior de la fachada del edificio comunal, es decir el sector de los balcones del Honorable Concejo Deliberante donde se ha colocado un Papa Noel ataviado con su vestimenta tradicional y hasta con una bolsa conteniendo los regalos que deber\u00e1 entregar.<\/p>\n<p style=\"text-align: justify;\">\n<p style=\"text-align: justify;\">Al verlo no faltaron aquellos que comenzaron a preguntar qui\u00e9n era en realidad el que ocupaba la vestimenta de Papa Noel y as\u00ed comenzaron a conocerse una lista casi interminable de nombres, aunque algunos de ellos r\u00e1pidamente fueron descartados como el del propio intendente, y los de Mart\u00edn Zubeld\u00eda, Gustavo Salomone. el contador Nestor Palacios y hasta el propio Marcelo Melo, pero como se dijo fueron descartados por razones que realmente no hace falta explicar. Entonces \u00bfQui\u00e9n es el Papa Noel sentado en el balc\u00f3n? Para unos Mariano Castelucci, para otros Pablo Banchero, tambi\u00e9n dicen que podr\u00eda ser Jorge Retegui y hasta el mism\u00edsimo Fito Principi. Sin embargo hay gente que asegura haber visto, nosotros no tuvimos esa suerte, nada menos que al protocolar Pablo Vera con el traje en su s manos minutos antes de cambiarse para ocupar dicha ubicaci\u00f3n,<\/p>\n<p style=\"text-align: justify;\">Fuera de toda broma que esperamos las personas mencionadas sepan tomar como una expresi\u00f3n de amistad, la gran intriga es saber que nos traer\u00e1 Papa Noel en su bolsa para el 2011.<\/p>\n","protected":false},"excerpt":{"rendered":"<p>En las \u00faltimas horas se pudo ver trabajando con mucha intensidad a varios equipos pertenecientes al gobierno municipal concretando tareas &#8230; <a title=\"Los adornos Navide\u00f1os en la Plaza y la Municipalidad\" class=\"read-more\" href=\"https:\/\/www.hoymercedes.com.ar\/principal\/2010\/12\/09\/los-adornos-navidenos-en-la-plaza-y-la-municipalidad\/\" aria-label=\"Leer m\u00e1s sobre Los adornos Navide\u00f1os en la Plaza y la Municipalidad\">Leer m\u00e1s<\/a><\/p>\n","protected":false},"author":1,"featured_media":0,"comment_status":"open","ping_status":"open","sticky":false,"template":"","format":"standard","meta":{"_monsterinsights_skip_tracking":false,"_monsterinsights_sitenote_active":false,"_monsterinsights_sitenote_note":"","_monsterinsights_sitenote_category":0,"jetpack_post_was_ever_published":false,"_jetpack_newsletter_access":"","_jetpack_dont_email_post_to_subs":false,"_jetpack_newsletter_tier_id":0,"_jetpack_memberships_contains_paywalled_content":false,"_jetpack_memberships_contains_paid_content":false,"footnotes":"","jetpack_publicize_message":"","jetpack_publicize_feature_enabled":true,"jetpack_social_post_already_shared":false,"jetpack_social_options":{"image_generator_settings":{"template":"highway","default_image_id":0,"font":"","enabled":false},"version":2},"_wpas_customize_per_network":false},"categories":[8],"tags":[244],"class_list":["post-991","post","type-post","status-publish","format-standard","hentry","category-sociedad","tag-municipio-2","generate-columns","tablet-grid-50","mobile-grid-100","grid-parent","grid-50"],"jetpack_publicize_connections":[],"jetpack_featured_media_url":"","wps_subtitle":"","jetpack_sharing_enabled":true,"_links":{"self":[{"href":"https:\/\/www.hoymercedes.com.ar\/principal\/wp-json\/wp\/v2\/posts\/991","targetHints":{"allow":["GET"]}}],"collection":[{"href":"https:\/\/www.hoymercedes.com.ar\/principal\/wp-json\/wp\/v2\/posts"}],"about":[{"href":"https:\/\/www.hoymercedes.com.ar\/principal\/wp-json\/wp\/v2\/types\/post"}],"author":[{"embeddable":true,"href":"https:\/\/www.hoymercedes.com.ar\/principal\/wp-json\/wp\/v2\/users\/1"}],"replies":[{"embeddable":true,"href":"https:\/\/www.hoymercedes.com.ar\/principal\/wp-json\/wp\/v2\/comments?post=991"}],"version-history":[{"count":0,"href":"https:\/\/www.hoymercedes.com.ar\/principal\/wp-json\/wp\/v2\/posts\/991\/revisions"}],"wp:attachment":[{"href":"https:\/\/www.hoymercedes.com.ar\/principal\/wp-json\/wp\/v2\/media?parent=991"}],"wp:term":[{"taxonomy":"category","embeddable":true,"href":"https:\/\/www.hoymercedes.com.ar\/principal\/wp-json\/wp\/v2\/categories?post=991"},{"taxonomy":"post_tag","embeddable":true,"href":"https:\/\/www.hoymercedes.com.ar\/principal\/wp-json\/wp\/v2\/tags?post=991"}],"curies":[{"name":"wp","href":"https:\/\/api.w.org\/{rel}","templated":true}]}}