{"id":99120,"date":"2019-08-30T21:04:53","date_gmt":"2019-08-31T00:04:53","guid":{"rendered":"http:\/\/www.hoymercedes.com.ar\/principal\/?p=99120"},"modified":"2019-09-03T19:26:34","modified_gmt":"2019-09-03T22:26:34","slug":"la-fifa-y-afa-reconocio-la-labor-solidaria-de-all-boys","status":"publish","type":"post","link":"https:\/\/www.hoymercedes.com.ar\/principal\/2019\/08\/30\/la-fifa-y-afa-reconocio-la-labor-solidaria-de-all-boys\/","title":{"rendered":"La FIFA y AFA reconocieron la labor solidaria de All Boys"},"content":{"rendered":"\n<p>El jefe de Responsabilidad Social Corporativa de la FIFA  Federico Addiechi,   se reuni\u00f3 en el predio que en Ezeiza tiene la AFA, con el dirigente deportivo Omar \u00abPelusa\u00bb Gonz\u00e1lez y la Selecci\u00f3n Argentina de Amputados.<\/p>\n\n\n\n<figure class=\"wp-block-image\"><img loading=\"lazy\" decoding=\"async\" width=\"800\" height=\"533\" data-attachment-id=\"99122\" data-permalink=\"https:\/\/www.hoymercedes.com.ar\/principal\/2019\/08\/30\/la-fifa-y-afa-reconocio-la-labor-solidaria-de-all-boys\/30-allboys-fifa-1\/#main\" data-orig-file=\"https:\/\/www.hoymercedes.com.ar\/principal\/wp-content\/uploads\/2019\/08\/30-allboys-fifa-1.jpg\" data-orig-size=\"800,533\" data-comments-opened=\"0\" data-image-meta=\"{&quot;aperture&quot;:&quot;0&quot;,&quot;credit&quot;:&quot;&quot;,&quot;camera&quot;:&quot;&quot;,&quot;caption&quot;:&quot;&quot;,&quot;created_timestamp&quot;:&quot;0&quot;,&quot;copyright&quot;:&quot;&quot;,&quot;focal_length&quot;:&quot;0&quot;,&quot;iso&quot;:&quot;0&quot;,&quot;shutter_speed&quot;:&quot;0&quot;,&quot;title&quot;:&quot;&quot;,&quot;orientation&quot;:&quot;0&quot;}\" data-image-title=\"30 allboys fifa 1\" data-image-description=\"\" data-image-caption=\"\" data-large-file=\"https:\/\/www.hoymercedes.com.ar\/principal\/wp-content\/uploads\/2019\/08\/30-allboys-fifa-1.jpg\" src=\"https:\/\/www.hoymercedes.com.ar\/principal\/wp-content\/uploads\/2019\/08\/30-allboys-fifa-1.jpg\" alt=\"\" class=\"wp-image-99122\" srcset=\"https:\/\/www.hoymercedes.com.ar\/principal\/wp-content\/uploads\/2019\/08\/30-allboys-fifa-1.jpg 800w, https:\/\/www.hoymercedes.com.ar\/principal\/wp-content\/uploads\/2019\/08\/30-allboys-fifa-1-150x100.jpg 150w, https:\/\/www.hoymercedes.com.ar\/principal\/wp-content\/uploads\/2019\/08\/30-allboys-fifa-1-630x420.jpg 630w, https:\/\/www.hoymercedes.com.ar\/principal\/wp-content\/uploads\/2019\/08\/30-allboys-fifa-1-720x480.jpg 720w, https:\/\/www.hoymercedes.com.ar\/principal\/wp-content\/uploads\/2019\/08\/30-allboys-fifa-1-360x240.jpg 360w\" sizes=\"auto, (max-width: 800px) 100vw, 800px\" \/><\/figure>\n\n\n\n<p>El\ntiempo realizando actividades de ayuda, que lleva al frente de All Boys\nSolidario y la b\u00fasqueda permanente de hermanar a los clubes y a los simpatizantes\ndel f\u00fatbol, hace que en la pr\u00e1ctica sea coordinador de iniciativas para todos\nlos clubes de todas las divisiones. <\/p>\n\n\n\n<p>Un fuerte\nrespaldo se produjo del director de FIFA Sustentable, a la labor del mercedino\nOmar \u201cPelusa\u201d Gonz\u00e1lez, entre el pasado s\u00e1bado, en ocasi\u00f3n de una tarea\nejemplar para conmemorar el D\u00eda de la Ni\u00f1ez.<\/p>\n\n\n\n<p>Omar\n\u201cPelusa\u201d Gonz\u00e1lez se reuni\u00f3n con el propio Federico Addiechi, jefe de\nResponsabilidad Social Corporativa de la FIFA y que maneja desde Suiza un\npresupuesto anual cercano a los 10 millones de d\u00f3lares, para intervenir en todo\nlo que sucede desde lo social y ambiental.<\/p>\n\n\n\n<p>El\nencuentro se produjo en el predio que en Ezeiza tiene la Asociaci\u00f3n del F\u00fatbol Argentino\n\u00a1presentados por el titular de AFA Claudio \u201cChiqui\u201d Tapia!<\/p>\n\n\n\n<p>Argentino, oriundo de Mar del Plata y surgido del v\u00f3leibol, Federico Addiechi est\u00e1 al mando del departamento de Responsabilidad Social Corporativa (RSC) de la FIFA, que \u00e9l mismo ayud\u00f3 a crear desde el 2005. <\/p>\n\n\n\n<figure class=\"wp-block-image\"><img loading=\"lazy\" decoding=\"async\" width=\"704\" height=\"470\" data-attachment-id=\"99121\" data-permalink=\"https:\/\/www.hoymercedes.com.ar\/principal\/2019\/08\/30\/la-fifa-y-afa-reconocio-la-labor-solidaria-de-all-boys\/30-allboys-afa-1\/#main\" data-orig-file=\"https:\/\/www.hoymercedes.com.ar\/principal\/wp-content\/uploads\/2019\/08\/30-allboys-afa-1.jpg\" data-orig-size=\"704,470\" data-comments-opened=\"0\" data-image-meta=\"{&quot;aperture&quot;:&quot;0&quot;,&quot;credit&quot;:&quot;&quot;,&quot;camera&quot;:&quot;&quot;,&quot;caption&quot;:&quot;&quot;,&quot;created_timestamp&quot;:&quot;0&quot;,&quot;copyright&quot;:&quot;&quot;,&quot;focal_length&quot;:&quot;0&quot;,&quot;iso&quot;:&quot;0&quot;,&quot;shutter_speed&quot;:&quot;0&quot;,&quot;title&quot;:&quot;&quot;,&quot;orientation&quot;:&quot;0&quot;}\" data-image-title=\"30 allboys afa 1\" data-image-description=\"\" data-image-caption=\"\" data-large-file=\"https:\/\/www.hoymercedes.com.ar\/principal\/wp-content\/uploads\/2019\/08\/30-allboys-afa-1.jpg\" src=\"https:\/\/www.hoymercedes.com.ar\/principal\/wp-content\/uploads\/2019\/08\/30-allboys-afa-1.jpg\" alt=\"\" class=\"wp-image-99121\" srcset=\"https:\/\/www.hoymercedes.com.ar\/principal\/wp-content\/uploads\/2019\/08\/30-allboys-afa-1.jpg 704w, https:\/\/www.hoymercedes.com.ar\/principal\/wp-content\/uploads\/2019\/08\/30-allboys-afa-1-150x100.jpg 150w, https:\/\/www.hoymercedes.com.ar\/principal\/wp-content\/uploads\/2019\/08\/30-allboys-afa-1-630x421.jpg 630w, https:\/\/www.hoymercedes.com.ar\/principal\/wp-content\/uploads\/2019\/08\/30-allboys-afa-1-360x240.jpg 360w\" sizes=\"auto, (max-width: 704px) 100vw, 704px\" \/><\/figure>\n\n\n\n<p>FIFA\nse convirti\u00f3 as\u00ed en la primera federaci\u00f3n internacional deportiva en crear un\ndepartamento de RSC, luego del llamado de Naciones Unidas al mundo del deporte\npara que contribuyera a alcanzar los Objetivos del Milenio. Para ese entonces\nla FIFA ten\u00eda establecidas cooperaciones con agencias de Naciones Unidas y\nONGs, pero manejaba un enfoque m\u00e1s bien reactivo, atendiendo solo pedidos de\nayuda.<\/p>\n\n\n\n<p>\u201cEse\nllamado de las Naciones Unidas nos impuls\u00f3 a empezar a tratar el tema de la\nresponsabilidad social de manera distinta. Empezamos a analizar si nuestro rol\ncomo federaci\u00f3n internacional deportiva no deber\u00eda ser diferente, sobre todo\nmanejando el deporte m\u00e1s popular del mundo y contando con los recursos\nsustanciales que tiene la FIFA y el poder de convocatoria del f\u00fatbol\u201d, record\u00f3 <\/p>\n\n\n\n<p>Addiechi.<\/p>\n\n\n\n<p>Desde\nla sede de la FIFA en Suiza es donde se cre\u00f3 el departamente de RSC, adem\u00e1s del\nComit\u00e9 de Fair Play y Responsabilidad Social, que es el brazo pol\u00edtico para la\ngesti\u00f3n del \u00e1rea. <\/p>\n\n\n\n<p>Omar\nGonz\u00e1lez comparti\u00f3 la experiencia con Mat\u00edas Marchesini y su hijo Juan\nMarchesini, quien pudo interactuar en las actividades con los ni\u00f1os en su d\u00eda y\nla Selecci\u00f3n Argentina de Futbolistas Amputados, en la que ataja el mercedino\nDami\u00e1n Defelippe. <\/p>\n\n\n\n<p>Pr\u00e1cticamente\ncoordinado por Omar \u201cPelusa\u201d Gonz\u00e1lez, AFA Social reuni\u00f3 ese d\u00eda a m\u00e1s de mil\nquinientos (1500) chicos y chicas que disfrutaron de la jornada especial por el\nD\u00eda de la Ni\u00f1ez, actividad que recibi\u00f3 los mayores elogios de parte de presidente\nde FIFA Social, Federico Diddiech y del titular de AFA, Claudio Tapia.<\/p>\n","protected":false},"excerpt":{"rendered":"<p>El jefe de Responsabilidad Social Corporativa de la FIFA Federico Addiechi, se reuni\u00f3 en el predio que en Ezeiza tiene &#8230; <a title=\"La FIFA y AFA reconocieron la labor solidaria de All Boys\" class=\"read-more\" href=\"https:\/\/www.hoymercedes.com.ar\/principal\/2019\/08\/30\/la-fifa-y-afa-reconocio-la-labor-solidaria-de-all-boys\/\" aria-label=\"Leer m\u00e1s sobre La FIFA y AFA reconocieron la labor solidaria de All Boys\">Leer m\u00e1s<\/a><\/p>\n","protected":false},"author":1,"featured_media":99122,"comment_status":"closed","ping_status":"open","sticky":false,"template":"","format":"standard","meta":{"_monsterinsights_skip_tracking":false,"_monsterinsights_sitenote_active":false,"_monsterinsights_sitenote_note":"","_monsterinsights_sitenote_category":0,"jetpack_post_was_ever_published":false,"_jetpack_newsletter_access":"","_jetpack_dont_email_post_to_subs":false,"_jetpack_newsletter_tier_id":0,"_jetpack_memberships_contains_paywalled_content":false,"_jetpack_memberships_contains_paid_content":false,"footnotes":"","jetpack_publicize_message":"","jetpack_publicize_feature_enabled":true,"jetpack_social_post_already_shared":true,"jetpack_social_options":{"image_generator_settings":{"template":"highway","default_image_id":0,"font":"","enabled":false},"version":2},"_wpas_customize_per_network":false},"categories":[21],"tags":[15711,204,3361],"class_list":["post-99120","post","type-post","status-publish","format-standard","has-post-thumbnail","hentry","category-deportes","tag-alla-boys","tag-deportes-2","tag-solidaridad","generate-columns","tablet-grid-50","mobile-grid-100","grid-parent","grid-50"],"jetpack_publicize_connections":[],"jetpack_featured_media_url":"https:\/\/www.hoymercedes.com.ar\/principal\/wp-content\/uploads\/2019\/08\/30-allboys-fifa-1.jpg","wps_subtitle":"","jetpack_sharing_enabled":true,"_links":{"self":[{"href":"https:\/\/www.hoymercedes.com.ar\/principal\/wp-json\/wp\/v2\/posts\/99120","targetHints":{"allow":["GET"]}}],"collection":[{"href":"https:\/\/www.hoymercedes.com.ar\/principal\/wp-json\/wp\/v2\/posts"}],"about":[{"href":"https:\/\/www.hoymercedes.com.ar\/principal\/wp-json\/wp\/v2\/types\/post"}],"author":[{"embeddable":true,"href":"https:\/\/www.hoymercedes.com.ar\/principal\/wp-json\/wp\/v2\/users\/1"}],"replies":[{"embeddable":true,"href":"https:\/\/www.hoymercedes.com.ar\/principal\/wp-json\/wp\/v2\/comments?post=99120"}],"version-history":[{"count":0,"href":"https:\/\/www.hoymercedes.com.ar\/principal\/wp-json\/wp\/v2\/posts\/99120\/revisions"}],"wp:featuredmedia":[{"embeddable":true,"href":"https:\/\/www.hoymercedes.com.ar\/principal\/wp-json\/wp\/v2\/media\/99122"}],"wp:attachment":[{"href":"https:\/\/www.hoymercedes.com.ar\/principal\/wp-json\/wp\/v2\/media?parent=99120"}],"wp:term":[{"taxonomy":"category","embeddable":true,"href":"https:\/\/www.hoymercedes.com.ar\/principal\/wp-json\/wp\/v2\/categories?post=99120"},{"taxonomy":"post_tag","embeddable":true,"href":"https:\/\/www.hoymercedes.com.ar\/principal\/wp-json\/wp\/v2\/tags?post=99120"}],"curies":[{"name":"wp","href":"https:\/\/api.w.org\/{rel}","templated":true}]}}