{"id":99141,"date":"2019-08-31T09:26:18","date_gmt":"2019-08-31T12:26:18","guid":{"rendered":"http:\/\/www.hoymercedes.com.ar\/principal\/?p=99141"},"modified":"2019-08-30T19:33:43","modified_gmt":"2019-08-30T22:33:43","slug":"cueto-y-lalla-seran-dos-mundos-en-abogados","status":"publish","type":"post","link":"https:\/\/www.hoymercedes.com.ar\/principal\/2019\/08\/31\/cueto-y-lalla-seran-dos-mundos-en-abogados\/","title":{"rendered":"Cueto y Lalla ser\u00e1n Dos Mundos en Abogados"},"content":{"rendered":"\n<p>A modo de anticipo, el Colegio de Abogados del Departamento Judicial Mercedes anunci\u00f3 que los artistas pl\u00e1sticos Marcela Cueto y C\u00e9sar Lalla inaugurar\u00e1n una muestra conjunta el viernes 13 de septiembre.  Los artistas locales son ganadores de los Grandes Premios de los salones de pinturas del Colegio y por eso fueron convocados. <\/p>\n\n\n\n<figure class=\"wp-block-image\"><img loading=\"lazy\" decoding=\"async\" width=\"750\" height=\"500\" data-attachment-id=\"99142\" data-permalink=\"https:\/\/www.hoymercedes.com.ar\/principal\/2019\/08\/31\/cueto-y-lalla-seran-dos-mundos-en-abogados\/31-cueto-lalla\/#main\" data-orig-file=\"https:\/\/www.hoymercedes.com.ar\/principal\/wp-content\/uploads\/2019\/08\/31-cueto-lalla.jpg\" data-orig-size=\"750,500\" data-comments-opened=\"0\" data-image-meta=\"{&quot;aperture&quot;:&quot;4&quot;,&quot;credit&quot;:&quot;Juana Lalla&quot;,&quot;camera&quot;:&quot;Canon EOS REBEL T2i&quot;,&quot;caption&quot;:&quot;&quot;,&quot;created_timestamp&quot;:&quot;1565200632&quot;,&quot;copyright&quot;:&quot;&quot;,&quot;focal_length&quot;:&quot;22&quot;,&quot;iso&quot;:&quot;1250&quot;,&quot;shutter_speed&quot;:&quot;0.011111111111111&quot;,&quot;title&quot;:&quot;&quot;,&quot;orientation&quot;:&quot;1&quot;}\" data-image-title=\"31 cueto lalla\" data-image-description=\"\" data-image-caption=\"\" data-large-file=\"https:\/\/www.hoymercedes.com.ar\/principal\/wp-content\/uploads\/2019\/08\/31-cueto-lalla.jpg\" src=\"https:\/\/www.hoymercedes.com.ar\/principal\/wp-content\/uploads\/2019\/08\/31-cueto-lalla.jpg\" alt=\"\" class=\"wp-image-99142\" srcset=\"https:\/\/www.hoymercedes.com.ar\/principal\/wp-content\/uploads\/2019\/08\/31-cueto-lalla.jpg 750w, https:\/\/www.hoymercedes.com.ar\/principal\/wp-content\/uploads\/2019\/08\/31-cueto-lalla-150x100.jpg 150w, https:\/\/www.hoymercedes.com.ar\/principal\/wp-content\/uploads\/2019\/08\/31-cueto-lalla-630x420.jpg 630w, https:\/\/www.hoymercedes.com.ar\/principal\/wp-content\/uploads\/2019\/08\/31-cueto-lalla-720x480.jpg 720w, https:\/\/www.hoymercedes.com.ar\/principal\/wp-content\/uploads\/2019\/08\/31-cueto-lalla-360x240.jpg 360w\" sizes=\"auto, (max-width: 750px) 100vw, 750px\" \/><\/figure>\n\n\n\n<p>A partir de la hora 20, del d\u00eda 13 del mes que est\u00e1 pronto a iniciar se har\u00e1 la inauguraci\u00f3n en el Sal\u00f3n de Actos del primer piso del edificio de 29 y 24, mientras que en el segundo piso se presentar\u00e1n los cuadros que estar\u00e1n disponibles para la visita del p\u00fablico desde el 16 al 20 de septiembre, entre las 8:30 y las 13 horas. <\/p>\n","protected":false},"excerpt":{"rendered":"<p>A modo de anticipo, el Colegio de Abogados del Departamento Judicial Mercedes anunci\u00f3 que los artistas pl\u00e1sticos Marcela Cueto y &#8230; <a title=\"Cueto y Lalla ser\u00e1n Dos Mundos en Abogados\" class=\"read-more\" href=\"https:\/\/www.hoymercedes.com.ar\/principal\/2019\/08\/31\/cueto-y-lalla-seran-dos-mundos-en-abogados\/\" aria-label=\"Leer m\u00e1s sobre Cueto y Lalla ser\u00e1n Dos Mundos en Abogados\">Leer m\u00e1s<\/a><\/p>\n","protected":false},"author":1,"featured_media":99142,"comment_status":"closed","ping_status":"open","sticky":false,"template":"","format":"standard","meta":{"_monsterinsights_skip_tracking":false,"_monsterinsights_sitenote_active":false,"_monsterinsights_sitenote_note":"","_monsterinsights_sitenote_category":0,"jetpack_post_was_ever_published":false,"_jetpack_newsletter_access":"","_jetpack_dont_email_post_to_subs":false,"_jetpack_newsletter_tier_id":0,"_jetpack_memberships_contains_paywalled_content":false,"_jetpack_memberships_contains_paid_content":false,"footnotes":"","jetpack_publicize_message":"","jetpack_publicize_feature_enabled":true,"jetpack_social_post_already_shared":true,"jetpack_social_options":{"image_generator_settings":{"template":"highway","default_image_id":0,"font":"","enabled":false},"version":2},"_wpas_customize_per_network":false},"categories":[104],"tags":[928,7805,8715,9056],"class_list":["post-99141","post","type-post","status-publish","format-standard","has-post-thumbnail","hentry","category-cultura","tag-colegio-de-abogados","tag-cultura","tag-muestra","tag-pintura","generate-columns","tablet-grid-50","mobile-grid-100","grid-parent","grid-50"],"jetpack_publicize_connections":[],"jetpack_featured_media_url":"https:\/\/www.hoymercedes.com.ar\/principal\/wp-content\/uploads\/2019\/08\/31-cueto-lalla.jpg","wps_subtitle":"Anticipo","jetpack_sharing_enabled":true,"_links":{"self":[{"href":"https:\/\/www.hoymercedes.com.ar\/principal\/wp-json\/wp\/v2\/posts\/99141","targetHints":{"allow":["GET"]}}],"collection":[{"href":"https:\/\/www.hoymercedes.com.ar\/principal\/wp-json\/wp\/v2\/posts"}],"about":[{"href":"https:\/\/www.hoymercedes.com.ar\/principal\/wp-json\/wp\/v2\/types\/post"}],"author":[{"embeddable":true,"href":"https:\/\/www.hoymercedes.com.ar\/principal\/wp-json\/wp\/v2\/users\/1"}],"replies":[{"embeddable":true,"href":"https:\/\/www.hoymercedes.com.ar\/principal\/wp-json\/wp\/v2\/comments?post=99141"}],"version-history":[{"count":0,"href":"https:\/\/www.hoymercedes.com.ar\/principal\/wp-json\/wp\/v2\/posts\/99141\/revisions"}],"wp:featuredmedia":[{"embeddable":true,"href":"https:\/\/www.hoymercedes.com.ar\/principal\/wp-json\/wp\/v2\/media\/99142"}],"wp:attachment":[{"href":"https:\/\/www.hoymercedes.com.ar\/principal\/wp-json\/wp\/v2\/media?parent=99141"}],"wp:term":[{"taxonomy":"category","embeddable":true,"href":"https:\/\/www.hoymercedes.com.ar\/principal\/wp-json\/wp\/v2\/categories?post=99141"},{"taxonomy":"post_tag","embeddable":true,"href":"https:\/\/www.hoymercedes.com.ar\/principal\/wp-json\/wp\/v2\/tags?post=99141"}],"curies":[{"name":"wp","href":"https:\/\/api.w.org\/{rel}","templated":true}]}}