{"id":99147,"date":"2019-08-31T12:07:59","date_gmt":"2019-08-31T15:07:59","guid":{"rendered":"http:\/\/www.hoymercedes.com.ar\/principal\/?p=99147"},"modified":"2019-09-02T21:22:37","modified_gmt":"2019-09-03T00:22:37","slug":"en-sesion-extraordinaria-aprobaron-proyecto-para-modificar-el-centro-comercial","status":"publish","type":"post","link":"https:\/\/www.hoymercedes.com.ar\/principal\/2019\/08\/31\/en-sesion-extraordinaria-aprobaron-proyecto-para-modificar-el-centro-comercial\/","title":{"rendered":"En sesi\u00f3n extraordinaria aprobaron proyecto para modificar el centro comercial"},"content":{"rendered":"\n<p><em>El jueves por la ma\u00f1ana los Concejales sesionaron para tratar como \u00fanico tema la \u201cjerarquizaci\u00f3n y puesta en valor del Centro Comercial\u201d. El proyecto hab\u00eda ingresado por fuera del orden del d\u00eda de la sesi\u00f3n del lunes, pero fue derivado a la Comisi\u00f3n de Patrimonio en donde se reunieron con el titular del \u00e1rea de Econom\u00eda. <\/em><\/p>\n\n\n\n<figure class=\"wp-block-image\"><img loading=\"lazy\" decoding=\"async\" width=\"800\" height=\"600\" data-attachment-id=\"99148\" data-permalink=\"https:\/\/www.hoymercedes.com.ar\/principal\/2019\/08\/31\/en-sesion-extraordinaria-aprobaron-proyecto-para-modificar-el-centro-comercial\/intervencioncalle25-3\/#main\" data-orig-file=\"https:\/\/www.hoymercedes.com.ar\/principal\/wp-content\/uploads\/2019\/08\/intervencioncalle25-3.jpg\" data-orig-size=\"800,600\" data-comments-opened=\"0\" data-image-meta=\"{&quot;aperture&quot;:&quot;2&quot;,&quot;credit&quot;:&quot;&quot;,&quot;camera&quot;:&quot;Moto G (5S) Plus&quot;,&quot;caption&quot;:&quot;&quot;,&quot;created_timestamp&quot;:&quot;1566905443&quot;,&quot;copyright&quot;:&quot;&quot;,&quot;focal_length&quot;:&quot;3.59&quot;,&quot;iso&quot;:&quot;2138&quot;,&quot;shutter_speed&quot;:&quot;0.0083333333333333&quot;,&quot;title&quot;:&quot;&quot;,&quot;orientation&quot;:&quot;1&quot;}\" data-image-title=\"intervencioncalle25 3\" data-image-description=\"\" data-image-caption=\"&lt;p&gt;El martes anterior se trabaj\u00f3 en la Comisi\u00f3n de Planeamiento&lt;\/p&gt;\n\" data-large-file=\"https:\/\/www.hoymercedes.com.ar\/principal\/wp-content\/uploads\/2019\/08\/intervencioncalle25-3.jpg\" src=\"https:\/\/www.hoymercedes.com.ar\/principal\/wp-content\/uploads\/2019\/08\/intervencioncalle25-3.jpg\" alt=\"\" class=\"wp-image-99148\" srcset=\"https:\/\/www.hoymercedes.com.ar\/principal\/wp-content\/uploads\/2019\/08\/intervencioncalle25-3.jpg 800w, https:\/\/www.hoymercedes.com.ar\/principal\/wp-content\/uploads\/2019\/08\/intervencioncalle25-3-150x113.jpg 150w, https:\/\/www.hoymercedes.com.ar\/principal\/wp-content\/uploads\/2019\/08\/intervencioncalle25-3-630x473.jpg 630w, https:\/\/www.hoymercedes.com.ar\/principal\/wp-content\/uploads\/2019\/08\/intervencioncalle25-3-320x240.jpg 320w, https:\/\/www.hoymercedes.com.ar\/principal\/wp-content\/uploads\/2019\/08\/intervencioncalle25-3-100x75.jpg 100w\" sizes=\"auto, (max-width: 800px) 100vw, 800px\" \/><figcaption>El martes anterior se trabaj\u00f3 en la Comisi\u00f3n de Planeamiento<\/figcaption><\/figure>\n\n\n\n<p>En la \u00faltima sesi\u00f3n\nordinaria del lunes \u00faltimo, los Concejales oficialistas solicitaron la\nconformaci\u00f3n del cuerpo legislativo en comisi\u00f3n para darle tratamiento al proyecto\nde ordenanza que tiene como objetivo modificar el centro comercial de Mercedes\ncon el ensanche de las esquinas, ocupaci\u00f3n de calzadas con canteros, ampliaci\u00f3n\nde veredas con la instalaci\u00f3n de plataformas decks, bancos y bicicleteros,\nentre otras cosas que fueron presentadas hace un par de meses en una confiter\u00eda\ndel centro ante los comerciantes. <\/p>\n\n\n\n<p>Sin embargo, los\nconcejales opositores se negaron a aprobar el proyecto ante algunas dudas que\nhab\u00edan surgido con los montos de la licitaci\u00f3n publicada los d\u00edas previos. De\nacuerdo a las explicaciones dadas, en las licitaciones publicadas no coincid\u00edan\nlos montos y en una de ellas, ni siquiera figuraba p\u00fablicamente los valores\nestablecidos. <\/p>\n\n\n\n<p>Eso determin\u00f3 que\nen horas de la ma\u00f1ana del d\u00eda martes, la Comisi\u00f3n de Planeamiento mantuviese\nuna reuni\u00f3n con el Secretario de Econom\u00eda Diego Men\u00e9ndez para analizar la\nlicitaci\u00f3n y ah\u00ed comprobar que hab\u00edan sido publicadas con errores. Entre ellos,\nel texto del t\u00edtulo hablaba de \u201clicitaci\u00f3n p\u00fablica\u201d y m\u00e1s abajo hablaba de\n\u201clicitaci\u00f3n privada\u201d, y en otro caso no se especificaba los montos de la\nlicitaci\u00f3n. Errores que fueron subsanados ese mismo d\u00eda y por lo tanto, deriv\u00f3\nen la convocatoria de una sesi\u00f3n extraordinaria para el d\u00eda jueves a la ma\u00f1ana.\nEn menos de cinco minutos el proyecto de ordenanza se aprob\u00f3. &nbsp;<\/p>\n\n\n\n<p><strong>Jerarquizaci\u00f3n\ny puesta en valor<\/strong><\/p>\n\n\n\n<p>La ordenanza aprobada el jueves por la ma\u00f1ana consta\nde cinco articulados. Se propone intervenir el espacio p\u00fablico del centro\ncomercial en tres cuadras de las calles 25 y 27, desde la 22 y hasta la 26 con\nel fin de \u201cgenerar un espacio p\u00fablico de calidad, mejorar la seguridad vial,\nfomentar la interacci\u00f3n social y disminuir la contaminaci\u00f3n visual\u201d. <\/p>\n\n\n\n<p>Estos objetivos se cumplir\u00edan disponiendo \u201cla ocupaci\u00f3n\nde la calzada, demarcaci\u00f3n y elevaci\u00f3n de veredas con ensanche de esquinas y\nsendas peatonales, m\u00e1s la instalaci\u00f3n de equipamiento urbano como plataformas\ndecks o parklets, bancos, bicicleteros, maceteros, etc.\u201d <\/p>\n\n\n\n<p>El proyecto de intervenci\u00f3n del centro\ncomercial fue presentado a finales del mes de junio pasado en el Club Del\nProgreso haciendo extensiva la invitaci\u00f3n a todos los comerciantes del centro\npara que conozcan en detalles la propuesta. <\/p>\n","protected":false},"excerpt":{"rendered":"<p>El jueves por la ma\u00f1ana los Concejales sesionaron para tratar como \u00fanico tema la \u201cjerarquizaci\u00f3n y puesta en valor del &#8230; <a title=\"En sesi\u00f3n extraordinaria aprobaron proyecto para modificar el centro comercial\" class=\"read-more\" href=\"https:\/\/www.hoymercedes.com.ar\/principal\/2019\/08\/31\/en-sesion-extraordinaria-aprobaron-proyecto-para-modificar-el-centro-comercial\/\" aria-label=\"Leer m\u00e1s sobre En sesi\u00f3n extraordinaria aprobaron proyecto para modificar el centro comercial\">Leer m\u00e1s<\/a><\/p>\n","protected":false},"author":1,"featured_media":99148,"comment_status":"closed","ping_status":"open","sticky":false,"template":"","format":"standard","meta":{"_monsterinsights_skip_tracking":false,"_monsterinsights_sitenote_active":false,"_monsterinsights_sitenote_note":"","_monsterinsights_sitenote_category":0,"jetpack_post_was_ever_published":false,"_jetpack_newsletter_access":"","_jetpack_dont_email_post_to_subs":false,"_jetpack_newsletter_tier_id":0,"_jetpack_memberships_contains_paywalled_content":false,"_jetpack_memberships_contains_paid_content":false,"footnotes":"","jetpack_publicize_message":"","jetpack_publicize_feature_enabled":true,"jetpack_social_post_already_shared":true,"jetpack_social_options":{"image_generator_settings":{"template":"highway","default_image_id":0,"font":"","enabled":false},"version":2},"_wpas_customize_per_network":false},"categories":[11],"tags":[15717,9653,8979],"class_list":["post-99147","post","type-post","status-publish","format-standard","has-post-thumbnail","hentry","category-ciudad","tag-modificacion-calle-25","tag-ordenanza","tag-sesion-hcd","generate-columns","tablet-grid-50","mobile-grid-100","grid-parent","grid-50"],"jetpack_publicize_connections":[],"jetpack_featured_media_url":"https:\/\/www.hoymercedes.com.ar\/principal\/wp-content\/uploads\/2019\/08\/intervencioncalle25-3.jpg","wps_subtitle":"Intervenci\u00f3n sobre calle 25 y 27","jetpack_sharing_enabled":true,"_links":{"self":[{"href":"https:\/\/www.hoymercedes.com.ar\/principal\/wp-json\/wp\/v2\/posts\/99147","targetHints":{"allow":["GET"]}}],"collection":[{"href":"https:\/\/www.hoymercedes.com.ar\/principal\/wp-json\/wp\/v2\/posts"}],"about":[{"href":"https:\/\/www.hoymercedes.com.ar\/principal\/wp-json\/wp\/v2\/types\/post"}],"author":[{"embeddable":true,"href":"https:\/\/www.hoymercedes.com.ar\/principal\/wp-json\/wp\/v2\/users\/1"}],"replies":[{"embeddable":true,"href":"https:\/\/www.hoymercedes.com.ar\/principal\/wp-json\/wp\/v2\/comments?post=99147"}],"version-history":[{"count":0,"href":"https:\/\/www.hoymercedes.com.ar\/principal\/wp-json\/wp\/v2\/posts\/99147\/revisions"}],"wp:featuredmedia":[{"embeddable":true,"href":"https:\/\/www.hoymercedes.com.ar\/principal\/wp-json\/wp\/v2\/media\/99148"}],"wp:attachment":[{"href":"https:\/\/www.hoymercedes.com.ar\/principal\/wp-json\/wp\/v2\/media?parent=99147"}],"wp:term":[{"taxonomy":"category","embeddable":true,"href":"https:\/\/www.hoymercedes.com.ar\/principal\/wp-json\/wp\/v2\/categories?post=99147"},{"taxonomy":"post_tag","embeddable":true,"href":"https:\/\/www.hoymercedes.com.ar\/principal\/wp-json\/wp\/v2\/tags?post=99147"}],"curies":[{"name":"wp","href":"https:\/\/api.w.org\/{rel}","templated":true}]}}