{"id":99158,"date":"2019-08-31T20:58:48","date_gmt":"2019-08-31T23:58:48","guid":{"rendered":"http:\/\/www.hoymercedes.com.ar\/principal\/?p=99158"},"modified":"2019-08-31T20:58:51","modified_gmt":"2019-08-31T23:58:51","slug":"grave-incendio-con-destruccion-total","status":"publish","type":"post","link":"https:\/\/www.hoymercedes.com.ar\/principal\/2019\/08\/31\/grave-incendio-con-destruccion-total\/","title":{"rendered":"Grave incendio con destrucci\u00f3n total"},"content":{"rendered":"\n<figure class=\"wp-block-image\"><img loading=\"lazy\" decoding=\"async\" width=\"1024\" height=\"768\" data-attachment-id=\"99159\" data-permalink=\"https:\/\/www.hoymercedes.com.ar\/principal\/2019\/08\/31\/grave-incendio-con-destruccion-total\/incendio31-08-2019-1\/#main\" data-orig-file=\"https:\/\/www.hoymercedes.com.ar\/principal\/wp-content\/uploads\/2019\/08\/Incendio31.08.2019.1.jpeg\" data-orig-size=\"1024,768\" data-comments-opened=\"0\" data-image-meta=\"{&quot;aperture&quot;:&quot;0&quot;,&quot;credit&quot;:&quot;&quot;,&quot;camera&quot;:&quot;&quot;,&quot;caption&quot;:&quot;&quot;,&quot;created_timestamp&quot;:&quot;0&quot;,&quot;copyright&quot;:&quot;&quot;,&quot;focal_length&quot;:&quot;0&quot;,&quot;iso&quot;:&quot;0&quot;,&quot;shutter_speed&quot;:&quot;0&quot;,&quot;title&quot;:&quot;&quot;,&quot;orientation&quot;:&quot;0&quot;}\" data-image-title=\"Incendio31.08.2019.1\" data-image-description=\"\" data-image-caption=\"\" data-large-file=\"https:\/\/www.hoymercedes.com.ar\/principal\/wp-content\/uploads\/2019\/08\/Incendio31.08.2019.1-1024x768.jpeg\" src=\"https:\/\/www.hoymercedes.com.ar\/principal\/wp-content\/uploads\/2019\/08\/Incendio31.08.2019.1-1024x768.jpeg\" alt=\"\" class=\"wp-image-99159\" srcset=\"https:\/\/www.hoymercedes.com.ar\/principal\/wp-content\/uploads\/2019\/08\/Incendio31.08.2019.1.jpeg 1024w, https:\/\/www.hoymercedes.com.ar\/principal\/wp-content\/uploads\/2019\/08\/Incendio31.08.2019.1-150x113.jpeg 150w, https:\/\/www.hoymercedes.com.ar\/principal\/wp-content\/uploads\/2019\/08\/Incendio31.08.2019.1-630x473.jpeg 630w, https:\/\/www.hoymercedes.com.ar\/principal\/wp-content\/uploads\/2019\/08\/Incendio31.08.2019.1-320x240.jpeg 320w, https:\/\/www.hoymercedes.com.ar\/principal\/wp-content\/uploads\/2019\/08\/Incendio31.08.2019.1-100x75.jpeg 100w\" sizes=\"auto, (max-width: 1024px) 100vw, 1024px\" \/><figcaption>Incencio y actuac\u00f3n de bomberos<\/figcaption><\/figure>\n\n\n\n<p>Un grave incendio se vivi\u00f3\ndurante la tarde de este s\u00e1bado en nuestra ciudad afectando la vivienda de una\nfamilia y generando p\u00e9rdidas totales. En el lugar actuaron los Bomberos Voluntarios,\nProtecci\u00f3n Civil, SAME y Desarrollo Social asistiendo tras el siniestro.<\/p>\n\n\n\n<figure class=\"wp-block-image\"><img loading=\"lazy\" decoding=\"async\" width=\"576\" height=\"1024\" data-attachment-id=\"99160\" data-permalink=\"https:\/\/www.hoymercedes.com.ar\/principal\/2019\/08\/31\/grave-incendio-con-destruccion-total\/incendio31-08-2019-3\/#main\" data-orig-file=\"https:\/\/www.hoymercedes.com.ar\/principal\/wp-content\/uploads\/2019\/08\/Incendio31.08.2019.3.jpeg\" data-orig-size=\"720,1280\" data-comments-opened=\"0\" data-image-meta=\"{&quot;aperture&quot;:&quot;0&quot;,&quot;credit&quot;:&quot;&quot;,&quot;camera&quot;:&quot;&quot;,&quot;caption&quot;:&quot;&quot;,&quot;created_timestamp&quot;:&quot;0&quot;,&quot;copyright&quot;:&quot;&quot;,&quot;focal_length&quot;:&quot;0&quot;,&quot;iso&quot;:&quot;0&quot;,&quot;shutter_speed&quot;:&quot;0&quot;,&quot;title&quot;:&quot;&quot;,&quot;orientation&quot;:&quot;0&quot;}\" data-image-title=\"Incendio31.08.2019.3\" data-image-description=\"\" data-image-caption=\"\" data-large-file=\"https:\/\/www.hoymercedes.com.ar\/principal\/wp-content\/uploads\/2019\/08\/Incendio31.08.2019.3-576x1024.jpeg\" src=\"https:\/\/www.hoymercedes.com.ar\/principal\/wp-content\/uploads\/2019\/08\/Incendio31.08.2019.3-576x1024.jpeg\" alt=\"\" class=\"wp-image-99160\" srcset=\"https:\/\/www.hoymercedes.com.ar\/principal\/wp-content\/uploads\/2019\/08\/Incendio31.08.2019.3-576x1024.jpeg 576w, https:\/\/www.hoymercedes.com.ar\/principal\/wp-content\/uploads\/2019\/08\/Incendio31.08.2019.3-84x150.jpeg 84w, https:\/\/www.hoymercedes.com.ar\/principal\/wp-content\/uploads\/2019\/08\/Incendio31.08.2019.3-349x620.jpeg 349w, https:\/\/www.hoymercedes.com.ar\/principal\/wp-content\/uploads\/2019\/08\/Incendio31.08.2019.3.jpeg 720w\" sizes=\"auto, (max-width: 576px) 100vw, 576px\" \/><figcaption>Destrucci\u00f3n total <\/figcaption><\/figure>\n\n\n\n<p>El hecho sucedi\u00f3 en calle 85\nentre 8 y 10 siendo afectada la familia Montenegro. <\/p>\n\n\n\n<p>No se saben los motivos por los\ncuales se inici\u00f3 el fuego, pero s\u00ed que result\u00f3 contundente.<\/p>\n\n\n\n<p>Desarrollo Social se encuentra asistiendo en estos momentos y luego se avanzar\u00e1 en t\u00e9rminos de infraestructura. Algunos vecinos, adem\u00e1s, solidariamente, por las redes sociales y desde el Whatss App han empezado a convocar donaciones dado la grave del asunto. <\/p>\n\n\n\n<p>Se supo, extra oficialmente, que dos personas debieron ser llevadas al hospital por inhalaci\u00f3n de humo. <\/p>\n","protected":false},"excerpt":{"rendered":"<p>Un grave incendio se vivi\u00f3 durante la tarde de este s\u00e1bado en nuestra ciudad afectando la vivienda de una familia &#8230; <a title=\"Grave incendio con destrucci\u00f3n total\" class=\"read-more\" href=\"https:\/\/www.hoymercedes.com.ar\/principal\/2019\/08\/31\/grave-incendio-con-destruccion-total\/\" aria-label=\"Leer m\u00e1s sobre Grave incendio con destrucci\u00f3n total\">Leer m\u00e1s<\/a><\/p>\n","protected":false},"author":1,"featured_media":99160,"comment_status":"closed","ping_status":"open","sticky":false,"template":"","format":"standard","meta":{"_monsterinsights_skip_tracking":false,"_monsterinsights_sitenote_active":false,"_monsterinsights_sitenote_note":"","_monsterinsights_sitenote_category":0,"jetpack_post_was_ever_published":false,"_jetpack_newsletter_access":"","_jetpack_dont_email_post_to_subs":false,"_jetpack_newsletter_tier_id":0,"_jetpack_memberships_contains_paywalled_content":false,"_jetpack_memberships_contains_paid_content":false,"footnotes":"","jetpack_publicize_message":"","jetpack_publicize_feature_enabled":true,"jetpack_social_post_already_shared":true,"jetpack_social_options":{"image_generator_settings":{"template":"highway","default_image_id":0,"font":"","enabled":false},"version":2},"_wpas_customize_per_network":false},"categories":[8],"tags":[870,286],"class_list":["post-99158","post","type-post","status-publish","format-standard","has-post-thumbnail","hentry","category-sociedad","tag-desarrollo-social","tag-incendio","generate-columns","tablet-grid-50","mobile-grid-100","grid-parent","grid-50"],"jetpack_publicize_connections":[],"jetpack_featured_media_url":"https:\/\/www.hoymercedes.com.ar\/principal\/wp-content\/uploads\/2019\/08\/Incendio31.08.2019.3.jpeg","wps_subtitle":"Incendio ","jetpack_sharing_enabled":true,"_links":{"self":[{"href":"https:\/\/www.hoymercedes.com.ar\/principal\/wp-json\/wp\/v2\/posts\/99158","targetHints":{"allow":["GET"]}}],"collection":[{"href":"https:\/\/www.hoymercedes.com.ar\/principal\/wp-json\/wp\/v2\/posts"}],"about":[{"href":"https:\/\/www.hoymercedes.com.ar\/principal\/wp-json\/wp\/v2\/types\/post"}],"author":[{"embeddable":true,"href":"https:\/\/www.hoymercedes.com.ar\/principal\/wp-json\/wp\/v2\/users\/1"}],"replies":[{"embeddable":true,"href":"https:\/\/www.hoymercedes.com.ar\/principal\/wp-json\/wp\/v2\/comments?post=99158"}],"version-history":[{"count":0,"href":"https:\/\/www.hoymercedes.com.ar\/principal\/wp-json\/wp\/v2\/posts\/99158\/revisions"}],"wp:featuredmedia":[{"embeddable":true,"href":"https:\/\/www.hoymercedes.com.ar\/principal\/wp-json\/wp\/v2\/media\/99160"}],"wp:attachment":[{"href":"https:\/\/www.hoymercedes.com.ar\/principal\/wp-json\/wp\/v2\/media?parent=99158"}],"wp:term":[{"taxonomy":"category","embeddable":true,"href":"https:\/\/www.hoymercedes.com.ar\/principal\/wp-json\/wp\/v2\/categories?post=99158"},{"taxonomy":"post_tag","embeddable":true,"href":"https:\/\/www.hoymercedes.com.ar\/principal\/wp-json\/wp\/v2\/tags?post=99158"}],"curies":[{"name":"wp","href":"https:\/\/api.w.org\/{rel}","templated":true}]}}