{"id":9919,"date":"2011-12-19T04:00:14","date_gmt":"2011-12-19T04:00:14","guid":{"rendered":"http:\/\/www.hoymercedes.com.ar\/principal\/?p=9919"},"modified":"2011-12-19T04:00:14","modified_gmt":"2011-12-19T04:00:14","slug":"el-2012-tendremos-un-nuevo-plan-de-seguridad-para-la-ciudad-de-mercedes","status":"publish","type":"post","link":"https:\/\/www.hoymercedes.com.ar\/principal\/2011\/12\/19\/el-2012-tendremos-un-nuevo-plan-de-seguridad-para-la-ciudad-de-mercedes\/","title":{"rendered":"El 2012 tendremos un nuevo Plan de Seguridad para la ciudad de Mercedes"},"content":{"rendered":"<p>El titular de la Estaci\u00f3n Comunal Mercedes de la Polic\u00eda de la Provincia de Buenos Aires, comisario Miguel Fabio Flores se refiri\u00f3 a la tarea que desde dicha repartici\u00f3n se efectu\u00f3 a lo largo del a\u00f1o que esta concluyendo<\/p>\n<p>Sostuvo <em>\u201ca grandes rasgos podemos decir que este 2011 ha sido un a\u00f1o de mucho trabajo, de mucha participaci\u00f3n de nuestro personal en diferentes actividades con la comunidad todas relacionadas con la seguridad de dichos sectores, sumando este a\u00f1o una significativa cantidad de veh\u00edculos que nos permiti\u00f3 poder llevar a cabo una tarea mucho m\u00e1s eficiente<\/em><\/p>\n<p><em>Creo que ha sido un a\u00f1o positivo porque afortunadamente los principales hechos graves en materia delictiva los hemos podido esclarecer y la mayor\u00eda delos autores ha quedado detenidos\u201d<\/em><\/p>\n<p>Al ser consultado sobre los proyectos para el 2012, el Comisario Flores manifest\u00f3 \u201cestamos trabajando para darle a la ciudad de Mercedes un Plan de Seguridad, para ello nos estaremos reuniendo con los responsables de la Direcci\u00f3n de Seguridad del Municipio y con los integrantes de la Secretar\u00eda de Control Urbano con quienes a diario trabajamos en conjunto y ya hemos delineado algunas medidas conjuntas que muy pronto vamos a dar a conocer a trav\u00e9s d la efectiva implementaci\u00f3n de las mismas disponiendo como presumo que nuevamente ocurrir\u00e1 con la totalidad del personal que no ser\u00e1 afectado a los operativos de control en rutas que hace la provincia de Buenos Aires en la temporada de vacaciones.<\/p>\n<p>A lo largo del \u00faltimo operativo que se llev\u00f3 a cabo, 2010\/2011, solo tuvimos que apoyar con dos efectivos que viajaban todos los d\u00edas hacia la ciudad de Navarro as\u00ed que espero en el que se est\u00e1 implementando pase lo mismo.<\/p>\n<p>Po ultimo quiero aprovechar esta oportunidad para hacer llegar a todos los vecinos de la ciudad un caluroso saludo con motivo de la celebraci\u00f3n de las tradicionales fiestas de Navidad y Fin de A\u00f1o\u201d.<\/p>\n","protected":false},"excerpt":{"rendered":"<p>El titular de la Estaci\u00f3n Comunal Mercedes de la Polic\u00eda de la Provincia de Buenos Aires, comisario Miguel Fabio Flores &#8230; <a title=\"El 2012 tendremos un nuevo Plan de Seguridad para la ciudad de Mercedes\" class=\"read-more\" href=\"https:\/\/www.hoymercedes.com.ar\/principal\/2011\/12\/19\/el-2012-tendremos-un-nuevo-plan-de-seguridad-para-la-ciudad-de-mercedes\/\" aria-label=\"Leer m\u00e1s sobre El 2012 tendremos un nuevo Plan de Seguridad para la ciudad de Mercedes\">Leer m\u00e1s<\/a><\/p>\n","protected":false},"author":1,"featured_media":0,"comment_status":"open","ping_status":"open","sticky":false,"template":"","format":"standard","meta":{"_monsterinsights_skip_tracking":false,"_monsterinsights_sitenote_active":false,"_monsterinsights_sitenote_note":"","_monsterinsights_sitenote_category":0,"jetpack_post_was_ever_published":false,"_jetpack_newsletter_access":"","_jetpack_dont_email_post_to_subs":false,"_jetpack_newsletter_tier_id":0,"_jetpack_memberships_contains_paywalled_content":false,"_jetpack_memberships_contains_paid_content":false,"footnotes":"","jetpack_publicize_message":"","jetpack_publicize_feature_enabled":true,"jetpack_social_post_already_shared":false,"jetpack_social_options":{"image_generator_settings":{"template":"highway","default_image_id":0,"font":"","enabled":false},"version":2},"_wpas_customize_per_network":false},"categories":[8],"tags":[864],"class_list":["post-9919","post","type-post","status-publish","format-standard","hentry","category-sociedad","tag-seguridad-mercedes","generate-columns","tablet-grid-50","mobile-grid-100","grid-parent","grid-50"],"jetpack_publicize_connections":[],"jetpack_featured_media_url":"","wps_subtitle":"","jetpack_sharing_enabled":true,"_links":{"self":[{"href":"https:\/\/www.hoymercedes.com.ar\/principal\/wp-json\/wp\/v2\/posts\/9919","targetHints":{"allow":["GET"]}}],"collection":[{"href":"https:\/\/www.hoymercedes.com.ar\/principal\/wp-json\/wp\/v2\/posts"}],"about":[{"href":"https:\/\/www.hoymercedes.com.ar\/principal\/wp-json\/wp\/v2\/types\/post"}],"author":[{"embeddable":true,"href":"https:\/\/www.hoymercedes.com.ar\/principal\/wp-json\/wp\/v2\/users\/1"}],"replies":[{"embeddable":true,"href":"https:\/\/www.hoymercedes.com.ar\/principal\/wp-json\/wp\/v2\/comments?post=9919"}],"version-history":[{"count":0,"href":"https:\/\/www.hoymercedes.com.ar\/principal\/wp-json\/wp\/v2\/posts\/9919\/revisions"}],"wp:attachment":[{"href":"https:\/\/www.hoymercedes.com.ar\/principal\/wp-json\/wp\/v2\/media?parent=9919"}],"wp:term":[{"taxonomy":"category","embeddable":true,"href":"https:\/\/www.hoymercedes.com.ar\/principal\/wp-json\/wp\/v2\/categories?post=9919"},{"taxonomy":"post_tag","embeddable":true,"href":"https:\/\/www.hoymercedes.com.ar\/principal\/wp-json\/wp\/v2\/tags?post=9919"}],"curies":[{"name":"wp","href":"https:\/\/api.w.org\/{rel}","templated":true}]}}